{"id":551029,"date":"2025-11-22T09:45:32","date_gmt":"2025-11-22T09:45:32","guid":{"rendered":"https:\/\/www.europesays.com\/fr\/551029\/"},"modified":"2025-11-22T09:45:32","modified_gmt":"2025-11-22T09:45:32","slug":"dave-bautista-defend-lun-de-ses-pires-films-injustement-deteste-par-tout-le-monde-selon-lui","status":"publish","type":"post","link":"https:\/\/www.europesays.com\/fr\/551029\/","title":{"rendered":"Dave Bautista d\u00e9fend l&rsquo;un de ses pires films, injustement d\u00e9test\u00e9 par tout le monde selon lui"},"content":{"rendered":"<p><strong><a href=\"https:\/\/www.ecranlarge.com\/personnalite\/765107-dave-bautista\" data-type=\"people\" data-id=\"404552\" rel=\"nofollow noopener\" target=\"_blank\">Dave Bautista<\/a> pense que l\u2019un de ses pires films est injustement critiqu\u00e9, et que son r\u00e9alisateur l\u2019a sauv\u00e9 d\u2019une vraie catastrophe.<\/strong><\/p>\n<p>Chaque jour qui passe, <strong>la carri\u00e8re de Dave Bautista est un peu plus \u00e9trange.<\/strong> Imp\u00e9rial dans son r\u00f4le de Drax dans <strong><a href=\"https:\/\/www.ecranlarge.com\/films\/864079-gardiens-de-la-galaxie-les\" data-type=\"films\" data-id=\"679306\" rel=\"nofollow noopener\" target=\"_blank\">Les Gardiens de la Galaxie<\/a><\/strong>, touchant dans sa courte interpr\u00e9tation au d\u00e9but de <strong><a href=\"https:\/\/www.ecranlarge.com\/films\/933712-blade-runner-2049\" data-type=\"films\" data-id=\"906881\" rel=\"nofollow noopener\" target=\"_blank\">Blade Runner 2049<\/a><\/strong>, flippant dans le premier <strong><a href=\"https:\/\/www.ecranlarge.com\/films\/983105-dune\" data-type=\"films\" data-id=\"685900\" rel=\"nofollow noopener\" target=\"_blank\">Dune<\/a><\/strong>\u2026 L\u2019ancien catcheur a prouv\u00e9 \u00e0 maintes reprises qu\u2019il avait le talent n\u00e9cessaire pour faire son trou chez les grands cin\u00e9astes d\u2019Hollywood, de Denis Villeneuve \u00e0 M. Night Shyamalan.<\/p>\n<p>                    <img decoding=\"async\" alt=\"\" class=\"wp-image-518375\" style=\"object-fit:cover;width:25px;height:25px\" src=\"https:\/\/www.ecranlarge.com\/content\/uploads\/2023\/09\/arrow-right-circle.svg\"\/><\/p>\n<p>Et pourtant, <strong>il encha\u00eene les com\u00e9dies d\u2019action rarement inspir\u00e9es<\/strong> (\u00e0 l\u2019exception de son tr\u00e8s dr\u00f4le cam\u00e9o dans <strong>Y\u2019a-t-il un flic pour sauver le monde ?<\/strong>). Bient\u00f4t \u00e0 l\u2019affiche de la suite de <a href=\"https:\/\/www.ecranlarge.com\/films\/critique\/1505894-road-house-critique-jake-gyllenhaal-amazon\" data-type=\"link\" data-id=\"https:\/\/www.ecranlarge.com\/films\/critique\/1505894-road-house-critique-jake-gyllenhaal-amazon\" rel=\"nofollow noopener\" target=\"_blank\">l\u2019inutile <strong>Road House<\/strong><\/a>, il est soit tr\u00e8s mauvais pour choisir ses r\u00f4les, soit victime du manque d\u2019imagination des r\u00e9alisateurs et producteurs. C\u2019est peut-\u00eatre pour \u00e7a <a href=\"https:\/\/www.ecranlarge.com\/films\/news\/superman-dave-bautista-rejoindre-univers-dc-james-gunn\" rel=\"nofollow noopener\" target=\"_blank\">qu\u2019il fait du pied \u00e0 James Gunn pour rejoindre son univers DC<\/a> (dans lequel il aurait clairement sa place).<\/p>\n<p>En attendant, il se cantonne \u00e0 des films oubliables, pour le dire poliment, d\u2019<strong><a href=\"https:\/\/www.ecranlarge.com\/films\/1374159-army-of-thieves\" data-type=\"films\" data-id=\"690596\" rel=\"nofollow noopener\" target=\"_blank\">Army of Thieves<\/a><\/strong> \u00e0 <strong><a href=\"https:\/\/www.ecranlarge.com\/films\/1368386-in-the-lost-lands\" data-type=\"films\" data-id=\"690439\" rel=\"nofollow noopener\" target=\"_blank\">In the Lost Lands<\/a><\/strong> en passant par <strong>Mon espion 2 : Mission Italie<\/strong>. Malgr\u00e9 tout, le com\u00e9dien ne d\u00e9sesp\u00e8re pas et pense m\u00eame que certaines des \u0153uvres dans lesquelles il joue sont sous-estim\u00e9es. <\/p>\n<p><a href=\"https:\/\/www.ecranlarge.com\/content\/uploads\/2019\/07\/stuber-photo-dave-bautista-1091961.jpg\" rel=\"nofollow noopener\" target=\"_blank\"><img loading=\"lazy\" decoding=\"async\" alt=\"Stuber : photo, Dave Bautista\" class=\"wp-image-79436\" style=\"width:1024px;height:auto\" src=\"https:\/\/www.europesays.com\/fr\/wp-content\/uploads\/2025\/11\/stuber-photo-dave-bautista-1091961-630x420.jpg\" width=\"630\" height=\"420\"  \/><\/a>Avec une d\u00e9gaine pareille, \u00e7a ne pouvait qu\u2019\u00eatre horribleStuber naze<\/p>\n<p><strong>C\u2019est le cas de <a href=\"https:\/\/www.ecranlarge.com\/films\/1089114-stuber\" data-type=\"films\" data-id=\"688238\" rel=\"nofollow noopener\" target=\"_blank\">Stuber<\/a> de Michael Dowse, selon lui.<\/strong> Dans un entretien accord\u00e9 \u00e0 ScreenRant \u00e0 l\u2019occasion de la sortie de <strong>Trap House<\/strong> de Michael Dowse, Dave Bautista en a profit\u00e9 pour parler de sa pr\u00e9c\u00e9dente production avec le r\u00e9alisateur :<\/p>\n<blockquote class=\"wp-block-quote is-layout-flow wp-block-quote-is-layout-flow\">\n<p><strong>\u00ab\u00a0J\u2019ai fait un autre film, Stuber, avec lui, et je le dirai jusqu\u2019\u00e0 ma mort : c\u2019est un film sous-estim\u00e9. J\u2019en suis extr\u00eamement fier.<\/strong> <strong>Mais il nous a sauv\u00e9s. Il est arriv\u00e9 deux semaines avant le d\u00e9but du tournage parce qu\u2019on avait perdu notre r\u00e9alisateur. Je l\u2019ai appel\u00e9 personnellement et je lui ai dit qu\u2019on \u00e9tait dans une sacr\u00e9e gal\u00e8re, je lui ai demand\u00e9 de nous filer un coup de main. <\/strong><\/p>\n<p><strong>Et il s\u2019est pr\u00e9cipit\u00e9 pour nous aider, je crois qu\u2019il a pris son avion d\u00e8s le lendemain. Il s\u2019est impliqu\u00e9 d\u00e8s la pr\u00e9-production, il a relu le sc\u00e9nario, propos\u00e9 des changements et am\u00e9lior\u00e9 l\u2019ensemble.\u00a0\u00bb<\/strong><\/p>\n<\/blockquote>\n<p><img loading=\"lazy\" decoding=\"async\" width=\"1000\" height=\"538\" alt=\"stuber dave bautista\" src=\"https:\/\/www.europesays.com\/fr\/wp-content\/uploads\/2025\/11\/stuber-bautista.jpg\"  \/><\/p>\n<p>Le r\u00e9alisateur qui arrive sur le tournage<\/p>\n<p>L\u2019acteur en a profit\u00e9 pour inonder Michael Dowse de compliments, et on le comprend : le cin\u00e9aste leur a sauv\u00e9 les miches.<\/p>\n<blockquote class=\"wp-block-quote is-layout-flow wp-block-quote-is-layout-flow\">\n<p><strong>\u00ab\u00a0Michael Dowse est d\u2019un grand talent. C\u2019est un vrai boss ! Ce type a une vision tr\u00e8s claire : il sait ce qu\u2019il fait, il a de l\u2019exp\u00e9rience, et il a cette facult\u00e9 de \u00ab\u00a0monter\u00a0\u00bb le film dans sa t\u00eate au fur et \u00e0 mesure qu\u2019il tourne. Je veux lui accorder beaucoup de cr\u00e9dit et j\u2019ai vraiment envie de retravailler avec lui. Je l\u2019aime beaucoup en tant qu\u2019humain, et j\u2019ai un profond respect pour lui comme r\u00e9alisateur.\u00a0\u00bb<\/strong><\/p>\n<\/blockquote>\n<p>Beaucoup r\u00eaveraient d\u2019une telle bromance. Pour rappel, <strong>Stuber<\/strong>, c\u2019\u00e9tait un buddy movie dans lequel un inspecteur de police (Bautista) engageait un chauffeur Uber (Kumail Nanjiani) pour une nuit. Une sorte de <strong>Collateral<\/strong> version comique, en gros. Sauf <strong>qu\u2019il a \u00e9t\u00e9 tr\u00e8s mal re\u00e7u \u00e0 sa sortie en 2019<\/strong>, avec un score de 42\/100 sur Metacritic, et seulement 32 millions au box-office pour un budget estim\u00e9 \u00e0 18 millions. La France n\u2019a pas eu l\u2019honneur de l\u2019avoir, que ce soit au cin\u00e9ma ou en SVoD.<\/p>\n<p><a href=\"https:\/\/www.ecranlarge.com\/content\/uploads\/2025\/03\/20e550527141e63f1bd2bd9a2f13c3c2.webp\" rel=\"nofollow noopener\" target=\"_blank\"><img loading=\"lazy\" decoding=\"async\" alt=\"in the lost lands dave bautista\" class=\"wp-image-1295003\" src=\"https:\/\/www.europesays.com\/fr\/wp-content\/uploads\/2025\/11\/20e550527141e63f1bd2bd9a2f13c3c2-1260x709.webp.webp\" width=\"1260\" height=\"709\"  \/><\/a>Son grand r\u00f4le chez le grand Paul W.S. Anderson<\/p>\n<p>Quant \u00e0 <strong>Trap House<\/strong>, arriv\u00e9 le 14 novembre aux \u00c9tats-Unis, il est lui aussi d\u00e9mont\u00e9 par les critiques am\u00e9ricaines. Les spectateurs fran\u00e7ais devront attendre avant de se faire leur avis puisque l<strong>e film n\u2019a toujours pas de date de sortie officielle chez nous.<\/strong> Il arrivera probablement directement en VOD. De m\u00eame pour <strong>Afterburn<\/strong> de J. J. Perry qui n\u2019est pas encore programm\u00e9 en France (mais qui nous tente d\u00e9j\u00e0 plus).<\/p>\n","protected":false},"excerpt":{"rendered":"Dave Bautista pense que l\u2019un de ses pires films est injustement critiqu\u00e9, et que son r\u00e9alisateur l\u2019a sauv\u00e9&hellip;\n","protected":false},"author":2,"featured_media":551030,"comment_status":"","ping_status":"","sticky":false,"template":"","format":"standard","meta":{"footnotes":""},"categories":[1354],"tags":[58,59,1346,1011,27,1360],"class_list":{"0":"post-551029","1":"post","2":"type-post","3":"status-publish","4":"format-standard","5":"has-post-thumbnail","7":"category-films","8":"tag-divertissement","9":"tag-entertainment","10":"tag-films","11":"tag-fr","12":"tag-france","13":"tag-movies"},"share_on_mastodon":{"url":"https:\/\/pubeurope.com\/@fr\/115592714165335788","error":""},"_links":{"self":[{"href":"https:\/\/www.europesays.com\/fr\/wp-json\/wp\/v2\/posts\/551029","targetHints":{"allow":["GET"]}}],"collection":[{"href":"https:\/\/www.europesays.com\/fr\/wp-json\/wp\/v2\/posts"}],"about":[{"href":"https:\/\/www.europesays.com\/fr\/wp-json\/wp\/v2\/types\/post"}],"author":[{"embeddable":true,"href":"https:\/\/www.europesays.com\/fr\/wp-json\/wp\/v2\/users\/2"}],"replies":[{"embeddable":true,"href":"https:\/\/www.europesays.com\/fr\/wp-json\/wp\/v2\/comments?post=551029"}],"version-history":[{"count":0,"href":"https:\/\/www.europesays.com\/fr\/wp-json\/wp\/v2\/posts\/551029\/revisions"}],"wp:featuredmedia":[{"embeddable":true,"href":"https:\/\/www.europesays.com\/fr\/wp-json\/wp\/v2\/media\/551030"}],"wp:attachment":[{"href":"https:\/\/www.europesays.com\/fr\/wp-json\/wp\/v2\/media?parent=551029"}],"wp:term":[{"taxonomy":"category","embeddable":true,"href":"https:\/\/www.europesays.com\/fr\/wp-json\/wp\/v2\/categories?post=551029"},{"taxonomy":"post_tag","embeddable":true,"href":"https:\/\/www.europesays.com\/fr\/wp-json\/wp\/v2\/tags?post=551029"}],"curies":[{"name":"wp","href":"https:\/\/api.w.org\/{rel}","templated":true}]}}