{"id":551035,"date":"2025-11-22T09:49:17","date_gmt":"2025-11-22T09:49:17","guid":{"rendered":"https:\/\/www.europesays.com\/fr\/551035\/"},"modified":"2025-11-22T09:49:17","modified_gmt":"2025-11-22T09:49:17","slug":"je-ne-vise-personne-en-particulier-la-reponse-maligne-du-rappeur-francais","status":"publish","type":"post","link":"https:\/\/www.europesays.com\/fr\/551035\/","title":{"rendered":"\u00abJe ne vise personne en particulier&#8230;\u00bb, la r\u00e9ponse maligne du rappeur fran\u00e7ais"},"content":{"rendered":"<p>\n    Repris de vol\u00e9e par Kylian Mbapp\u00e9 \u00e0 propos de sa chanson \u00e9voquant la situation difficile du SM Caen, l\u2019artiste a r\u00e9pondu avec humour et ironie sur ses r\u00e9seaux sociaux.<\/p>\n<p class=\"fig-paragraph\">Fin du clash\u00a0? Dans une longue vid\u00e9o publi\u00e9e sur son compte Instagram ce vendredi,\u00a0<a href=\"http:\/\/www.lefigaro.fr\/sports\/football\/clash-mbappe-orelsan-mbappe-est-cuit-booba-relance-le-conflit-et-attaque-son-amour-du-club-20251115\" data-fig-type=\"NewsFlash\" data-gtm-custom-categorie=\"navigation\" data-gtm-custom-action=\"crossclick\" data-gtm-custom-label=\"Contextuel\" data-gtm-event=\"customEventSPE\" data-fig-domain=\"LEFIGARO\" rel=\"nofollow noopener\" target=\"_blank\">Orelsan<\/a>\u00a0a r\u00e9pondu \u00e0 sa mani\u00e8re \u00e0 Kylian Mbapp\u00e9 qui, le 7 novembre dernier,\u00a0<a href=\"http:\/\/www.lefigaro.fr\/sports\/football\/ligue-1\/il-a-pas-un-rond-mbappe-orelsan-le-clash-20251107\" data-fig-type=\"NewsFlash\" data-gtm-custom-categorie=\"navigation\" data-gtm-custom-action=\"crossclick\" data-gtm-custom-label=\"Contextuel\" data-gtm-event=\"customEventSPE\" data-fig-domain=\"LEFIGARO\" rel=\"nofollow noopener\" target=\"_blank\">s\u2019\u00e9tait emport\u00e9<\/a>\u00a0apr\u00e8s la sortie de l\u2019album de l\u2019artiste, La Fuite en Avant.<\/p>\n<p class=\"fig-paragraph\">\u00abT\u2019es le bienvenu pour sauver la ville que tu aimes tant. PS\u00a0: Le mec a fait que nous supplier pour entrer avec 1 % sans payer parce qu\u2019il a pas un rond mais pour avoir la bonne image du petit gars de Normandie\u00bb, avait \u00e9crit sur X le capitaine de l\u2019\u00e9quipe de France. Ce dernier r\u00e9pondant \u00e0 quelques mots prononc\u00e9s par Orelsan, dans sa chanson La Petite Voix, sur la situation de son club de c\u0153ur, le Stade Malherbe de Caen, propri\u00e9t\u00e9 de la famille Mbapp\u00e9\u00a0: \u00abTu vas faire couler ta ville comme les Mbapp\u00e9.\u00bb<\/p>\n<p class=\"fig-body-link\">\n            \u00c0 lire aussi<br \/>\n        <a class=\"fig-body-link__link\" href=\"http:\/\/www.lefigaro.fr\/sports\/football\/ligue-1\/il-a-pas-un-rond-mbappe-orelsan-le-clash-20251107\" data-fig-type=\"NewsFlash\" data-gtm-custom-categorie=\"navigation\" data-gtm-custom-action=\"crossclick\" data-gtm-custom-label=\"Contextuel\" data-gtm-event=\"customEventSPE\" data-fig-domain=\"LEFIGARO\" rel=\"nofollow noopener\" target=\"_blank\"><\/p>\n<p>        \u00abIl a pas un rond\u00bb\u00a0: Mbapp\u00e9\/Orelsan, le clash<br \/>\n    <\/a>\n<\/p>\n<blockquote class=\"fig-quote&#10;    \">\n<p class=\"fig-quote__text\">J\u2019ai remarqu\u00e9 qu\u2019il y en avait qui n\u2019avaient pas exactement bien compris l\u2019album.<\/p>\n<p>            Orelsan\n    <\/p><\/blockquote>\n<p>                                    <a class=\"fig-a11y-skip a11y-hidden\" href=\"#fig-a11y-skip-main-inarticle\"><br \/>\n        Passer la publicit\u00e9<br \/>\n    <\/a><\/p>\n<p class=\"fig-paragraph\">Dans un premier temps, Orelsan avait<a href=\"http:\/\/www.lefigaro.fr\/sports\/football\/je-prefere-reflechir-plutot-que-de-repondre-a-chaud-orelsan-calme-le-jeu-avec-kylian-mbappe-20251109\" data-fig-type=\"NewsFlash\" data-gtm-custom-categorie=\"navigation\" data-gtm-custom-action=\"crossclick\" data-gtm-custom-label=\"Contextuel\" data-gtm-event=\"customEventSPE\" data-fig-domain=\"LEFIGARO\" rel=\"nofollow noopener\" target=\"_blank\">\u00a0\u00abpr\u00e9f\u00e9r\u00e9 r\u00e9fl\u00e9chir plut\u00f4t que de r\u00e9pondre \u00e0 chaud\u00bb<\/a>\u00a0\u00e0 l\u2019attaque du joueur du Real Madrid. Sa r\u00e9ponse est donc intervenue une quinzaine de jours plus tard. Face cam\u00e9ra, le rappeur normand explique le cheminement de son travail et les liens qui puissent exister entre son film Yoro\u00ef et son album La Fuite en Avant. Il glisse alors\u00a0: \u00abJ\u2019ai remarqu\u00e9 qu\u2019il y en avait qui n\u2019avaient pas exactement bien compris l\u2019album. Je ne vise personne en particulier&#8230;\u00bb Au m\u00eame moment que ces mots prononc\u00e9s, une photo imprim\u00e9e de&#8230;. Kylian Mbapp\u00e9, coll\u00e9e sur le mur, appara\u00eet discr\u00e8tement dans le champ derri\u00e8re Orelsan.<\/p>\n<p class=\"fig-paragraph\">Quelques minutes plus loin dans la vid\u00e9o, l\u2019artiste d\u00e9taille, toujours sur un ton l\u00e9ger, au sujet de sa chanson La Petite Voix\u00a0: \u00abCe que dit la petite voix n\u2019est donc pas mon avis\u2026 M\u00eame si nous sommes actuellement 10e du championnat de National et qu\u2019on a r\u00e9cemment \u00e9t\u00e9\u00a0<a href=\"http:\/\/www.lefigaro.fr\/sports\/football\/coupe-de-france\/coupe-de-france-le-sm-de-caen-de-mbappe-elimine-par-une-equipe-de-6e-division-20251115\" data-fig-type=\"NewsFlash\" data-gtm-custom-categorie=\"navigation\" data-gtm-custom-action=\"crossclick\" data-gtm-custom-label=\"Contextuel\" data-gtm-event=\"customEventSPE\" data-fig-domain=\"LEFIGARO\" rel=\"nofollow noopener\" target=\"_blank\">\u00e9limin\u00e9 de Coupe de France par l\u2019\u00e9quipe de Bayeux.<\/a> \u00a0Vous voulez conna\u00eetre le niveau de l\u2019\u00e9quipe de Bayeux au football. Voil\u00e0 leur nouvelle recrue\u00a0!\u00bb S\u2019affiche alors une vid\u00e9o de lui-m\u00eame ratant un penalty lors du match caritatif de \u00abStream for Humanity\u00bb, organis\u00e9 le 16 novembre. Subtilit\u00e9 et autod\u00e9rision.<\/p>\n","protected":false},"excerpt":{"rendered":"Repris de vol\u00e9e par Kylian Mbapp\u00e9 \u00e0 propos de sa chanson \u00e9voquant la situation difficile du SM Caen,&hellip;\n","protected":false},"author":2,"featured_media":551036,"comment_status":"","ping_status":"","sticky":false,"template":"","format":"standard","meta":{"footnotes":""},"categories":[8],"tags":[58,59,1011,27,6477,21953],"class_list":{"0":"post-551035","1":"post","2":"type-post","3":"status-publish","4":"format-standard","5":"has-post-thumbnail","7":"category-divertissement","8":"tag-divertissement","9":"tag-entertainment","10":"tag-fr","11":"tag-france","12":"tag-kylian-mbappe","13":"tag-orelsan"},"share_on_mastodon":{"url":"","error":""},"_links":{"self":[{"href":"https:\/\/www.europesays.com\/fr\/wp-json\/wp\/v2\/posts\/551035","targetHints":{"allow":["GET"]}}],"collection":[{"href":"https:\/\/www.europesays.com\/fr\/wp-json\/wp\/v2\/posts"}],"about":[{"href":"https:\/\/www.europesays.com\/fr\/wp-json\/wp\/v2\/types\/post"}],"author":[{"embeddable":true,"href":"https:\/\/www.europesays.com\/fr\/wp-json\/wp\/v2\/users\/2"}],"replies":[{"embeddable":true,"href":"https:\/\/www.europesays.com\/fr\/wp-json\/wp\/v2\/comments?post=551035"}],"version-history":[{"count":0,"href":"https:\/\/www.europesays.com\/fr\/wp-json\/wp\/v2\/posts\/551035\/revisions"}],"wp:featuredmedia":[{"embeddable":true,"href":"https:\/\/www.europesays.com\/fr\/wp-json\/wp\/v2\/media\/551036"}],"wp:attachment":[{"href":"https:\/\/www.europesays.com\/fr\/wp-json\/wp\/v2\/media?parent=551035"}],"wp:term":[{"taxonomy":"category","embeddable":true,"href":"https:\/\/www.europesays.com\/fr\/wp-json\/wp\/v2\/categories?post=551035"},{"taxonomy":"post_tag","embeddable":true,"href":"https:\/\/www.europesays.com\/fr\/wp-json\/wp\/v2\/tags?post=551035"}],"curies":[{"name":"wp","href":"https:\/\/api.w.org\/{rel}","templated":true}]}}