{"id":551043,"date":"2025-11-22T09:53:15","date_gmt":"2025-11-22T09:53:15","guid":{"rendered":"https:\/\/www.europesays.com\/fr\/551043\/"},"modified":"2025-11-22T09:53:15","modified_gmt":"2025-11-22T09:53:15","slug":"ces-francais-qui-veulent-conjurer-le-temps","status":"publish","type":"post","link":"https:\/\/www.europesays.com\/fr\/551043\/","title":{"rendered":"ces Fran\u00e7ais qui veulent conjurer le temps"},"content":{"rendered":"<p data-module=\"standfirst-editorial-episode\" data-context=\"@media (min-width:48em)\">\n    En qu\u00eate de long\u00e9vit\u00e9, certains recourent aux tests g\u00e9n\u00e9tiques \u00e0 l\u2019\u00e9tranger ou dans des lieux discrets en France &#8211; en raison de leur interdiction. Objectif de ces d\u00e9pistages\u00a0? Vivre plus longtemps. Et vendre de co\u00fbteux programmes sur mesure.<\/p>\n<p class=\"fig-paragraph fig-paragraph--dropped\">Un matin de janvier 2024, Louise Etchegaray a gliss\u00e9 un coton-tige contre l\u2019int\u00e9rieur de sa joue, l\u2019a rang\u00e9 dans un \u00e9couvillon \u00e9tiquet\u00e9 \u00e0 son nom, puis l\u2019a exp\u00e9di\u00e9 \u00e0 une entreprise de biotechnologie californienne. \u00abC\u2019\u00e9tait un peu irr\u00e9el. Comme envoyer un morceau de moi \u00e0 l\u2019autre bout du monde\u00bb, confie cette cadre de 39 ans. Quelques semaines plus tard, elle re\u00e7oit un mail\u00a0: \u00abVotre profil g\u00e9n\u00e9tique est disponible\u00bb. Devant son \u00e9cran, elle d\u00e9couvre, fascin\u00e9e, les risques \u00abprobables\u00bb, selon ses propres mots, d\u2019un diab\u00e8te \u00e0 60 ans ou encore d\u2019une d\u00e9g\u00e9n\u00e9rescence oculaire \u00e0 75. \u00abCe rapport n\u2019\u00e9tait pas un diagnostic, il ne signifiait pas que j\u2019\u00e9tais malade, pourtant j\u2019ai ressenti le vertige de\u00a0<a href=\"http:\/\/madame.lefigaro.fr\/bien-etre\/leur-sante-passe-apres-le-reste-parce-qu-elles-n-ont-pas-le-temps-pourquoi-les-femmes-meurent-toujours-plus-de-maladies-cardiovasculaires-20250304\" data-fig-type=\"Article\" data-gtm-custom-categorie=\"navigation\" data-gtm-custom-action=\"crossclick\" data-gtm-custom-label=\"Contextuel\" data-gtm-event=\"customEventSPE\" data-fig-domain=\"MADAME\" rel=\"nofollow noopener\" target=\"_blank\">savoir que ces maladies couvaient peut-\u00eatre en moi<\/a>\u00bb, souffle-t-elle. Les r\u00e9sultats l\u2019ont plong\u00e9e dans un \u00e9tat de sid\u00e9ration. Pendant plusieurs semaines, elle relit les pages jusqu\u2019\u00e0 les conna\u00eetre parfaitement. Une inqui\u00e9tude qui la suit jusque dans ses r\u00eaves. \u00abAu bout de trois mois, je m\u2019en souviens\u2026<\/p>\n<p class=\"fig-premium-paywall__infos\">\n        Cet article est r\u00e9serv\u00e9 aux abonn\u00e9s.        Il vous reste 89% \u00e0 d\u00e9couvrir.\n    <\/p>\n<p>                <img  data- alt=\"Le Figaro\" class=\"fig-img--complete fig-img\"\/><\/p>\n<p class=\"fig-premium-paywall__title\">Black Friday<\/p>\n<p class=\"fig-premium-paywall__subtitle\">-70% sur l&rsquo;abonnement num\u00e9rique<\/p>\n<p class=\"fig-premium-paywall__connect\">\n                D\u00e9j\u00e0 abonn\u00e9\u00a0?                <a class=\"fig-premium-paywall__connect-link\" href=\"https:\/\/connect.lefigaro.fr\/login?client=madame_web&amp;type=main&amp;redirect_uri=https%3A%2F%2Fmadame.lefigaro.fr%2Fbien-etre%2Fj-ai-fait-un-test-adn-pour-decouvrir-de-quoi-j-allais-mourir-et-l-eviter-ces-francais-qui-veulent-conjurer-le-temps-20251122\" data-js-gtm=\"{&quot;customCategorie&quot;: &quot;conversion&quot;, &quot;customAction&quot;: &quot;before_Landing_Connexion_paywall_auto&quot;, &quot;customLabel&quot;: &quot;bWFkYW1lLmxlZmlnYXJvLmZyX18xZjBjNmZkMS1iMTUwLTY4YjYtYmI1NC04OTM1N2Q3MTk0MzFfX0FydGljbGU=_\u00abJ\u2019ai fait un test ADN pour d\u00e9couvrir de quoi j\u2019allais mourir\u2026 et l\u2019\u00e9viter\u00bb\u00a0: ces Fran\u00e7ais qui veulent conjurer le temps_1000&quot;, &quot;customIDSPE&quot;: &quot;bWFkYW1lLmxlZmlnYXJvLmZyX18xZjBjNmZkMS1iMTUwLTY4YjYtYmI1NC04OTM1N2Q3MTk0MzFfX0FydGljbGU=&quot;, &quot;event&quot;: &quot;customEventSPE&quot;}\" rel=\"nofollow noopener\" target=\"_blank\"><br \/>\n                    Connectez-vous<br \/>\n                <\/a>\n            <\/p>\n","protected":false},"excerpt":{"rendered":"En qu\u00eate de long\u00e9vit\u00e9, certains recourent aux tests g\u00e9n\u00e9tiques \u00e0 l\u2019\u00e9tranger ou dans des lieux discrets en France&hellip;\n","protected":false},"author":2,"featured_media":551044,"comment_status":"","ping_status":"","sticky":false,"template":"","format":"standard","meta":{"footnotes":""},"categories":[4],"tags":[11,1011,27,12,25,71],"class_list":{"0":"post-551043","1":"post","2":"type-post","3":"status-publish","4":"format-standard","5":"has-post-thumbnail","7":"category-france","8":"tag-actualites","9":"tag-fr","10":"tag-france","11":"tag-news","12":"tag-republique-francaise","13":"tag-sante"},"share_on_mastodon":{"url":"https:\/\/pubeurope.com\/@fr\/115592744518509768","error":""},"_links":{"self":[{"href":"https:\/\/www.europesays.com\/fr\/wp-json\/wp\/v2\/posts\/551043","targetHints":{"allow":["GET"]}}],"collection":[{"href":"https:\/\/www.europesays.com\/fr\/wp-json\/wp\/v2\/posts"}],"about":[{"href":"https:\/\/www.europesays.com\/fr\/wp-json\/wp\/v2\/types\/post"}],"author":[{"embeddable":true,"href":"https:\/\/www.europesays.com\/fr\/wp-json\/wp\/v2\/users\/2"}],"replies":[{"embeddable":true,"href":"https:\/\/www.europesays.com\/fr\/wp-json\/wp\/v2\/comments?post=551043"}],"version-history":[{"count":0,"href":"https:\/\/www.europesays.com\/fr\/wp-json\/wp\/v2\/posts\/551043\/revisions"}],"wp:featuredmedia":[{"embeddable":true,"href":"https:\/\/www.europesays.com\/fr\/wp-json\/wp\/v2\/media\/551044"}],"wp:attachment":[{"href":"https:\/\/www.europesays.com\/fr\/wp-json\/wp\/v2\/media?parent=551043"}],"wp:term":[{"taxonomy":"category","embeddable":true,"href":"https:\/\/www.europesays.com\/fr\/wp-json\/wp\/v2\/categories?post=551043"},{"taxonomy":"post_tag","embeddable":true,"href":"https:\/\/www.europesays.com\/fr\/wp-json\/wp\/v2\/tags?post=551043"}],"curies":[{"name":"wp","href":"https:\/\/api.w.org\/{rel}","templated":true}]}}