{"id":551049,"date":"2025-11-22T09:58:16","date_gmt":"2025-11-22T09:58:16","guid":{"rendered":"https:\/\/www.europesays.com\/fr\/551049\/"},"modified":"2025-11-22T09:58:16","modified_gmt":"2025-11-22T09:58:16","slug":"photos-leau-dici-le-nouveau-spectacle-du-menil-saint-michel-pres-de-nancy","status":"publish","type":"post","link":"https:\/\/www.europesays.com\/fr\/551049\/","title":{"rendered":"Photos. \u00ab\u00a0L&rsquo;eau d&rsquo;ici\u00a0\u00bb le nouveau spectacle du M\u00e9nil Saint-Michel pr\u00e8s de Nancy"},"content":{"rendered":"<p>La troupe du M\u00e9nil Saint-Michel dans son nouveau spectacle \u00e9questre \u00ab\u00a0L&rsquo;eau d&rsquo;ici&rsquo; qui explore la probl\u00e9matique de la gestion de la ressource en eau et qui interroge sur les questions essentielles du cycle \u00e9ternel de l&rsquo;eau. Un moment de toute beaut\u00e9 avec des cavali\u00e8res et des cavaliers, sans oublier des chevaux impressionnants.<\/p>\n<p>Il reste des places pour les repr\u00e9sentations du samedi 22 novembre \u00e0 20 heures ainsi que pour dimanche 15 heures 30.\u00a0<\/p>\n","protected":false},"excerpt":{"rendered":"La troupe du M\u00e9nil Saint-Michel dans son nouveau spectacle \u00e9questre \u00ab\u00a0L&rsquo;eau d&rsquo;ici&rsquo; qui explore la probl\u00e9matique de la&hellip;\n","protected":false},"author":2,"featured_media":551050,"comment_status":"","ping_status":"","sticky":false,"template":"","format":"standard","meta":{"footnotes":""},"categories":[9635],"tags":[1111,11,1687,1704,1777,674,24494,1011,27,2798,775,1702,12,25],"class_list":{"0":"post-551049","1":"post","2":"type-post","3":"status-publish","4":"format-standard","5":"has-post-thumbnail","7":"category-nancy","8":"tag-actu","9":"tag-actualites","10":"tag-culture-loisirs","11":"tag-edition-nancy-et-agglomeration","12":"tag-eu","13":"tag-europe","14":"tag-flavigny-sur-moselle","15":"tag-fr","16":"tag-france","17":"tag-galerie-photo","18":"tag-grand-est","19":"tag-nancy","20":"tag-news","21":"tag-republique-francaise"},"share_on_mastodon":{"url":"https:\/\/pubeurope.com\/@fr\/115592764171665238","error":""},"_links":{"self":[{"href":"https:\/\/www.europesays.com\/fr\/wp-json\/wp\/v2\/posts\/551049","targetHints":{"allow":["GET"]}}],"collection":[{"href":"https:\/\/www.europesays.com\/fr\/wp-json\/wp\/v2\/posts"}],"about":[{"href":"https:\/\/www.europesays.com\/fr\/wp-json\/wp\/v2\/types\/post"}],"author":[{"embeddable":true,"href":"https:\/\/www.europesays.com\/fr\/wp-json\/wp\/v2\/users\/2"}],"replies":[{"embeddable":true,"href":"https:\/\/www.europesays.com\/fr\/wp-json\/wp\/v2\/comments?post=551049"}],"version-history":[{"count":0,"href":"https:\/\/www.europesays.com\/fr\/wp-json\/wp\/v2\/posts\/551049\/revisions"}],"wp:featuredmedia":[{"embeddable":true,"href":"https:\/\/www.europesays.com\/fr\/wp-json\/wp\/v2\/media\/551050"}],"wp:attachment":[{"href":"https:\/\/www.europesays.com\/fr\/wp-json\/wp\/v2\/media?parent=551049"}],"wp:term":[{"taxonomy":"category","embeddable":true,"href":"https:\/\/www.europesays.com\/fr\/wp-json\/wp\/v2\/categories?post=551049"},{"taxonomy":"post_tag","embeddable":true,"href":"https:\/\/www.europesays.com\/fr\/wp-json\/wp\/v2\/tags?post=551049"}],"curies":[{"name":"wp","href":"https:\/\/api.w.org\/{rel}","templated":true}]}}