{"id":551060,"date":"2025-11-22T10:05:10","date_gmt":"2025-11-22T10:05:10","guid":{"rendered":"https:\/\/www.europesays.com\/fr\/551060\/"},"modified":"2025-11-22T10:05:10","modified_gmt":"2025-11-22T10:05:10","slug":"le-grand-quevilly-dans-le-silence-des-paumes-une-piece-de-theatre-sur-une-mere-courage","status":"publish","type":"post","link":"https:\/\/www.europesays.com\/fr\/551060\/","title":{"rendered":"Le Grand-Quevilly. \u00ab\u00a0Dans le silence des paumes\u00a0\u00bb, une pi\u00e8ce de th\u00e9\u00e2tre\u00a0sur une m\u00e8re courage"},"content":{"rendered":"<p melodystyle=\"texte\">Cr\u00e9\u00e9e en 2023 par la compagnie Le Nez au milieu du village, la pi\u00e8ce Dans le silence des paumes, jou\u00e9e les 25 et 26 novembre \u00e0 l&rsquo;h\u00f4tel de Ville et \u00e0 la maison du rugby de Grand-Quevilly, \u00e9voque le parcours professionnel sem\u00e9 d&#8217;emb\u00fbches d&rsquo;une m\u00e8re d\u00e9vou\u00e9e.<\/p>\n<p>Rendre visibles les invisibles<\/p>\n<p melodystyle=\"texte\">En collaboration avec le th\u00e9\u00e2tre de la Poudri\u00e8re, le spectacle voit le jour en Seine-Saint-Denis apr\u00e8s une longue campagne de collecte de t\u00e9moignages. La compagnie, ancr\u00e9e dans des sujets d&rsquo;actualit\u00e9, mixe documentaire et fiction. \u00ab\u00a0Nous avons pour but d&rsquo;\u00e9clairer la situation des invisibles, explique Florian P\u00e2que, metteur en sc\u00e8ne. Et \u00e0 la suite des\u00a0manifestations contre la r\u00e9forme des retraites, il nous est paru \u00e9vident de mettre en avant cette cat\u00e9gorie oubli\u00e9e des m\u00e8res de famille dont la carri\u00e8re a \u00e9t\u00e9 entrecoup\u00e9e de grossesses successives.\u00a0\u00bb\u00a0<\/p>\n<p melodystyle=\"texte\">Dans Dans le silence des paumes, les trois enfants de Maryse se retrouvent \u00e0 son chevet. \u00ab\u00a0Notre personnage nous a \u00e9t\u00e9 inspir\u00e9 par les nombreux t\u00e9moignages recueillis d&rsquo;hommes et de femmes ayant v\u00e9cu ce genre de situation mais aussi par les \u00e9crits de Marie Pez\u00e9, m\u00e9decin du travail qui a \u00e9tudi\u00e9 les effets d\u00e9vastateurs sur le corps des violences au travail.\u00a0\u00bb\u00a0Maryse a toujours \u00e9t\u00e9 secr\u00e8te pour pr\u00e9server ses enfants, mais son corps us\u00e9 par le travail parle de lui-m\u00eame. \u00ab\u00a0Elle s&rsquo;est d\u00e9vou\u00e9e \u00e0 ses enfants, ses enfants d\u00e9couvrent enfin sa vie, une vie pleine de courage et de sacrifices pour cette m\u00e8re c\u00e9libataire qui a subi un patron harceleur.\u00a0\u00bb\u00a0<\/p>\n<p>Un th\u00e9\u00e2tre de proximit\u00e9<\/p>\n<p melodystyle=\"texte\">Cette pi\u00e8ce a \u00e9t\u00e9 con\u00e7ue pour \u00eatre jou\u00e9e en dehors des lieux d\u00e9di\u00e9s au th\u00e9\u00e2tre\u00a0: \u00ab\u00a0La configuration de la sc\u00e8ne et de la salle est \u00e9tonnante car le spectateur est tr\u00e8s proche des com\u00e9diens\u00a0\u00bb, explique Florian P\u00e2que, qui veut ainsi favoriser la proximit\u00e9. \u00ab\u00a0De plus, le spectacle s&rsquo;ach\u00e8ve toujours par un \u00e9change avec le public, c&rsquo;est une formule qui nous est ch\u00e8re dans la compagnie et qui permet d&rsquo;\u00e9clairer le spectateur, de prolonger la r\u00e9flexion et d&rsquo;enrichir le d\u00e9bat avec des t\u00e9moignages ancr\u00e9s dans le r\u00e9el.\u00a0\u00bb<\/p>\n<p style=\"font-weight:bold;color:#000;\">Pratique. Mardi 25 et mercredi 26 novembre \u00e0 20h30, \u00e0 l&rsquo;h\u00f4tel de Ville et \u00e0 la maison du rugby de Grand-Quevilly. Gratuit sur r\u00e9servation au 06 79 18 08 60.<\/p>\n","protected":false},"excerpt":{"rendered":"Cr\u00e9\u00e9e en 2023 par la compagnie Le Nez au milieu du village, la pi\u00e8ce Dans le silence des&hellip;\n","protected":false},"author":2,"featured_media":551061,"comment_status":"","ping_status":"","sticky":false,"template":"","format":"standard","meta":{"footnotes":""},"categories":[9587],"tags":[1111,11,1777,674,1011,27,12,5161,25,9590],"class_list":{"0":"post-551060","1":"post","2":"type-post","3":"status-publish","4":"format-standard","5":"has-post-thumbnail","7":"category-rouen","8":"tag-actu","9":"tag-actualites","10":"tag-eu","11":"tag-europe","12":"tag-fr","13":"tag-france","14":"tag-news","15":"tag-normandie","16":"tag-republique-francaise","17":"tag-rouen"},"share_on_mastodon":{"url":"https:\/\/pubeurope.com\/@fr\/115592791637761159","error":""},"_links":{"self":[{"href":"https:\/\/www.europesays.com\/fr\/wp-json\/wp\/v2\/posts\/551060","targetHints":{"allow":["GET"]}}],"collection":[{"href":"https:\/\/www.europesays.com\/fr\/wp-json\/wp\/v2\/posts"}],"about":[{"href":"https:\/\/www.europesays.com\/fr\/wp-json\/wp\/v2\/types\/post"}],"author":[{"embeddable":true,"href":"https:\/\/www.europesays.com\/fr\/wp-json\/wp\/v2\/users\/2"}],"replies":[{"embeddable":true,"href":"https:\/\/www.europesays.com\/fr\/wp-json\/wp\/v2\/comments?post=551060"}],"version-history":[{"count":0,"href":"https:\/\/www.europesays.com\/fr\/wp-json\/wp\/v2\/posts\/551060\/revisions"}],"wp:featuredmedia":[{"embeddable":true,"href":"https:\/\/www.europesays.com\/fr\/wp-json\/wp\/v2\/media\/551061"}],"wp:attachment":[{"href":"https:\/\/www.europesays.com\/fr\/wp-json\/wp\/v2\/media?parent=551060"}],"wp:term":[{"taxonomy":"category","embeddable":true,"href":"https:\/\/www.europesays.com\/fr\/wp-json\/wp\/v2\/categories?post=551060"},{"taxonomy":"post_tag","embeddable":true,"href":"https:\/\/www.europesays.com\/fr\/wp-json\/wp\/v2\/tags?post=551060"}],"curies":[{"name":"wp","href":"https:\/\/api.w.org\/{rel}","templated":true}]}}