{"id":55107,"date":"2025-04-26T19:22:09","date_gmt":"2025-04-26T19:22:09","guid":{"rendered":"https:\/\/www.europesays.com\/fr\/55107\/"},"modified":"2025-04-26T19:22:09","modified_gmt":"2025-04-26T19:22:09","slug":"les-europe-en-ligne-de-mire-pour-camille-le-roux","status":"publish","type":"post","link":"https:\/\/www.europesays.com\/fr\/55107\/","title":{"rendered":"les Europe en ligne de mire pour Camille Le Roux"},"content":{"rendered":"<p>Quelque 200 athl\u00e8tes, 300 en comptant les \u00e9coles, ont particip\u00e9, ce samedi 26\u00a0avril, \u00e0 la Journ\u00e9e athl\u00e9 organis\u00e9e au stade Vineuil. Parmi les engag\u00e9s, Camille Le Roux, qui, comme la plupart des concurrents, faisait son retour au grand air apr\u00e8s une saison en salle tr\u00e8s riche et deux mois d\u2019entra\u00eenements.<\/p>\n<p>\u00c0 18\u00a0ans, la sp\u00e9cialiste du saut en longueur vient de vivre sa p\u00e9riode la plus faste avec un hiver ponctu\u00e9 d\u2019un titre de championne de France juniors. Puis suivi, une semaine plus tard, d\u2019une m\u00e9daille d\u2019argent aux France \u00e9lite gr\u00e2ce \u00e0 un saut \u00e0 6,29\u00a0m, un nouveau record personnel.<\/p>\n<p>La\u00a0licenci\u00e9e du Vineuil Sports Athl\u00e9tisme (VSF) a profit\u00e9 des mois de mars et avril pour travailler. Sur les bancs de la facult\u00e9 Tours, o\u00f9 elle vient de commencer ses \u00e9tudes de m\u00e9decine, ainsi que dans les clubs du R\u00e9veil Sportif de Saint-Cyr-sur-Loire et de Vineuil o\u00f9 elle s\u2019entra\u00eene, respectivement avec Paul Mobisa et Dominique Charles.<\/p>\n<p>Deux foul\u00e9es en plus<\/p>\n<p>\u00ab\u00a0On a travaill\u00e9 sa course \u00e0 la longueur en passant \u00e0 20 foul\u00e9es au lieu de 18 pour qu\u2019elle arrive plus vite sur la planche\u00a0\u00bb, explique le premier. Adepte aussi du sprint (11\u00a0\u00bb93 aux 100\u00a0m), Camille Le Roux a \u00e9galement peaufin\u00e9 son d\u00e9part et sa mise en action, \u00ab\u00a0son petit point faible\u00a0\u00bb selon le coach saint-cyrien.<\/p>\n<p>\u00c0 raison de cinq voir six s\u00e9ances hebdomadaires, celle qui d\u00e9tient la sixi\u00e8me performance europ\u00e9enne des moins de 20\u00a0ans \u00e0 la longueur, va maintenant encha\u00eener les comp\u00e9titions. Interclubs, meetings, R\u00e9gionaux, pr\u00e9-France, France et peut-\u00eatre championnats d\u2019Europe, un niveau jusqu\u2019alors jamais atteint par la Vinolienne. Mais il faudra pour cela faire 6,30\u00a0m, la performance minimale fix\u00e9e par la F\u00e9d\u00e9ration fran\u00e7aise, ce que ne comprend pas Dominique Charles\u00a0: \u00ab\u00a0\u00c0\u00a0titre de comparaison, ce sont les minima qui \u00e9taient demand\u00e9s aux derniers Mondiaux.\u00a0\u00bb<\/p>\n<p>La principale int\u00e9ress\u00e9e, elle, pr\u00e9f\u00e8re prendre les choses avec s\u00e9r\u00e9nit\u00e9\u00a0: \u00ab\u00a0Ce que je veux, c\u2019est am\u00e9liorer mon record. Si j\u2019y arrive, j\u2019aurais fait les minima.\u00a0\u00bb<\/p>\n","protected":false},"excerpt":{"rendered":"Quelque 200 athl\u00e8tes, 300 en comptant les \u00e9coles, ont particip\u00e9, ce samedi 26\u00a0avril, \u00e0 la Journ\u00e9e athl\u00e9 organis\u00e9e&hellip;\n","protected":false},"author":2,"featured_media":55108,"comment_status":"","ping_status":"","sticky":false,"template":"","format":"standard","meta":{"footnotes":""},"categories":[1586],"tags":[11,4132,1777,674,1011,27,4368,12,25,60,10242],"class_list":{"0":"post-55107","1":"post","2":"type-post","3":"status-publish","4":"format-standard","5":"has-post-thumbnail","7":"category-europe","8":"tag-actualites","9":"tag-athletisme","10":"tag-eu","11":"tag-europe","12":"tag-fr","13":"tag-france","14":"tag-loir-et-cher","15":"tag-news","16":"tag-republique-francaise","17":"tag-sports","18":"tag-vineuil-41"},"share_on_mastodon":{"url":"https:\/\/pubeurope.com\/@fr\/114405896564906700","error":""},"_links":{"self":[{"href":"https:\/\/www.europesays.com\/fr\/wp-json\/wp\/v2\/posts\/55107","targetHints":{"allow":["GET"]}}],"collection":[{"href":"https:\/\/www.europesays.com\/fr\/wp-json\/wp\/v2\/posts"}],"about":[{"href":"https:\/\/www.europesays.com\/fr\/wp-json\/wp\/v2\/types\/post"}],"author":[{"embeddable":true,"href":"https:\/\/www.europesays.com\/fr\/wp-json\/wp\/v2\/users\/2"}],"replies":[{"embeddable":true,"href":"https:\/\/www.europesays.com\/fr\/wp-json\/wp\/v2\/comments?post=55107"}],"version-history":[{"count":0,"href":"https:\/\/www.europesays.com\/fr\/wp-json\/wp\/v2\/posts\/55107\/revisions"}],"wp:featuredmedia":[{"embeddable":true,"href":"https:\/\/www.europesays.com\/fr\/wp-json\/wp\/v2\/media\/55108"}],"wp:attachment":[{"href":"https:\/\/www.europesays.com\/fr\/wp-json\/wp\/v2\/media?parent=55107"}],"wp:term":[{"taxonomy":"category","embeddable":true,"href":"https:\/\/www.europesays.com\/fr\/wp-json\/wp\/v2\/categories?post=55107"},{"taxonomy":"post_tag","embeddable":true,"href":"https:\/\/www.europesays.com\/fr\/wp-json\/wp\/v2\/tags?post=55107"}],"curies":[{"name":"wp","href":"https:\/\/api.w.org\/{rel}","templated":true}]}}