{"id":551072,"date":"2025-11-22T10:11:13","date_gmt":"2025-11-22T10:11:13","guid":{"rendered":"https:\/\/www.europesays.com\/fr\/551072\/"},"modified":"2025-11-22T10:11:13","modified_gmt":"2025-11-22T10:11:13","slug":"strasbourg-une-premiere-monographie-en-francais-de-john-singer-sargent","status":"publish","type":"post","link":"https:\/\/www.europesays.com\/fr\/551072\/","title":{"rendered":"Strasbourg. Une premi\u00e8re monographie en fran\u00e7ais de John Singer Sargent"},"content":{"rendered":"<p>Alors que le Mus\u00e9e d\u2019Orsay consacre une grande exposition \u00e0 la p\u00e9riode parisienne du c\u00e9l\u00e8bre peintre am\u00e9ricain John Singer Sargent (1856-1925), une premi\u00e8re monographie en fran\u00e7ais est publi\u00e9e par Cohen &amp; Cohen \u00e9diteurs, sp\u00e9cialis\u00e9 dans le livre d\u2019art. L\u2019occasion de retrouver un artiste c\u00e9l\u00e9br\u00e9 aux \u00c9tats-Unis ou au Royaume-Uni mais encore m\u00e9connu en France. Emily Eells, Isabelle Gadoin et Charlotte Ribeyrol, autrices de l\u2019ouvrage, sont justement \u00e0 Strasbourg, \u00e0 la librairie Kl\u00e9ber, ce samedi 22\u00a0novembre \u00e0 17h, pour une conf\u00e9rence et \u00e9vocation de l\u2019ensemble de l\u2019\u0153uvre de Sargent.<\/p>\n","protected":false},"excerpt":{"rendered":"Alors que le Mus\u00e9e d\u2019Orsay consacre une grande exposition \u00e0 la p\u00e9riode parisienne du c\u00e9l\u00e8bre peintre am\u00e9ricain John&hellip;\n","protected":false},"author":2,"featured_media":551073,"comment_status":"","ping_status":"","sticky":false,"template":"","format":"standard","meta":{"footnotes":""},"categories":[2820],"tags":[1111,11,1687,2880,1777,674,107,1011,27,775,2410,12,25,640,2879],"class_list":{"0":"post-551072","1":"post","2":"type-post","3":"status-publish","4":"format-standard","5":"has-post-thumbnail","7":"category-strasbourg","8":"tag-actu","9":"tag-actualites","10":"tag-culture-loisirs","11":"tag-edition-strasbourg","12":"tag-eu","13":"tag-europe","14":"tag-fil-info","15":"tag-fr","16":"tag-france","17":"tag-grand-est","18":"tag-livres-bd","19":"tag-news","20":"tag-republique-francaise","21":"tag-strasbourg","22":"tag-strasbourg-ville"},"share_on_mastodon":{"url":"https:\/\/pubeurope.com\/@fr\/115592815217948855","error":""},"_links":{"self":[{"href":"https:\/\/www.europesays.com\/fr\/wp-json\/wp\/v2\/posts\/551072","targetHints":{"allow":["GET"]}}],"collection":[{"href":"https:\/\/www.europesays.com\/fr\/wp-json\/wp\/v2\/posts"}],"about":[{"href":"https:\/\/www.europesays.com\/fr\/wp-json\/wp\/v2\/types\/post"}],"author":[{"embeddable":true,"href":"https:\/\/www.europesays.com\/fr\/wp-json\/wp\/v2\/users\/2"}],"replies":[{"embeddable":true,"href":"https:\/\/www.europesays.com\/fr\/wp-json\/wp\/v2\/comments?post=551072"}],"version-history":[{"count":0,"href":"https:\/\/www.europesays.com\/fr\/wp-json\/wp\/v2\/posts\/551072\/revisions"}],"wp:featuredmedia":[{"embeddable":true,"href":"https:\/\/www.europesays.com\/fr\/wp-json\/wp\/v2\/media\/551073"}],"wp:attachment":[{"href":"https:\/\/www.europesays.com\/fr\/wp-json\/wp\/v2\/media?parent=551072"}],"wp:term":[{"taxonomy":"category","embeddable":true,"href":"https:\/\/www.europesays.com\/fr\/wp-json\/wp\/v2\/categories?post=551072"},{"taxonomy":"post_tag","embeddable":true,"href":"https:\/\/www.europesays.com\/fr\/wp-json\/wp\/v2\/tags?post=551072"}],"curies":[{"name":"wp","href":"https:\/\/api.w.org\/{rel}","templated":true}]}}