{"id":551082,"date":"2025-11-22T10:16:16","date_gmt":"2025-11-22T10:16:16","guid":{"rendered":"https:\/\/www.europesays.com\/fr\/551082\/"},"modified":"2025-11-22T10:16:16","modified_gmt":"2025-11-22T10:16:16","slug":"un-nbh-seduisant-et-victorieux-face-au-caen-bc-87-78","status":"publish","type":"post","link":"https:\/\/www.europesays.com\/fr\/551082\/","title":{"rendered":"Un NBH s\u00e9duisant et victorieux face au Caen BC (87\/78)"},"content":{"rendered":"<p><strong>Bonne op\u00e9ration que ce troisi\u00e8me succ\u00e8s cons\u00e9cutif \u00e0 domicile<\/strong><\/p>\n<p>La soir\u00e9e a d\u00e9but\u00e9 par un <a href=\"https:\/\/www.nantes-basket.com\/luc-denis-nous-a-quittes\/\" target=\"_blank\" rel=\"noopener\">ultime hommage \u00e0 <strong>Luc DENIS<\/strong><\/a> ce dirigeant mythique de l\u2019Hermine de Nantes durant tant d\u2019ann\u00e9es. Du travail, de la passion, un amour de la \u00ab\u00a0balle orange\u00a0\u00bb et de la formation des jeunes joueurs, voil\u00e0 tout ce que cet homme de coeur a apport\u00e9 au basket nantais. En hommage, le parquet de La Trocardi\u00e8re sera d\u00e9sormais, en sa m\u00e9moire, nomm\u00e9 le \u00ab\u00a0<strong>Parquet Luc Denis<\/strong>\u00a0\u00bb.<\/p>\n<p>Mission d\u00e9di\u00e9e aux joueurs nantais d\u2019inaugurer avec brio ce nouveau concept\u2026Cela a \u00e9t\u00e9 effectu\u00e9 de belle mani\u00e8re sous les yeux de la famille de Luc\u00a0!<\/p>\n<p>Les premiers nantais \u00e0 fouler ce parquet furent, BOURHIS, VAN EYCK, MIENANDI, MANERLAX et E.J DAMBREVILLE de retour dans le groupe. En opposition St\u00e9phane EBERLIN alignait CHAMBERS, FACEY, ROJEWSKI, CAVALLO et GOLOTIN.<\/p>\n<p><strong>Q1<\/strong> \u2013 17\/<strong>21 \u2013 <\/strong>C\u2019est une entame de match difficile que vont subir les joueurs de R\u00e9my VALIN. ROJEWSKI, GOLITIN et FACEY m\u00e8nent la danse dans les premi\u00e8res minutes de la rencontre (0\/5 -2\u00e8me), (2\/9-4\u00e8me)\u2026Ils contraignent le technicien nantais \u00e0 prendre son premier temps mort pour rappeler les consignes donn\u00e9es en avant match. MIENANDI en bon capitaine montre l\u2019exemple, imit\u00e9 par KANGUDIA (7\/11-5\u00e8me), mais FACEY adresse aussit\u00f4t un missile longue distance (7\/14-6\u00e8me). L\u2019entr\u00e9e en jeu du jeune Rapha\u00ebl BOUM (18 ans) sera l\u2019un des moments cl\u00e9s de cette rencontre\u2026Rebonds, un tir prim\u00e9, une interception et une passe d\u00e9cisive pour un 3 Pts de son ancien pote des espoirs, KANGUDIA, et voil\u00e0 les nantais entr\u00e9s dans leur match (17\/17-8\u00e8me). Ce sont tout de m\u00eame les caennais qui basculent en t\u00eate apr\u00e8s dix minutes avec un prim\u00e9 de CASSIER et un 2\/2 aux lancers de KONE (17\/21-10\u00e8me).<\/p>\n<p>Q2 \u2013 <strong>19<\/strong>\/18 \u2013 En reprise de jeu, Charles Trenet aurait pu chanter\u00a0: \u00ab\u00a0Quand Mathys et Rapha\u00ebl font \u00ab\u00a0BOUM\u00a0\u00bb, cela donne un 7\/0 pour des nantais tout de suite en rythme (24\/21-13\u00e8me). GOLITIN derri\u00e8re l\u2019arc se charge de calmer les ardeurs lig\u00e9riennes (24\/24-14\u00e8me), mais ce match est bien lanc\u00e9. KANGUDIA et VAN EYCK donnent la r\u00e9plique \u00e0 CHAMBERS, CAVALLO et ROJEWSKI pour de multiples \u00e9galit\u00e9s\u00a0: (31\/31-18\u00e8me), (34\/34-19\u00e8me), (36\/36-20\u00e8me). CASSIER en mode r\u00e9cidiviste se charge, toujours \u00e0 longue distance, de donner trois points d\u2019avance aux visiteurs pour rejoindre les vestiaires (36\/39-20\u00e8me).<\/p>\n<p><strong>Q3 \u2013 21<\/strong>\/19 \u2013 Durant cette troisi\u00e8me p\u00e9riode (pourtant gagn\u00e9e par le NBH) ce sont les calvadosiens qui vont monopoliser les avantages au tableau d\u2019affichage\u2026Certes pas de gros \u00e9carts\u00a0: (40\/44-22\u00e8me), (43\/46-24\u00e8me) mais tout de m\u00eame un (45\/52-25\u00e8me) qui n\u00e9cessitera l\u2019intervention de R\u00e9my VALIN sur un temps mort. Le CBC n\u2019est pas une \u00e9quipe \u00e0 qui il faut laisser prendre ses aises, sous peine de mauvaise surprise. Le pr\u00e9cieux VAN EYCK l\u2019a bien compris\u00a0! En l\u2019absence de KANGUDIA mis au repos sur le banc, il se charge du labeur avec efficacit\u00e9, en inscrivant sept points cons\u00e9cutifs, compl\u00e9t\u00e9s par un 2\/2 aux lancers de BOUM (51\/53-28\u00e8me). Dans la derni\u00e8re minute BOURHIS de loin, suivi du \u00ab\u00a0dunk\u00a0\u00e0 tr\u00e8s haute altitude\u00a0\u00bb de DAMBREVILLE, redonnent l\u2019avantage \u00e0 Nantes (56\/55) pour le plus grand plaisir de \u00ab\u00a0La Troc\u00a0\u00bb\u00a0! BRIKI discret jusqu\u2019alors au \u00ab scoring\u00a0\u00bb\u00a0trouve la bonne distance a trois points et lancele suspens pour le dernier acte (57\/58-30\u00e8me).<\/p>\n<p><strong>Q4 \u2013 30<\/strong>\/20 \u2013 Le retour sur le parquet sera \u00e0 mettre au cr\u00e9dit des nantais avec un sc\u00e9nario pas loin d\u2019\u00eatre identique \u00e0 celui de la seconde p\u00e9riode. GASSAUD avec deux (2+1), bonifi\u00e9s par une nouvelle r\u00e9alisation de BOUM \u00e0 trois points et voil\u00e0 les nantais qui mettent un coup de pression aux normands (66\/61-33\u00e8me). C\u2019est l\u2019exp\u00e9riment\u00e9 CHAMBERS qui se met en mode r\u00e9action pour emp\u00eacher que l\u2019\u00e9cart ne grandisse trop vite en validant un (2+1) sur une action individuelle dont il a le secret (66\/64-34\u00e8me). Les supporters nantais comprennent qu\u2019\u00e0 leur tour ils doivent agir en envoyant les encouragements qui donnent confiance \u00e0 MANERLAX, solide \u00e0 l\u2019int\u00e9rieur (71\/66-35\u00e8me). Les trois temps morts demand\u00e9s par St\u00e9phane EBERLIN, la prise de responsabilit\u00e9 offensive de CHAMBERS, ne pourront rien contre la d\u00e9termination nantaise (75\/66- \u00e0 4\u201913\u2019\u2019du terme). Le collectif nantais est au- dessus des options individuelles caennaises, m\u00eame si le rapproch\u00e9 (80\/76- \u00e0 56\u2019\u2019) apportera un ultime suspens \u00e0 l\u2019issue de cette rencontre. KANGUDIA, GASSAUD et la s\u00e9r\u00e9nit\u00e9 de VAN EYCK se chargent de conclure un succ\u00e8s m\u00e9rit\u00e9, bien construit et important pour la suite de la saison (87\/78-40\u00e8me).<\/p>\n<p>Les prot\u00e9g\u00e9s de R\u00e9my VALIN et Jean-Philippe BESSON vont pouvoir r\u00e9cup\u00e9rer des efforts fournis ces derni\u00e8res semaines, soigner des \u00ab\u00a0bobos\u00a0\u00bb persistants, puisque le staff leur a donn\u00e9 cong\u00e9 pour une reprise de l\u2019entra\u00eenement le samedi 29 pour pr\u00e9parer un gros d\u00e9placement le 5 D\u00e9cembre \u00e0 Roanne (5\u00e8me 8V\/4D).<\/p>\n<p><strong>Allez Nantes Basket Hermine\u00a0!<\/strong><\/p>\n<p><strong>Tcar<\/strong><\/p>\n<p><strong>LA MARQUE\u00a0:<\/strong><\/p>\n<p><strong>NANTES\u00a0:<\/strong> DAMBREVILLE 7, MANERLAX 8, MIENANDI 6, VAN EYCK 12, BOURHIS 4, GASSAUD 10, BOUM 14, DOSSOU 2 KANGUDIA 24<\/p>\n<p><strong>CAEN\u00a0:<\/strong> CHAMBERS 16, ROJEWSKI 7, CAVALLO 2, FACEY 13, GOLITIN 12, DEMAHIS-BALLOU 3, KONE 3, DAVIS 5, BRIKI 3, CASSIER 14<\/p>\n<p><strong>LES DECLARATIONS EN CONFERANCE DE PRESSE\u00a0:<\/strong><\/p>\n<blockquote class=\"wp-block-quote is-layout-flow wp-block-quote-is-layout-flow\">\n<p><strong>STEPHANE EBERLIN<\/strong>\u00a0: <strong>\u00ab\u00a0<\/strong>On s\u2019est fait transpercer dans la raquette\u2026KANGUDIA qui est Poste 2 nous a driver toute la soir\u00e9e, il a fait ce qu\u2019il a voulu\u00a0! Prendre 87 Pts \u00e0 l\u2019ext\u00e9rieur c\u2019est trop compliqu\u00e9, s\u2019il faut mettre 90 Pts pour gagner \u00e0 l\u2019ext\u00e9rieur\u2026Sur ce match ils ne sont pas adroits, mais ils nous ont domin\u00e9s sur leurs drives, nous savions que c\u2019\u00e9tait leur point fort. On prend trente points dans le dernier quart alors que l\u2019on s\u2019\u00e9tait fix\u00e9 moins de 75 \u00e0 encaisser\u00a0\u2026\u00a0\u00bb<\/p>\n<\/blockquote>\n<blockquote class=\"wp-block-quote is-layout-flow wp-block-quote-is-layout-flow\">\n<p><strong>REMY VALIN<\/strong>\u00a0: \u00ab\u00a0Tout d\u2019abord nous avons loup\u00e9 notre d\u00e9but de match, sur les quatre premi\u00e8res minutes. Ensuite c\u2019\u00e9tait mieux, on effectue 36 bonnes minutes de jeu\u2026Ce soir nous sommes OK sur le secteur du rebond, des Passes D\u00e9cisives et nous perdons moins de ballons. Nous prenons de la maturit\u00e9 sur ce type de match. Je suis content pour Rapha\u00ebl qui travaille beaucoup et r\u00e9alise un tr\u00e8s bon match. Nous \u00e9voluons sur la coh\u00e9sion d\u2019\u00e9quipe ce qui est un point fort. Il faut continuer \u00e0 bosser de la m\u00eame fa\u00e7on tout en associant les jeunes joueurs du club, nos joueurs espoirs sont \u00e0 nos c\u00f4t\u00e9s et c\u2019est tr\u00e8s bon pour le club. MATHYS est tr\u00e8s bien physiquement et mentalement il est pr\u00e9sent. D\u00e8s que nous les avons \u00ab\u00a0agress\u00e9s\u00a0\u00bb en 1X1 ils ont \u00e9t\u00e9 d\u00e9bord\u00e9s. Je suis satisfait de ce bilan de 7V\/5D \u00e0 ce moment de la saison, je travaille avec un groupe qui apprend bien et qui ne triche pas\u00a0! Ils vont \u00eatre au repos jusqu\u2019\u00e0 samedi prochain. Concernant Kykle RIDDLEY il revient apr\u00e8s cette tr\u00eave.\u00a0\u00bb<\/p>\n<\/blockquote>\n<blockquote class=\"wp-block-quote is-layout-flow wp-block-quote-is-layout-flow\">\n<p><strong>MATHYS KANGUDIA<\/strong>\u00a0: \u00ab\u00a0C\u2019est une bonne victoire mais qui a \u00e9t\u00e9 compliqu\u00e9e \u00e0 construire. Nous avons r\u00e9ussi \u00e0 durcir un peu notre jeu en sachant que c\u2019\u00e9tait leur troisi\u00e8me match en une semaine et nous, nous avions \u00ab\u00a0de la caisse\u00a0!\u00a0\u00bb. Au d\u00e9but nous jouions en une passe un tir, et ce n\u2019\u00e9tait pas bon\u2026En jouant avec plus de passes, nous avons trouv\u00e9 des espaces pour aller faire mal dessous. C\u2019est vrai que je me sens bien dans cette \u00e9quipe, j\u2019ai la confiance totale de mes partenaires et du coach, mais tout cela s\u2019inscrit dans un bon collectif. Le danger peut venir de partout et c\u2019est une de nos forces, regardez ce soir Raph\u00e4el qui fait un gros match. Je m\u2019inspire beaucoup du jeu en 3X3, c\u2019est une discipline qui m\u2019aide beaucoup et que je \u00ab\u00a0kiffe\u00a0\u00bb. Je suis satisfait de ce bilan apr\u00e8s douze journ\u00e9es, mais il faut pers\u00e9v\u00e9rer dans le travail\u00a0!\u00a0\u00bb<\/p>\n<\/blockquote>\n<p>Triste nouvelle \u00e0 l\u2019issue de l\u2019hommage \u00e0 Luc DENIS, l\u2019annonce du d\u00e9c\u00e8s brutal de <strong>Corentin LECOINTE<\/strong> suite \u00e0 une rupture d\u2019an\u00e9vrisme \u00e0 28 ans. Pass\u00e9 par les \u00ab\u00a0pros\u00a0\u00bb de l\u2019Hermine entre 2015 et 2017 alors qu\u2019il \u00e9tait Espoir tout en menant de front de hautes \u00e9tudes. Il \u00e9tait ensuite parti jouer sur Pornic. Le club pr\u00e9sente toutes ses condol\u00e9ances \u00e0 la famille de Corentin, un gar\u00e7on agr\u00e9able \u00e0 fr\u00e9quenter, qui a laiss\u00e9 un excellent souvenir au sein du club.<\/p>\n","protected":false},"excerpt":{"rendered":"Bonne op\u00e9ration que ce troisi\u00e8me succ\u00e8s cons\u00e9cutif \u00e0 domicile La soir\u00e9e a d\u00e9but\u00e9 par un ultime hommage \u00e0&hellip;\n","protected":false},"author":2,"featured_media":551083,"comment_status":"","ping_status":"","sticky":false,"template":"","format":"standard","meta":{"footnotes":""},"categories":[2818],"tags":[1111,11,1465,34171,1777,674,1011,27,34172,3145,955,766,34173,12,2636,25,9338],"class_list":{"0":"post-551082","1":"post","2":"type-post","3":"status-publish","4":"format-standard","5":"has-post-thumbnail","7":"category-nantes","8":"tag-actu","9":"tag-actualites","10":"tag-basket","11":"tag-elite2","12":"tag-eu","13":"tag-europe","14":"tag-fr","15":"tag-france","16":"tag-hermine","17":"tag-lnb","18":"tag-match","19":"tag-nantes","20":"tag-nbh","21":"tag-news","22":"tag-pays-de-la-loire","23":"tag-republique-francaise","24":"tag-resume"},"share_on_mastodon":{"url":"https:\/\/pubeurope.com\/@fr\/115592835110005720","error":""},"_links":{"self":[{"href":"https:\/\/www.europesays.com\/fr\/wp-json\/wp\/v2\/posts\/551082","targetHints":{"allow":["GET"]}}],"collection":[{"href":"https:\/\/www.europesays.com\/fr\/wp-json\/wp\/v2\/posts"}],"about":[{"href":"https:\/\/www.europesays.com\/fr\/wp-json\/wp\/v2\/types\/post"}],"author":[{"embeddable":true,"href":"https:\/\/www.europesays.com\/fr\/wp-json\/wp\/v2\/users\/2"}],"replies":[{"embeddable":true,"href":"https:\/\/www.europesays.com\/fr\/wp-json\/wp\/v2\/comments?post=551082"}],"version-history":[{"count":0,"href":"https:\/\/www.europesays.com\/fr\/wp-json\/wp\/v2\/posts\/551082\/revisions"}],"wp:featuredmedia":[{"embeddable":true,"href":"https:\/\/www.europesays.com\/fr\/wp-json\/wp\/v2\/media\/551083"}],"wp:attachment":[{"href":"https:\/\/www.europesays.com\/fr\/wp-json\/wp\/v2\/media?parent=551082"}],"wp:term":[{"taxonomy":"category","embeddable":true,"href":"https:\/\/www.europesays.com\/fr\/wp-json\/wp\/v2\/categories?post=551082"},{"taxonomy":"post_tag","embeddable":true,"href":"https:\/\/www.europesays.com\/fr\/wp-json\/wp\/v2\/tags?post=551082"}],"curies":[{"name":"wp","href":"https:\/\/api.w.org\/{rel}","templated":true}]}}