{"id":551088,"date":"2025-11-22T10:19:13","date_gmt":"2025-11-22T10:19:13","guid":{"rendered":"https:\/\/www.europesays.com\/fr\/551088\/"},"modified":"2025-11-22T10:19:13","modified_gmt":"2025-11-22T10:19:13","slug":"ce-resto-repute-sent-bon-laveyron-voici-lavis-du-mangeur-masque","status":"publish","type":"post","link":"https:\/\/www.europesays.com\/fr\/551088\/","title":{"rendered":"ce resto r\u00e9put\u00e9 sent bon l&rsquo;Aveyron, voici l&rsquo;avis du Mangeur Masqu\u00e9"},"content":{"rendered":"<p>                    Par<br \/>\n        <strong><br \/>\n            <a href=\"https:\/\/actu.fr\/auteur\/redaction-toulouse\" title=\"Consulter tous les articles de R\u00e9daction de Toulouse\" target=\"_blank\" rel=\"noopener\">R\u00e9daction de Toulouse<\/a><br \/>\n                    <\/strong><\/p>\n<p>        Publi\u00e9 le<\/p>\n<p>            22 nov. 2025 \u00e0 11h00        <\/p>\n<p>Toulouse, une ville qui a le don <a href=\"https:\/\/actu.fr\/toulouse\/\" target=\"_blank\" rel=\"noopener\">d<strong>\u2018avaler les restaurants<\/strong><\/a>. Un turn-over acharn\u00e9, f\u00e9roce, qui laisse peu de temps aux nouvelles tables pour trouver leur place (et leur client\u00e8le). C\u2019est dans cette agitation quasi permanente que <strong>Gram\u2019s<\/strong> s\u2019est install\u00e9 il y a trois ans, en plein c\u0153ur de Saint-Aubin. Incarn\u00e9 par Laura Pelou, jeune cheffe originaire de <strong>l\u2019Aveyron<\/strong>, encens\u00e9e par le Gault et Millau. Forc\u00e9ment, \u00e7a intrigue.<\/p>\n<p>Une aubaine \u00e0 Saint-Aubin\u00a0<\/p>\n<p class=\" wall-content\">Sauf que tout n\u2019\u00e9tait pas encore en place. Une salle un peu ti\u00e8de qui n\u2019accrochait pas le regard, un r\u00e9cit culinaire sinc\u00e8re, hommage \u00e0 ses <strong>grand-m\u00e8res aveyronnaises<\/strong>, mais pas suffisamment racont\u00e9 dans l\u2019assiette. Sans oublier une addition qui faisait tousser, malgr\u00e9 l\u2019effort et quelques fulgurances.<\/p>\n<p class=\" wall-content\">Et puis, il y a eu une r\u00e9cente remise en question. Un virage pris \u00e0 l\u2019heure du d\u00e9jeuner (le soir, \u00e7a n\u2019a pas boug\u00e9). L\u2019arriv\u00e9e d\u2019une <strong>nouvelle formule<\/strong> propos\u00e9e le midi qui comme \u00e7a, sur le papier, peut paraitre simple. Mais qui, d\u00e9j\u00e0, a le bon go\u00fbt d\u2019afficher un tarif nettement plus accueillant : 19\u20ac50 pour la formule compl\u00e8te. Une aubaine \u00e0 Saint Aubin.<\/p>\n<p>Produits r\u00e9confortants<\/p>\n<p class=\" wall-content\">Plut\u00f4t que de proposer des <strong>plats d\u00e9monstratifs<\/strong> ou <strong>techniques<\/strong>, c\u2019est l\u2019option la plus lisible qui s\u2019est impos\u00e9e : des produits r\u00e9confortants, ex\u00e9cut\u00e9s proprement.<\/p>\n<p class=\" wall-content\"><strong>Pas une cuisine de renoncement<\/strong>, non, mais d\u2019attachement. Et \u00e7a fait mouche : en entr\u00e9e, velout\u00e9 de courge et mousse fromag\u00e8re tr\u00e8s punchy, id\u00e9al quand le thermom\u00e8tre d\u00e9gringole. En dessert, brioche perdue pleine de gourmandise, ou bien <strong>\u00a0\u00bb flan de mamie Paulette \u00ab\u00a0<\/strong>, en souvenir de ces cr\u00e8mes aux \u0153ufs un peu humides servies dans les repas de famille qui font le tour de l\u2019horloge plusieurs fois.<\/p>\n<p>    <img   decoding=\"async\" loading=\"lazy\" class=\"size-large\" src=\"https:\/\/www.europesays.com\/fr\/wp-content\/uploads\/2025\/11\/1bd6e6f0ea1960fd6e6f0ea19e2e6ev-960x640.jpg\" alt=\"D\u00e9j\u00e0 l\u2019automne, bient\u00f4t l\u2019hiver, forc\u00e9ment, la courge est dans l\u2019assiette\" width=\"960\" height=\"640\"\/><br \/>\n    D\u00e9j\u00e0 l\u2019automne, bient\u00f4t l\u2019hiver, forc\u00e9ment, la courge est dans l\u2019assiette \u00a9L.M.M.<\/p>\n<p>Votre r\u00e9gion, votre actu !<\/p>\n<p>Recevez chaque jour les infos qui comptent pour vous.<\/p>\n<p>\t<a href=\"https:\/\/actu.fr\/newsletter\" class=\"ac-btn ac-btn--corner ac-btn--medium ac-btn--blue800\" target=\"_blank\" rel=\"noopener\">S&rsquo;incrire<\/a><br \/>\nAligot-saucisse, servi devant vous !<br \/>\n    <img   decoding=\"async\" loading=\"lazy\" class=\"size-large\" src=\"https:\/\/www.europesays.com\/fr\/wp-content\/uploads\/2025\/11\/72eae6f0ea196b6eae6f0ea198aeaev-960x640.jpg\" alt=\"Fantastique caramel au beurre sal\u00e9 qui serpente sur le flan !\" width=\"960\" height=\"640\"\/><br \/>\n    Fantastique caramel au beurre sal\u00e9 qui serpente sur le flan ! \u00a9L.M.M.<\/p>\n<p class=\" wall-content\">L\u2019intention est parfaitement claire : offrir de la <strong>nostalgie<\/strong>, et un peu plus de chaleur humaine, qui se ressent d\u2019ailleurs davantage dans le service. Un retour \u00e0 l\u2019essentiel, symbolis\u00e9 par ce <strong>bel aligot-saucisse<\/strong>, monument d\u00e9sormais permanent sur l\u2019ardoise, bien ancr\u00e9 dans son Aveyron. Et surtout, servi devant vous, de la casserole \u00e0 l\u2019assiette, avec ce long fil \u00e9tir\u00e9 qui \u00e9pate l\u2019\u0153il autant qu\u2019il cr\u00e9e du lien autour d\u2019une tradition, d\u2019un geste, d\u2019un terroir. Ce suppl\u00e9ment d\u2019\u00e2me qui manquait tant au d\u00e9but de l\u2019histoire. Il est peut-\u00eatre l\u00e0, le r\u00e9cit de vie qui devait s\u2019\u00e9crire.<\/p>\n<p class=\" wall-content\"><strong>Le Mangeur Masqu\u00e9<\/strong><\/p>\n<p>\u00a064 rue de la Colombette<\/p>\n<p class=\" wall-content\">Personnalisez votre actualit\u00e9 en ajoutant vos villes et m\u00e9dias en favori avec <a href=\"https:\/\/moncompte.actu.fr\" title=\"D\u00e9couvez Mon Actu\" rel=\"nofollow noopener\" data-trk=\"{&quot;cta&quot;:{&quot;action&quot;:&quot;https:\\\/\\\/moncompte.actu.fr&quot;,&quot;category&quot;:&quot;mon compte&quot;,&quot;from&quot;:&quot;article footer&quot;,&quot;name&quot;:&quot;Mon actu&quot;,&quot;type&quot;:&quot;cta&quot;}}\" target=\"_blank\">Mon Actu<\/a>.<\/p>\n","protected":false},"excerpt":{"rendered":"Par R\u00e9daction de Toulouse Publi\u00e9 le 22 nov. 2025 \u00e0 11h00 Toulouse, une ville qui a le don&hellip;\n","protected":false},"author":2,"featured_media":551089,"comment_status":"","ping_status":"","sticky":false,"template":"","format":"standard","meta":{"footnotes":""},"categories":[2816],"tags":[1111,11,1777,674,1011,27,1652,12,2680,25,2850,1341,2312],"class_list":{"0":"post-551088","1":"post","2":"type-post","3":"status-publish","4":"format-standard","5":"has-post-thumbnail","7":"category-toulouse","8":"tag-actu","9":"tag-actualites","10":"tag-eu","11":"tag-europe","12":"tag-fr","13":"tag-france","14":"tag-loisirs-culture","15":"tag-news","16":"tag-occitanie","17":"tag-republique-francaise","18":"tag-restaurants-de-toulouse","19":"tag-sortir-a-toulouse","20":"tag-toulouse"},"share_on_mastodon":{"url":"https:\/\/pubeurope.com\/@fr\/115592848219612829","error":""},"_links":{"self":[{"href":"https:\/\/www.europesays.com\/fr\/wp-json\/wp\/v2\/posts\/551088","targetHints":{"allow":["GET"]}}],"collection":[{"href":"https:\/\/www.europesays.com\/fr\/wp-json\/wp\/v2\/posts"}],"about":[{"href":"https:\/\/www.europesays.com\/fr\/wp-json\/wp\/v2\/types\/post"}],"author":[{"embeddable":true,"href":"https:\/\/www.europesays.com\/fr\/wp-json\/wp\/v2\/users\/2"}],"replies":[{"embeddable":true,"href":"https:\/\/www.europesays.com\/fr\/wp-json\/wp\/v2\/comments?post=551088"}],"version-history":[{"count":0,"href":"https:\/\/www.europesays.com\/fr\/wp-json\/wp\/v2\/posts\/551088\/revisions"}],"wp:featuredmedia":[{"embeddable":true,"href":"https:\/\/www.europesays.com\/fr\/wp-json\/wp\/v2\/media\/551089"}],"wp:attachment":[{"href":"https:\/\/www.europesays.com\/fr\/wp-json\/wp\/v2\/media?parent=551088"}],"wp:term":[{"taxonomy":"category","embeddable":true,"href":"https:\/\/www.europesays.com\/fr\/wp-json\/wp\/v2\/categories?post=551088"},{"taxonomy":"post_tag","embeddable":true,"href":"https:\/\/www.europesays.com\/fr\/wp-json\/wp\/v2\/tags?post=551088"}],"curies":[{"name":"wp","href":"https:\/\/api.w.org\/{rel}","templated":true}]}}