{"id":55109,"date":"2025-04-26T19:23:07","date_gmt":"2025-04-26T19:23:07","guid":{"rendered":"https:\/\/www.europesays.com\/fr\/55109\/"},"modified":"2025-04-26T19:23:07","modified_gmt":"2025-04-26T19:23:07","slug":"une-rencontre-du-championnat-professionnel-de-tennis-de-table-a-eu","status":"publish","type":"post","link":"https:\/\/www.europesays.com\/fr\/55109\/","title":{"rendered":"Une rencontre du championnat professionnel de tennis de table \u00e0 Eu"},"content":{"rendered":"<p>            Par<br \/>\n        <strong><br \/>\n            <a href=\"https:\/\/actu.fr\/auteur\/lucas-farcy\" title=\"Consulter tous les articles de Lucas Farcy\" target=\"_blank\" rel=\"noopener\">Lucas Farcy<\/a><br \/>\n        <\/strong><\/p>\n<p>        Publi\u00e9 le<\/p>\n<p>            26 avr. 2025 \u00e0 20h36        <\/p>\n<p>Ce mardi 29 avril 2025 \u00e0 19h, c\u2019est un \u00e9v\u00e9nement exceptionnel qui est propos\u00e9 au gymnase municipal de la ville d\u2019Eu :une rencontre du<b> Championnat de France Pro B <\/b>de tennis de table, opposant <b>Amiens stt au Havre.<\/b><\/p>\n<p class=\" wall-content\">\u00c0 cette occasion, le public pourra assister \u00e0 des matchs de tr\u00e8s haut niveau, avec la pr\u00e9sence de joueurs de classe internationale (voir encadr\u00e9).<\/p>\n<p>Les joueurs<\/p>\n<p>\u00a0Amiens Sport tennis de table :<br \/>&#13;<br \/>\nSantiago Lorenzo, champion d&rsquo;Argentine et champion panam\u00e9ricain, r\u00e9cemment \u00e9limin\u00e9 aux Jeux Olympiques de Paris 2024 par Alexis Lebrun.<br \/>&#13;<br \/>\nNicolas Burgos (pr\u00e9sence encore incertaine), champion du Chili et lui aussi pr\u00e9sent \u00e0 Paris 2024.<br \/>&#13;<br \/>\nBenjamin Fruchart, 20 ans, consid\u00e9r\u00e9 comme l&rsquo;un des meilleurs pongistes fran\u00e7ais de sa g\u00e9n\u00e9ration.<br \/>&#13;<br \/>\nDenis Dorcescu, r\u00e9cemment recrut\u00e9 par Amiens et originaire de Eu, tr\u00e8s attendu par son public local.<\/p>\n<p>Le Havre :<br \/>&#13;<br \/>\nHidetoshi Oya, champion du Japon en 2009.<br \/>&#13;<br \/>\nMati Ta\u00efwo, jeune espoir nig\u00e9rien, m\u00e9daill\u00e9 de bronze aux Championnats du monde juniors 2023.<br \/>&#13;<br \/>\nDaniel Pinto, membre du top 10 italien.<br \/>&#13;<br \/>\nDylan Chaperon, joueur normand r\u00e9cemment vainqueur d&rsquo;un TT Series en R\u00e9publique tch\u00e8que.<\/p>\n<p class=\" wall-content\">Cette rencontre a pu \u00eatre organis\u00e9e gr\u00e2ce \u00e0 la volont\u00e9 du club d\u2019Amiens de d\u00e9localiser des matchs, pour promouvoir le tennis de table professionnel sur l\u2019ensemble du territoire. Le choix de Eu s\u2019est impos\u00e9 naturellement, notamment en raison de la pr\u00e9sence de Denis Dorcescu, form\u00e9 au club local, avec qui il a \u00e9volu\u00e9 en Nationale 2. L\u2019Eudois a poursuivi sa carri\u00e8re sportive \u00e0 Amiens en 2023, mais il n\u2019a jamais oubli\u00e9 son premier club.<\/p>\n<p class=\" wall-content\">L\u2019organisation d\u2019une telle rencontre est aussi une belle reconnaissance pour les dirigeants et b\u00e9n\u00e9voles du club de tennis de table de Mers-Le-Tr\u00e9port-Eu (TTMTE).<\/p>\n<p>\u00a0Rencontre de championnat Pro B de tennis de table, mardi 29 avril \u00e0 19h (ouverture des portes \u00e0 18h15). Au gymnase municipal, boulevard Faidherbe \u00e0 Eu. Entr\u00e9e 5\u20ac ,gratuit pour les moins de 15 ans. Billets en vente \u00e0 l\u2019espace culturel Leclerc Etalondes ou sur place le le jour du match. Informations au 06 46 65 01 51.\u00a0<\/p>\n<p>Vid\u00e9os : en ce moment sur Actu<\/p>\n<p class=\" wall-content\">Suivez toute l\u2019actualit\u00e9 de vos villes et m\u00e9dias favoris en vous inscrivant \u00e0 <a href=\"https:\/\/moncompte.actu.fr\" title=\"D\u00e9couvez Mon Actu\" rel=\"nofollow noopener\" data-trk=\"{&quot;cta&quot;:{&quot;action&quot;:&quot;https:\\\/\\\/moncompte.actu.fr&quot;,&quot;category&quot;:&quot;mon compte&quot;,&quot;from&quot;:&quot;article footer&quot;,&quot;name&quot;:&quot;Mon actu&quot;,&quot;type&quot;:&quot;cta&quot;}}\" target=\"_blank\">Mon Actu<\/a>.<\/p>\n","protected":false},"excerpt":{"rendered":"Par Lucas Farcy Publi\u00e9 le 26 avr. 2025 \u00e0 20h36 Ce mardi 29 avril 2025 \u00e0 19h, c\u2019est&hellip;\n","protected":false},"author":2,"featured_media":55110,"comment_status":"","ping_status":"","sticky":false,"template":"","format":"standard","meta":{"footnotes":""},"categories":[1586],"tags":[11,1777,674,1779,1011,27,12,25,60,1778,364,3587],"class_list":{"0":"post-55109","1":"post","2":"type-post","3":"status-publish","4":"format-standard","5":"has-post-thumbnail","7":"category-europe","8":"tag-actualites","9":"tag-eu","10":"tag-europe","11":"tag-european-union","12":"tag-fr","13":"tag-france","14":"tag-news","15":"tag-republique-francaise","16":"tag-sports","17":"tag-ue","18":"tag-union-europeenne","19":"tag-villes-soeurs"},"share_on_mastodon":{"url":"https:\/\/pubeurope.com\/@fr\/114405900537977369","error":""},"_links":{"self":[{"href":"https:\/\/www.europesays.com\/fr\/wp-json\/wp\/v2\/posts\/55109","targetHints":{"allow":["GET"]}}],"collection":[{"href":"https:\/\/www.europesays.com\/fr\/wp-json\/wp\/v2\/posts"}],"about":[{"href":"https:\/\/www.europesays.com\/fr\/wp-json\/wp\/v2\/types\/post"}],"author":[{"embeddable":true,"href":"https:\/\/www.europesays.com\/fr\/wp-json\/wp\/v2\/users\/2"}],"replies":[{"embeddable":true,"href":"https:\/\/www.europesays.com\/fr\/wp-json\/wp\/v2\/comments?post=55109"}],"version-history":[{"count":0,"href":"https:\/\/www.europesays.com\/fr\/wp-json\/wp\/v2\/posts\/55109\/revisions"}],"wp:featuredmedia":[{"embeddable":true,"href":"https:\/\/www.europesays.com\/fr\/wp-json\/wp\/v2\/media\/55110"}],"wp:attachment":[{"href":"https:\/\/www.europesays.com\/fr\/wp-json\/wp\/v2\/media?parent=55109"}],"wp:term":[{"taxonomy":"category","embeddable":true,"href":"https:\/\/www.europesays.com\/fr\/wp-json\/wp\/v2\/categories?post=55109"},{"taxonomy":"post_tag","embeddable":true,"href":"https:\/\/www.europesays.com\/fr\/wp-json\/wp\/v2\/tags?post=55109"}],"curies":[{"name":"wp","href":"https:\/\/api.w.org\/{rel}","templated":true}]}}