{"id":551090,"date":"2025-11-22T10:20:26","date_gmt":"2025-11-22T10:20:26","guid":{"rendered":"https:\/\/www.europesays.com\/fr\/551090\/"},"modified":"2025-11-22T10:20:26","modified_gmt":"2025-11-22T10:20:26","slug":"le-toulouse-fc-pour-confirmer-federation-francaise-de-football-fff","status":"publish","type":"post","link":"https:\/\/www.europesays.com\/fr\/551090\/","title":{"rendered":"Le Toulouse FC pour confirmer | F\u00e9d\u00e9ration Fran\u00e7aise de Football (FFF)"},"content":{"rendered":"<p>                                                              <img data-twic-src=\"https:\/\/www.europesays.com\/fr\/wp-content\/uploads\/2025\/11\/e556c65390e4ed52a45b8c0502e33a72.png\" data-credit=\"TOULOUSE FC \/ FACEBOOK\" title=\"TOULOUSE FC \/ FACEBOOK\" alt=\"\" class=\"block\"\/>                                        <\/p>\n<p style=\"font-weight: bold\">Le Toulouse FC s\u2019avance en confiance vers son entr\u00e9e en lice en Coupe de France f\u00e9minine ce dimanche face \u00e0 Tr\u00e9lissac. Actuelles leaders de Seconde Ligue et fortes d\u2019un parcours jusqu\u2019en quarts de finale la saison pass\u00e9e, les Violettes sont attendues.<\/p>\n<p>C\u2019\u00e9tait l\u2019une des belles histoires de l\u2019\u00e9dition pr\u00e9c\u00e9dente. Le Toulouse FC, tout juste promu en Seconde Ligue, avait atteint les quarts de finale de la Coupe de France f\u00e9minine, en \u00e9liminant notamment le FC Fleury 91. Cette saison, le TFC ne figure plus parmi les surprises et souhaite confirmer les belles promesses entrevues au cours de l\u2019exercice 2024-2025. Et quand on se penche sur les premiers mois de comp\u00e9tition des Occitanes, force est de constater que le vent continue de souffler dans leur dos.<\/p>\n<p>5<\/p>\n<p>Victoires cette saison en Seconde Ligue.<\/p>\n<p>16<\/p>\n<p>Buts marqu\u00e9s, meilleure attaque de Seconde Ligue.<\/p>\n<p>5<\/p>\n<p>Buts encaiss\u00e9s, deuxi\u00e8me meilleure d\u00e9fense de Seconde Ligue.<\/p>\n<p>Pourtant, la saison avait d\u00e9but\u00e9 par une d\u00e9faite lors de la 1\u00e8re journ\u00e9e de Seconde Ligue sur la pelouse du Mans (3-1), mais les Toulousaines ont vite rectifi\u00e9 le tir et sont sur une s\u00e9rie de six matches sans d\u00e9faite en championnat, qui leur permet de si\u00e9ger sur le tr\u00f4ne de leader. \u00ab Nous r\u00e9alisons un bon d\u00e9but de saison, il y a beaucoup de satisfaction. \u00catre en t\u00eate malgr\u00e9 la pression de nos concurrents montre que les filles ont les \u00e9paules pour maintenir une certaine exigence \u00bb, se r\u00e9jouit Antoine G\u00e9rard, le coach du TFC, tout en rappelant que \u00ab la saison se joue sur des d\u00e9tails \u00bb et que son groupe reste en qu\u00eate de peaufinage. La r\u00e9ussite des Violettes s\u2019explique notamment par un \u00e9quilibre remarquable : elles marquent beaucoup\u2026 et encaissent tr\u00e8s peu. Seules deux \u00e9quipes \u2013 Le Mans et Saint-Malo \u2013 ont trouv\u00e9 la faille en sept journ\u00e9es. \u00ab Nous nous procurons de nombreuses situations, les filles font preuve de r\u00e9alisme devant le but. D\u00e9fensivement elles sont tr\u00e8s disciplin\u00e9es et compactes, ce qui nous permet de g\u00e9rer au mieux les attaques adverses et ainsi garder notre cage inviol\u00e9e \u00bb, analyse G\u00e9rard.\u00a0<\/p>\n<p><img decoding=\"async\" title=\"Archives  FFF\" src=\"https:\/\/www.europesays.com\/fr\/wp-content\/uploads\/2025\/11\/0587f9eb09243ba9ea027616f5796a6b.jpg\" alt=\"\"\/>(Photo TOULOUSE FC \/ FACEBOOK).<\/p>\n<p>De retour en Seconde Ligue la saison pass\u00e9e, le TFC avait r\u00e9ussi \u00e0 accrocher la troisi\u00e8me place malgr\u00e9 un d\u00e9but d\u2019exercice compliqu\u00e9, qui avait n\u00e9cessit\u00e9 un temps d\u2019adaptation \u00e0 la deuxi\u00e8me division. Cette ann\u00e9e, l\u2019objectif est clair pour le TFC, viser l\u2019Arkema Premi\u00e8re Ligue : \u00ab faire mieux que la saison pass\u00e9e signifie figurer parmi les deux premiers et acc\u00e9der \u00e0 l\u2019\u00e9lite. C\u2019est notre objectif. L\u2019an pass\u00e9, le manque d\u2019exp\u00e9rience nous avait co\u00fbt\u00e9 des points au d\u00e9but du championnat \u00bb, \u00e9nonce l\u2019entra\u00eeneur toulousain, convaincu que son groupe, d\u00e9sormais plus mature, a franchi un cap qui lui permet de pr\u00e9tendre \u00e0 la Premi\u00e8re Ligue.<\/p>\n<p><strong><a href=\"https:\/\/www.fff.fr\/article\/15667-les-1er-et-2e-tours-federaux-devoiles.html\" target=\"_blank\" rel=\"noopener nofollow\">Les affiches du 1er tour f\u00e9d\u00e9ral<\/a><\/strong><\/p>\n<p>Cette mont\u00e9e en puissance nourrit \u00e9videmment des ambitions en Coupe de France, comp\u00e9tition ch\u00e8re au Toulouse FC, vainqueur de la premi\u00e8re \u00e9dition en 2002. \u00ab La saison derni\u00e8re nous a redonn\u00e9 go\u00fbt \u00e0 la performance en Coupe. Si nous avons pu atteindre les quarts, pourquoi ne pas faire mieux cette ann\u00e9e ? \u00bb Mais avant de r\u00eaver plus loin, place \u00e0 Tr\u00e9lissac \u2013 pensionnaire de R\u00e9gional 2 \u2013 ce dimanche \u00e0 14h30, une rencontre qu\u2019Antoine G\u00e9rard aborde avec concentration et humilit\u00e9 : \u00ab le football f\u00e9minin s\u2019homog\u00e9n\u00e9ise, il faut rester humbles et respectueux de chaque adversaire. L\u2019an pass\u00e9, notre approche avait fait la diff\u00e9rence. Nous ne faisions aucune distinction entre les adversaires. \u00bb Port\u00e9 par la belle dynamique qu\u2019il conna\u00eet en Seconde Ligue et un groupe ayant gagn\u00e9 en exp\u00e9rience, le TFC esp\u00e8re d\u00e9sormais lancer en beaut\u00e9 son nouveau chapitre en Coupe dimanche, sur la pelouse de Tr\u00e9lissac.\u00a0<\/p>\n<p>Calendrier de la Coupe de France f\u00e9minine 2025-2026<\/p>\n<ul>\n<li class=\"light\">Mercredi 5 novembre 2025 : tirage au sort des 1er et 2e tours f\u00e9d\u00e9raux (12h00)<\/li>\n<li class=\"light\">Dimanche 23 novembre 2025 : 1er tour f\u00e9d\u00e9ral (entr\u00e9e des \u00e9quipes de Seconde Ligue)<\/li>\n<li class=\"light\">Dimanche 14 d\u00e9cembre 2025 : 2e tour f\u00e9d\u00e9ral<\/li>\n<li class=\"light\">Mardi 16 d\u00e9cembre 2025 : tirage au sort des 16es de finale<\/li>\n<li class=\"light\">Dimanche 11 janvier 2026 : 16es de finale (entr\u00e9e des \u00e9quipes Arkema Premi\u00e8re Ligue)<\/li>\n<li class=\"light\">Lundi 12 janvier 2026 : tirage au sort des 8es de finale<\/li>\n<li class=\"light\">Dimanche 25 janvier 2026 : 8es de finale<\/li>\n<li class=\"light\">Lundi 2 f\u00e9vrier 2026 : tirage au sort des quarts et demi-finales<\/li>\n<li class=\"light\">Dimanche 15 mars 2026 : quarts de finale<\/li>\n<li class=\"light\">Dimanche 5 avril 2026 : demi-finales<\/li>\n<li class=\"light\">Samedi 9 ou dimanche 10 mai 2026 : finale<\/li>\n<\/ul>\n","protected":false},"excerpt":{"rendered":"Le Toulouse FC s\u2019avance en confiance vers son entr\u00e9e en lice en Coupe de France f\u00e9minine ce dimanche&hellip;\n","protected":false},"author":2,"featured_media":551091,"comment_status":"","ping_status":"","sticky":false,"template":"","format":"standard","meta":{"footnotes":""},"categories":[2816],"tags":[1111,11,1777,674,85,1011,27,12,2680,25,2312],"class_list":{"0":"post-551090","1":"post","2":"type-post","3":"status-publish","4":"format-standard","5":"has-post-thumbnail","7":"category-toulouse","8":"tag-actu","9":"tag-actualites","10":"tag-eu","11":"tag-europe","12":"tag-fff","13":"tag-fr","14":"tag-france","15":"tag-news","16":"tag-occitanie","17":"tag-republique-francaise","18":"tag-toulouse"},"share_on_mastodon":{"url":"https:\/\/pubeurope.com\/@fr\/115592850701854367","error":""},"_links":{"self":[{"href":"https:\/\/www.europesays.com\/fr\/wp-json\/wp\/v2\/posts\/551090","targetHints":{"allow":["GET"]}}],"collection":[{"href":"https:\/\/www.europesays.com\/fr\/wp-json\/wp\/v2\/posts"}],"about":[{"href":"https:\/\/www.europesays.com\/fr\/wp-json\/wp\/v2\/types\/post"}],"author":[{"embeddable":true,"href":"https:\/\/www.europesays.com\/fr\/wp-json\/wp\/v2\/users\/2"}],"replies":[{"embeddable":true,"href":"https:\/\/www.europesays.com\/fr\/wp-json\/wp\/v2\/comments?post=551090"}],"version-history":[{"count":0,"href":"https:\/\/www.europesays.com\/fr\/wp-json\/wp\/v2\/posts\/551090\/revisions"}],"wp:featuredmedia":[{"embeddable":true,"href":"https:\/\/www.europesays.com\/fr\/wp-json\/wp\/v2\/media\/551091"}],"wp:attachment":[{"href":"https:\/\/www.europesays.com\/fr\/wp-json\/wp\/v2\/media?parent=551090"}],"wp:term":[{"taxonomy":"category","embeddable":true,"href":"https:\/\/www.europesays.com\/fr\/wp-json\/wp\/v2\/categories?post=551090"},{"taxonomy":"post_tag","embeddable":true,"href":"https:\/\/www.europesays.com\/fr\/wp-json\/wp\/v2\/tags?post=551090"}],"curies":[{"name":"wp","href":"https:\/\/api.w.org\/{rel}","templated":true}]}}