{"id":551092,"date":"2025-11-22T10:22:18","date_gmt":"2025-11-22T10:22:18","guid":{"rendered":"https:\/\/www.europesays.com\/fr\/551092\/"},"modified":"2025-11-22T10:22:18","modified_gmt":"2025-11-22T10:22:18","slug":"a-2h30-de-lille-misez-sur-une-escapade-avec-la-visite-de-ce-parc-dattractions-et-son-hiver-feerique","status":"publish","type":"post","link":"https:\/\/www.europesays.com\/fr\/551092\/","title":{"rendered":"\u00c0 2h30 de Lille, misez sur une escapade avec la visite de ce parc d&rsquo;attractions et son hiver f\u00e9\u00e9rique"},"content":{"rendered":"<p>                    Par<br \/>\n        <strong><br \/>\n            <a href=\"https:\/\/actu.fr\/auteur\/margot-nicodeme\" title=\"Consulter tous les articles de Margot Nicod\u00e8me\" target=\"_blank\" rel=\"noopener\">Margot Nicod\u00e8me<\/a><br \/>\n                    <\/strong><\/p>\n<p>        Publi\u00e9 le<\/p>\n<p>            22 nov. 2025 \u00e0 10h12        <\/p>\n<p><b>La magie des f\u00eates de fin d\u2019ann\u00e9e<\/b> se vit pleinement, pour qui est fan de la p\u00e9riode. En dehors des <a href=\"https:\/\/actu.fr\/loisirs-culture\/a-deux-heures-de-lille-lun-des-plus-beaux-marches-de-noel-de-belgique-lance-ce-week-end-dans-une-abbaye_63436388.html\" target=\"_blank\" rel=\"noopener\">march\u00e9s de No\u00ebl<\/a>, qui fleurissent un peu partout alors que la fin novembre approche,<b> les parcs d\u2019attraction<\/b> sont un refuge o\u00f9<b> le r\u00eave est omnipr\u00e9sent<\/b>. Certains valent un plus grand d\u00e9tour, \u00e0 l\u2019instar d\u2019<b>Efteling, aux <a href=\"https:\/\/actu.fr\/tag\/pays-bas\" target=\"_blank\" rel=\"noopener\">Pays-Bas<\/a><\/b>. \u00c0 2h30 de <a href=\"https:\/\/actu.fr\/hauts-de-france\/lille_59350\" target=\"_blank\" rel=\"noopener\">Lille<\/a> (Nord), l\u2019aller-retour jusqu\u2019\u00e0 son \u00ab\u00a0hiver f\u00e9\u00e9rique\u00a0\u00bb peut \u00eatre l\u2019occasion de d\u00e9couvrir plus largement le Brabant-Septentrional, province au sud du pays. La 27e \u00e9dition du \u00ab\u00a0Efteling Hiver\u00a0\u00bb met en sc\u00e8ne \u00ab\u00a0un univers rempli de<b> lumi\u00e8res scintillantes<\/b>, de <b>feux cr\u00e9pitants<\/b> et de <b>divertissements enchanteurs<\/b>\u00ab\u00a0.<\/p>\n<p>    <img   decoding=\"async\" loading=\"lazy\" class=\"size-large\" src=\"https:\/\/www.europesays.com\/fr\/wp-content\/uploads\/2025\/11\/5948e1479c1966d48e1479c193158ev-960x640.jpg\" alt=\"La saison f\u00e9\u00e9rique est lanc\u00e9e !\" width=\"960\" height=\"640\"\/><br \/>\n    La saison f\u00e9\u00e9rique est lanc\u00e9e ! \u00a9\u00a9Marijn de Wijs PhotographyArbre enchant\u00e9, contes f\u00e9\u00e9riques, patinoire\u2026 Le parc Efteling est pass\u00e9 en mode hiver<\/p>\n<p class=\" wall-content\">Le parc est \u00ab\u00a0illumin\u00e9 de mille feux\u00a0\u00bb depuis le 10 novembre. Efteling, troisi\u00e8me parc le plus visit\u00e9 d\u2019Europe, est officiellement pass\u00e9 \u00e0 l\u2019heure d\u2019hiver. Situ\u00e9 \u00e0 Kaatsheuvel, une ville de 16 000 habitants, il fait particuli\u00e8rement sensation en fin d\u2019ann\u00e9e. L\u2019\u00e9merveillement est au rendez-vous dans chaque espace : les zones de nature, les attractions familiales, les montagnes russes\u2026 En ajoutant bien s\u00fbr les spectacles du parc, y compris le spectacle aquatique Aquanura.\u00a0<\/p>\n<p class=\" wall-content\">Concr\u00e8tement, un <b>arbre hivernal enchant\u00e9<\/b> haut de 9 m\u00e8tres et tout illumin\u00e9 accueille les visiteurs sur la plaine hivernale \u00ab\u00a0Warme winter weide\u00a0\u00bb. \u00c0 ce m\u00eame endroit, une grande patinoire et des stands de restauration.<\/p>\n<p>    <img   decoding=\"async\" loading=\"lazy\" class=\"size-large\" src=\"https:\/\/www.europesays.com\/fr\/wp-content\/uploads\/2025\/11\/960880479c196aa0880479c196e088v-960x640.jpg\" alt=\"Montagnes russes, contes de No\u00ebl... le plein d'activit\u00e9s pour toute la famille.\" width=\"960\" height=\"640\"\/><br \/>\n    Montagnes russes, contes de No\u00ebl\u2026 le plein d\u2019activit\u00e9s pour toute la famille. \u00a9Margot Nicod\u00e8me<\/p>\n<p class=\" wall-content\">La place Ton van de Venplein est quant \u00e0 elle occup\u00e9e par <b>des elfes avec leurs bo\u00eetes \u00e0 musique<\/b>, quand un<b> tout nouveau carrousel<\/b> <b>chantant<\/b> attend le public sur la place Anton Pieckplein. Le th\u00e9\u00e2tre en plein air Au Bois des contes re\u00e7oit <b>la pi\u00e8ce \u00ab\u00a0Soir\u00e9e avec L<\/b><b>oup\u00a0\u00bb<\/b>.<\/p>\n<p class=\" wall-content\">\u00c0 d\u00e9couvrir \u00e9galement le spectacles de chansons, marionnettes et effets visuels \u00ab\u00a0L\u2019Homme \u00e0 la lanterne magique\u00a0\u00bb, et le conte \u00ab\u00a0La Princesse au petit pois\u00a0\u00bb. C\u2019est la tr\u00e8s populaire chanteuse belge Geike Arnaert qui anime cette derni\u00e8re cr\u00e9ation.<\/p>\n<p>Un nouveau \u00ab\u00a0grand h\u00f4tel enchant\u00e9\u00a0\u00bb et une soir\u00e9e du Nouvel An m\u00e9morable<\/p>\n<p class=\" wall-content\">Pour cette saison hivernale, le parc compte parmi ses nombreux atouts son tout nouvel Efteling Grand Hotel. Inaugur\u00e9 l\u2019\u00e9t\u00e9 dernier, il h\u00e9berge \u00ab\u00a0petits et grands dans une ambiance de grand h\u00f4tel enchant\u00e9\u00a0\u00bb, avec des chambres et suites disponibles en quatre ambiances color\u00e9es. Elles \u00ab\u00a0offrent une vue sur le Bois des contes, Aquanura, la Maison des cinq sens et la Promenade Pardoes\u00a0\u00bb.\u00a0<\/p>\n<p>Votre r\u00e9gion, votre actu !<\/p>\n<p>Recevez chaque jour les infos qui comptent pour vous.<\/p>\n<p>\t<a href=\"https:\/\/actu.fr\/newsletter\" class=\"ac-btn ac-btn--corner ac-btn--medium ac-btn--blue800\" target=\"_blank\" rel=\"noopener\">S&rsquo;incrire<\/a><\/p>\n<p>    <img   decoding=\"async\" loading=\"lazy\" class=\"size-large\" src=\"https:\/\/www.europesays.com\/fr\/wp-content\/uploads\/2025\/11\/6dca30479c19661da30479c1935da3v-960x640.jpg\" alt=\"La magie d'Efteling\" width=\"960\" height=\"640\"\/><br \/>\n    Le spectacle aquatique Aquanura est \u00e0 d\u00e9couvrir. \u00a9\u00a9Marijn de Wijs Photography<br \/>\n    <img   decoding=\"async\" loading=\"lazy\" class=\"size-large\" src=\"https:\/\/www.europesays.com\/fr\/wp-content\/uploads\/2025\/11\/036830479c196176830479c19ea683v-960x640.jpg\" alt=\"Le parc Efteling, au sud des Pays-Bas, est pass\u00e9 \u00e0 l'heure d'hiver.\" width=\"960\" height=\"640\"\/><br \/>\n    Le parc Efteling, au sud des Pays-Bas, est pass\u00e9 \u00e0 l\u2019heure d\u2019hiver. \u00a9\u00a9Marijn de Wijs Photography<\/p>\n<p class=\" wall-content\">Enfin, le parc promet <b>une soir\u00e9e m\u00e9morable du Nouvel An<\/b>, avec une ouverture le 31 d\u00e9cembre de 19h \u00e0 1h. La soir\u00e9e sera anim\u00e9e par le magicien Pardoes, et elle se cl\u00f4turera par un feu d\u2019artifice.<\/p>\n<p class=\" wall-content\">Les \u00e9quipes rappellent que \u00ab\u00a0depuis l\u2019ouverture du Bois des contes en 1952, Efteling est devenu la plus grande destination touristique du Benelux\u00a0\u00bb. Bon \u00e0 savoir : <b>l\u2019entr\u00e9e est gratuite pour les moins de 4 ans<\/b>.<\/p>\n<p>Pour vivre la magie de No\u00ebl \u00e0 Efteling, <a href=\"https:\/\/www.efteling.com\/fr\/parc\/events\/hiver-efteling\" target=\"_blank\" rel=\"noopener\">rendez-vous sur le site<\/a>. Le parc est ouvert 7\/7 j. Prix d\u2019entr\u00e9e : 38 \u20ac.<\/p>\n<p class=\" wall-content\">Personnalisez votre actualit\u00e9 en ajoutant vos villes et m\u00e9dias en favori avec <a href=\"https:\/\/moncompte.actu.fr\" title=\"D\u00e9couvez Mon Actu\" rel=\"nofollow noopener\" data-trk=\"{&quot;cta&quot;:{&quot;action&quot;:&quot;https:\\\/\\\/moncompte.actu.fr&quot;,&quot;category&quot;:&quot;mon compte&quot;,&quot;from&quot;:&quot;article footer&quot;,&quot;name&quot;:&quot;Mon actu&quot;,&quot;type&quot;:&quot;cta&quot;}}\" target=\"_blank\">Mon Actu<\/a>.<\/p>\n","protected":false},"excerpt":{"rendered":"Par Margot Nicod\u00e8me Publi\u00e9 le 22 nov. 2025 \u00e0 10h12 La magie des f\u00eates de fin d\u2019ann\u00e9e se&hellip;\n","protected":false},"author":2,"featured_media":551093,"comment_status":"","ping_status":"","sticky":false,"template":"","format":"standard","meta":{"footnotes":""},"categories":[2815],"tags":[1111,11,1777,674,652,1011,27,811,1307,1652,12,15830,934,25],"class_list":{"0":"post-551092","1":"post","2":"type-post","3":"status-publish","4":"format-standard","5":"has-post-thumbnail","7":"category-lille","8":"tag-actu","9":"tag-actualites","10":"tag-eu","11":"tag-europe","12":"tag-famille","13":"tag-fr","14":"tag-france","15":"tag-hauts-de-france","16":"tag-lille","17":"tag-loisirs-culture","18":"tag-news","19":"tag-noel","20":"tag-pays-bas","21":"tag-republique-francaise"},"share_on_mastodon":{"url":"https:\/\/pubeurope.com\/@fr\/115592859778754339","error":""},"_links":{"self":[{"href":"https:\/\/www.europesays.com\/fr\/wp-json\/wp\/v2\/posts\/551092","targetHints":{"allow":["GET"]}}],"collection":[{"href":"https:\/\/www.europesays.com\/fr\/wp-json\/wp\/v2\/posts"}],"about":[{"href":"https:\/\/www.europesays.com\/fr\/wp-json\/wp\/v2\/types\/post"}],"author":[{"embeddable":true,"href":"https:\/\/www.europesays.com\/fr\/wp-json\/wp\/v2\/users\/2"}],"replies":[{"embeddable":true,"href":"https:\/\/www.europesays.com\/fr\/wp-json\/wp\/v2\/comments?post=551092"}],"version-history":[{"count":0,"href":"https:\/\/www.europesays.com\/fr\/wp-json\/wp\/v2\/posts\/551092\/revisions"}],"wp:featuredmedia":[{"embeddable":true,"href":"https:\/\/www.europesays.com\/fr\/wp-json\/wp\/v2\/media\/551093"}],"wp:attachment":[{"href":"https:\/\/www.europesays.com\/fr\/wp-json\/wp\/v2\/media?parent=551092"}],"wp:term":[{"taxonomy":"category","embeddable":true,"href":"https:\/\/www.europesays.com\/fr\/wp-json\/wp\/v2\/categories?post=551092"},{"taxonomy":"post_tag","embeddable":true,"href":"https:\/\/www.europesays.com\/fr\/wp-json\/wp\/v2\/tags?post=551092"}],"curies":[{"name":"wp","href":"https:\/\/api.w.org\/{rel}","templated":true}]}}