{"id":551094,"date":"2025-11-22T10:23:14","date_gmt":"2025-11-22T10:23:14","guid":{"rendered":"https:\/\/www.europesays.com\/fr\/551094\/"},"modified":"2025-11-22T10:23:14","modified_gmt":"2025-11-22T10:23:14","slug":"un-evenement-au-coeur-de-la-solidarite-et-du-bien-vieillir","status":"publish","type":"post","link":"https:\/\/www.europesays.com\/fr\/551094\/","title":{"rendered":"un \u00e9v\u00e9nement au c\u0153ur de la solidarit\u00e9 et du bien-vieillir"},"content":{"rendered":"<p>Un programme riche et diversifi\u00e9<\/p>\n<p>Cet \u00e9v\u00e9nement se d\u00e9cline autour de grandes th\u00e9matiques :<\/p>\n<ul>\n<li><strong>Gastronomie<\/strong><\/li>\n<li><strong>Habitat &amp; r\u00e9novation (confort, accessibilit\u00e9)<\/strong><\/li>\n<li><strong>Autonomie, avec des solutions pour rester actif et ind\u00e9pendant<\/strong><\/li>\n<li><strong>Maisons de retraite et r\u00e9sidences adapt\u00e9es<\/strong><\/li>\n<li><strong>Loisirs, voyages, d\u00e9tente<\/strong><\/li>\n<li><strong>Sant\u00e9 &amp; beaut\u00e9<\/strong><\/li>\n<li><strong>Droits, patrimoine<\/strong><\/li>\n<li><strong>Services \u00e0 la personne <\/strong><\/li>\n<\/ul>\n<p>Ces sujets visent \u00e0 r\u00e9pondre aux pr\u00e9occupations des seniors, mais aussi \u00e0 leur offrir des pistes pour enrichir leur quotidien : bien vivre, bien vieillir, et rester acteur de leur vie.<\/p>\n<p>Animations et \u00e9changes<\/p>\n<p>Ce salon ne se limite pas \u00e0 des stands : il accueille des animations vari\u00e9es pour rendre la visite conviviale et inspirante. Les visiteurs peuvent \u00e9changer directement avec des professionnels, des associations et des exposants. <\/p>\n<p>La participation est ouverte \u00e0 tous et gratuite, ce qui favorise un acc\u00e8s large, sans barri\u00e8re financi\u00e8re. <\/p>\n<p>Pourquoi ce salon est important<\/p>\n<p>1. <strong>Favoriser le lien social<\/strong> : Le salon permet aux seniors de se rencontrer, mais aussi de rompre l\u2019isolement, un enjeu particuli\u00e8rement fort dans une grande ville comme Marseille.<\/p>\n<p>2. <strong>Informer et accompagner<\/strong> : Les visiteurs peuvent acc\u00e9der \u00e0 des ressources concr\u00e8tes \u2014 aides \u00e0 domicile, services de soins, logement, etc. \u2014, tout en posant des questions \u00e0 des experts.<\/p>\n<p>3. <strong>Inspirer pour l\u2019avenir<\/strong> : Au-del\u00e0 des pr\u00e9occupations d\u2019aujourd\u2019hui, le salon ouvre des perspectives : comment adapter son logement ? Comment envisager des projets de voyage ou de loisirs ?<\/p>\n<p>4. <strong>Encourager la participation <\/strong>: En rassemblant entreprises, associations et institutions, il permet de construire des ponts entre le secteur public, le priv\u00e9 et les citoyens.<\/p>\n<p>Informations pratiques<\/p>\n<p>Dates : 21 et 22 novembre 2025<\/p>\n<p>Horaires : de 10h \u00e0 18h les deux jours<\/p>\n<p>Lieu : Parc des Expositions \u2013 Palais des Congr\u00e8s du Parc Chanot, 2 bd Rabatau, 13008 Marseille<\/p>\n<p>Entr\u00e9e : gratuite pour les visiteurs<\/p>\n","protected":false},"excerpt":{"rendered":"Un programme riche et diversifi\u00e9 Cet \u00e9v\u00e9nement se d\u00e9cline autour de grandes th\u00e9matiques : Gastronomie Habitat &amp; r\u00e9novation&hellip;\n","protected":false},"author":2,"featured_media":551095,"comment_status":"","ping_status":"","sticky":false,"template":"","format":"standard","meta":{"footnotes":""},"categories":[2814],"tags":[17,1111,11,6521,154,1777,674,2087,1011,27,2831,884,12,882,25,6290,3552,7053],"class_list":{"0":"post-551094","1":"post","2":"type-post","3":"status-publish","4":"format-standard","5":"has-post-thumbnail","7":"category-marseille","8":"tag-17","9":"tag-actu","10":"tag-actualites","11":"tag-coeur","12":"tag-des","13":"tag-eu","14":"tag-europe","15":"tag-evenement","16":"tag-fr","17":"tag-france","18":"tag-loisirs-traditions","19":"tag-marseille","20":"tag-news","21":"tag-provence-alpes-cote-dazur","22":"tag-republique-francaise","23":"tag-salon","24":"tag-seniors","25":"tag-sud"},"share_on_mastodon":{"url":"https:\/\/pubeurope.com\/@fr\/115592862497589107","error":""},"_links":{"self":[{"href":"https:\/\/www.europesays.com\/fr\/wp-json\/wp\/v2\/posts\/551094","targetHints":{"allow":["GET"]}}],"collection":[{"href":"https:\/\/www.europesays.com\/fr\/wp-json\/wp\/v2\/posts"}],"about":[{"href":"https:\/\/www.europesays.com\/fr\/wp-json\/wp\/v2\/types\/post"}],"author":[{"embeddable":true,"href":"https:\/\/www.europesays.com\/fr\/wp-json\/wp\/v2\/users\/2"}],"replies":[{"embeddable":true,"href":"https:\/\/www.europesays.com\/fr\/wp-json\/wp\/v2\/comments?post=551094"}],"version-history":[{"count":0,"href":"https:\/\/www.europesays.com\/fr\/wp-json\/wp\/v2\/posts\/551094\/revisions"}],"wp:featuredmedia":[{"embeddable":true,"href":"https:\/\/www.europesays.com\/fr\/wp-json\/wp\/v2\/media\/551095"}],"wp:attachment":[{"href":"https:\/\/www.europesays.com\/fr\/wp-json\/wp\/v2\/media?parent=551094"}],"wp:term":[{"taxonomy":"category","embeddable":true,"href":"https:\/\/www.europesays.com\/fr\/wp-json\/wp\/v2\/categories?post=551094"},{"taxonomy":"post_tag","embeddable":true,"href":"https:\/\/www.europesays.com\/fr\/wp-json\/wp\/v2\/tags?post=551094"}],"curies":[{"name":"wp","href":"https:\/\/api.w.org\/{rel}","templated":true}]}}