{"id":551096,"date":"2025-11-22T10:24:27","date_gmt":"2025-11-22T10:24:27","guid":{"rendered":"https:\/\/www.europesays.com\/fr\/551096\/"},"modified":"2025-11-22T10:24:27","modified_gmt":"2025-11-22T10:24:27","slug":"plongee-au-coeur-du-savim-a-marseille-entre-effluves-et-degustations","status":"publish","type":"post","link":"https:\/\/www.europesays.com\/fr\/551096\/","title":{"rendered":"plong\u00e9e au c\u0153ur du SAVIM \u00e0 Marseille, entre effluves et d\u00e9gustations"},"content":{"rendered":"<p>\u00ab\u00a0\u00c7a se presse dans les all\u00e9es !\u00a0\u00bb s&rsquo;exclame notre reporter Laurence Durandau. Pas de doute, le SAVIM d&rsquo;automne a bien fait son grand retour au Parc Chanot \u00e0 Marseille. Pour sa 37\u00e8me \u00e9dition, le temple des vins et de la gastronomie a ouvert ses portes vendredi matin dans une effervescence joyeuse et gourmande.<\/p>\n<p class=\"ng-star-inserted\">Caddies, cabas et verres de d\u00e9gustation en main, des milliers de bons vivants sont d\u00e9j\u00e0 partis hier \u00e0 la rencontre de plus de 400 vignerons, producteurs et artisans passionn\u00e9s. Un tourbillon de saveurs, de rencontres et de traditions, \u00e0 savourer jusqu&rsquo;\u00e0 lundi, comme l&rsquo;a rappel\u00e9 Laurence \u00e0 l&rsquo;occasion du \u00ab\u00a0Fil Rouge\u00a0\u00bb ce vendredi sur maritima radio.<\/p>\n<p class=\"ng-star-inserted\">\u00a0<\/p>\n<p><strong class=\"ng-star-inserted\">\u00ab\u00a0Derri\u00e8re un produit, un visage\u00a0\u00bb : la philosophie immuable du SAVIM<\/strong><\/p>\n<p class=\"ng-star-inserted\">Depuis 37 ans, la recette du succ\u00e8s n&rsquo;a pas chang\u00e9. Pour Philippe Colonna, organisateur et fondateur du salon, la ligne est claire :\u00a0<strong class=\"ng-star-inserted\">\u00ab\u00a0On n&rsquo;a pas chang\u00e9 de direction. Il y a deux crit\u00e8res : le go\u00fbt, et l&rsquo;authenticit\u00e9. Derri\u00e8re un produit, vous devez avoir un visage, le visage du producteur\u00a0\u00bb<\/strong>. Un retour aux sources pl\u00e9biscit\u00e9 par un public de plus en plus nombreux, attendu \u00e0 plus de 80 000 visiteurs cette ann\u00e9e. Citant le l\u00e9gendaire Chef lyonnais Paul Bocuse, il r\u00e9sume l&rsquo;esprit du salon : <strong class=\"ng-star-inserted\">\u00ab\u00a0La gastronomie de demain, ce sera la gastronomie d&rsquo;hier\u00a0\u00bb<\/strong>.<\/p>\n<p class=\"ng-star-inserted\">\u00a0<\/p>\n<p class=\"ng-star-inserted\"><img loading=\"lazy\" decoding=\"async\" src=\"https:\/\/ws.maritima.fr\/api\/images%2F1763739823086blob\" alt=\"\" width=\"500\" height=\"375\"\/><\/p>\n<p class=\"ng-star-inserted\">\u00a0<\/p>\n<p><strong class=\"ng-star-inserted\">Escale en Corse : \u00ab\u00a0A l&rsquo;appel de la Corse, on ne r\u00e9siste pas !\u00a0\u00bb<\/strong><\/p>\n<p class=\"ng-star-inserted\">Au d\u00e9tour d&rsquo;une all\u00e9e, les effluves grill\u00e9es nous guident irr\u00e9sistiblement. \u00ab\u00a0Je crois que je vais sentir le burger de bison et le figatellu jusqu&rsquo;\u00e0 la r\u00e9daction !\u00a0\u00bb, s&rsquo;amuse notre reporter. Nous voici sur le stand de la\u00a0<strong class=\"ng-star-inserted\">charcuterie Buresi<\/strong>, venue tout droit de la vall\u00e9e du Haut-Taravo. Sabrina, l&rsquo;une des filles de la maison, pr\u00e9sente avec fiert\u00e9 les tr\u00e9sors de l&rsquo;\u00cele de Beaut\u00e9 sous le regard bienveillant de sa maman Sophie.<\/p>\n<p class=\"ng-star-inserted\">\u00ab\u00a0L\u00e0, vous avez de la poitrine, ce qu&rsquo;on appelle\u00a0pancetta\u00a0chez nous, de la joue, la\u00a0valette, et le\u00a0figatellu bien s\u00fbr, il est arriv\u00e9, c&rsquo;est la saison !\u00a0\u00bb, explique-t-elle. L&rsquo;entreprise familiale, qui \u00e9l\u00e8ve plus de 1000 cochons en AOP, perp\u00e9tue un savoir-faire depuis 40 ans. \u00ab\u00a0C&rsquo;est de pouvoir aider mon p\u00e8re, mon grand-p\u00e8re et mon cousin\u00a0\u00bb, confie-t-elle sur ce qui la motive. Une passion transmise, pour une qualit\u00e9 reconnue. <\/p>\n<p class=\"ng-star-inserted\">Jospeh, son compagnon, fait griller pour la premi\u00e8re fois sur le stand du figatellu, \u00e0 d\u00e9guster en sandwich. Une formule savoureuse test\u00e9e et approuv\u00e9e par Laurence et Sandrine Perret !! Cette coll\u00e8gue de la r\u00e9gie Pub est venue en renfort sur le salon pour le partenariat Maritima.<\/p>\n<p class=\"ng-star-inserted\">\u00a0<\/p>\n<p class=\"ng-star-inserted\"><img loading=\"lazy\" decoding=\"async\" src=\"https:\/\/ws.maritima.fr\/api\/images%2F1763746966091blob\" alt=\"\" width=\"555\" height=\"417\"\/><\/p>\n<p>\u00a0<br \/>\n<strong class=\"ng-star-inserted\">D\u00e9tour par la Bourgogne : l&rsquo;\u00e9l\u00e9gance du Chablis<\/strong><\/p>\n<p class=\"ng-star-inserted\">Apr\u00e8s la Corse, direction le nord de la Bourgogne avec le\u00a0<strong class=\"ng-star-inserted\">Domaine Barat<\/strong>. Ang\u00e8le, 6\u00e8me g\u00e9n\u00e9ration de vignerons, est une habitu\u00e9e du salon. \u00ab\u00a0\u00c7a fait depuis 2007 que nous sommes sur le salon de la SAVIM\u00a0\u00bb, raconte-t-elle avec un sourire. La motivation ? \u00ab\u00a0Faire plaisir aux Marseillais, leur faire go\u00fbter notre meilleur Chablis, \u00e0 boire toute l&rsquo;ann\u00e9e et se faire plaisir sur les hu\u00eetres, les coquillages\u00a0\u00bb.<\/p>\n<p class=\"ng-star-inserted\">Accompagn\u00e9e de son \u00e9poux Tony et de leur fille Ana\u00eblle, elle incarne cette transmission qui fait la richesse du salon. Pour Ana\u00eblle, c&rsquo;est une \u00e9vidence : \u00ab\u00a0Pour moi c&rsquo;est familial, j&rsquo;ai baign\u00e9 dedans, je baigne encore dedans, et j&rsquo;appr\u00e9cie \u00e9norm\u00e9ment le Chablis\u00a0\u00bb.<\/p>\n<p class=\"ng-star-inserted\">\u00a0<\/p>\n<p><strong class=\"ng-star-inserted\">Coup de C\u0153ur insolite : le burger de Bison<\/strong><\/p>\n<p class=\"ng-star-inserted\">Au SAVIM, on fait aussi des d\u00e9couvertes surprenantes. Sous son chapeau de cowboy, Matthieu, \u00e9leveur du nord de l&rsquo;Auvergne fait cr\u00e9piter ses steaks sur la plancha. Sa sp\u00e9cialit\u00e9 ? Le burger de bison. \u00ab\u00a0C&rsquo;est une viande tr\u00e8s tendre, contrairement aux id\u00e9es re\u00e7ues\u00a0\u00bb, explique-t-il. \u00ab\u00a0On est proche du b\u0153uf avec un go\u00fbt un peu bois\u00e9. C&rsquo;est tr\u00e8s maigre comme viande, tr\u00e8s di\u00e9t\u00e9tique, riche en fer et en prot\u00e9ines\u00a0\u00bb. Une alternative originale qui a visiblement s\u00e9duit notre reporter.<\/p>\n<p class=\"ng-star-inserted\">Entre les grands classiques du terroir fran\u00e7ais, les d\u00e9lices italiens, les produits locaux comme la bi\u00e8re de Sulauze entre Istres et Miramas, les chocolats \u00e0 l&rsquo;huile d&rsquo;olive de l&rsquo;Esp\u00e9rante de Marseille ou encore les breuvages de la Kaz \u00e0 Rhum de Martigues et ces p\u00e9pites inattendues comme la cuisine mol\u00e9culaire, le SAVIM confirme une fois de plus son statut de rendez-vous de r\u00e9f\u00e9rence et d&rsquo;authenticit\u00e9, immanquable pour tous les gourmands et les curieux.\u00a0\u00a0<\/p>\n<p class=\"ng-star-inserted\">\u00a0<\/p>\n<p class=\"ng-star-inserted\"><img loading=\"lazy\" decoding=\"async\" src=\"https:\/\/ws.maritima.fr\/api\/images%2F1763739708461blob\" alt=\"\" width=\"500\" height=\"375\"\/><\/p>\n<p class=\"ng-star-inserted\">\u00a0<\/p>\n<p class=\"ng-star-inserted\"><strong class=\"ng-star-inserted\">Informations pratiques :<\/strong><\/p>\n<ul class=\"ng-star-inserted\">\n<li class=\"ng-star-inserted\">\n<p class=\"ng-star-inserted\"><strong class=\"ng-star-inserted\">Quoi ?<\/strong>\u00a037\u00e8me SAVIM d&rsquo;automne<\/p>\n<\/li>\n<li class=\"ng-star-inserted\">\n<p class=\"ng-star-inserted\"><strong class=\"ng-star-inserted\">O\u00f9 ?<\/strong>\u00a0Parc Chanot, Marseille<\/p>\n<\/li>\n<li class=\"ng-star-inserted\">\n<p class=\"ng-star-inserted\"><strong class=\"ng-star-inserted\">Quand ?<\/strong>\u00a0Du 21 au 24 novembre, de 10h \u00e0 20h (18h le lundi)<\/p>\n<\/li>\n<li class=\"ng-star-inserted\">\n<p class=\"ng-star-inserted\"><strong class=\"ng-star-inserted\">Au programme :<\/strong> Plus de 400 producteurs et artisans, d\u00e9gustations, restauration sur place et ateliers d&rsquo;\u0153nologie.<\/p>\n<\/li>\n<\/ul>\n<p>\u00a0<\/p>\n<p>Ci-dessous en photos quelques exemples de stands \u00e0 la SAVIM.<\/p>\n<p><img loading=\"lazy\" decoding=\"async\" src=\"https:\/\/ws.maritima.fr\/api\/images%2F1763747705737blob\" alt=\"\" width=\"498\" height=\"373\"\/><\/p>\n<p><img loading=\"lazy\" decoding=\"async\" src=\"https:\/\/ws.maritima.fr\/api\/images%2F1763739874594blob\" alt=\"\" width=\"500\" height=\"375\"\/><\/p>\n<p>\u00a0<\/p>\n<p><img loading=\"lazy\" decoding=\"async\" src=\"https:\/\/ws.maritima.fr\/api\/images%2F1763739962502blob\" alt=\"\" width=\"500\" height=\"375\"\/><\/p>\n<p>\u00a0<\/p>\n<p><img loading=\"lazy\" decoding=\"async\" src=\"https:\/\/ws.maritima.fr\/api\/images%2F1763739976779blob\" alt=\"\" width=\"500\" height=\"375\"\/><\/p>\n<p><img loading=\"lazy\" decoding=\"async\" src=\"https:\/\/ws.maritima.fr\/api\/images%2F1763740027434blob\" alt=\"\" width=\"500\" height=\"375\"\/><\/p><\/p>\n","protected":false},"excerpt":{"rendered":"\u00ab\u00a0\u00c7a se presse dans les all\u00e9es !\u00a0\u00bb s&rsquo;exclame notre reporter Laurence Durandau. Pas de doute, le SAVIM d&rsquo;automne&hellip;\n","protected":false},"author":2,"featured_media":551097,"comment_status":"","ping_status":"","sticky":false,"template":"","format":"standard","meta":{"footnotes":""},"categories":[2814],"tags":[1111,11,1777,674,1011,27,1661,884,12,882,25,6290,66835],"class_list":{"0":"post-551096","1":"post","2":"type-post","3":"status-publish","4":"format-standard","5":"has-post-thumbnail","7":"category-marseille","8":"tag-actu","9":"tag-actualites","10":"tag-eu","11":"tag-europe","12":"tag-fr","13":"tag-france","14":"tag-gastronomie","15":"tag-marseille","16":"tag-news","17":"tag-provence-alpes-cote-dazur","18":"tag-republique-francaise","19":"tag-salon","20":"tag-savim"},"share_on_mastodon":{"url":"https:\/\/pubeurope.com\/@fr\/115592867605991713","error":""},"_links":{"self":[{"href":"https:\/\/www.europesays.com\/fr\/wp-json\/wp\/v2\/posts\/551096","targetHints":{"allow":["GET"]}}],"collection":[{"href":"https:\/\/www.europesays.com\/fr\/wp-json\/wp\/v2\/posts"}],"about":[{"href":"https:\/\/www.europesays.com\/fr\/wp-json\/wp\/v2\/types\/post"}],"author":[{"embeddable":true,"href":"https:\/\/www.europesays.com\/fr\/wp-json\/wp\/v2\/users\/2"}],"replies":[{"embeddable":true,"href":"https:\/\/www.europesays.com\/fr\/wp-json\/wp\/v2\/comments?post=551096"}],"version-history":[{"count":0,"href":"https:\/\/www.europesays.com\/fr\/wp-json\/wp\/v2\/posts\/551096\/revisions"}],"wp:featuredmedia":[{"embeddable":true,"href":"https:\/\/www.europesays.com\/fr\/wp-json\/wp\/v2\/media\/551097"}],"wp:attachment":[{"href":"https:\/\/www.europesays.com\/fr\/wp-json\/wp\/v2\/media?parent=551096"}],"wp:term":[{"taxonomy":"category","embeddable":true,"href":"https:\/\/www.europesays.com\/fr\/wp-json\/wp\/v2\/categories?post=551096"},{"taxonomy":"post_tag","embeddable":true,"href":"https:\/\/www.europesays.com\/fr\/wp-json\/wp\/v2\/tags?post=551096"}],"curies":[{"name":"wp","href":"https:\/\/api.w.org\/{rel}","templated":true}]}}