{"id":551100,"date":"2025-11-22T10:26:20","date_gmt":"2025-11-22T10:26:20","guid":{"rendered":"https:\/\/www.europesays.com\/fr\/551100\/"},"modified":"2025-11-22T10:26:20","modified_gmt":"2025-11-22T10:26:20","slug":"violences-sexistes-narcotrafic-les-manifestations-a-lyon-samedi","status":"publish","type":"post","link":"https:\/\/www.europesays.com\/fr\/551100\/","title":{"rendered":"Violences sexistes, narcotrafic : les manifestations \u00e0 Lyon samedi"},"content":{"rendered":"<p>                            <img loading=\"lazy\" width=\"707\" height=\"443\" class=\"attachment-article size-article wp-post-image lazyload\" alt=\"\" decoding=\"async\" src=\"https:\/\/www.europesays.com\/fr\/wp-content\/uploads\/2025\/11\/capture-decran-de-Nous-Toutes-Rhone-e1761725638270.jpeg\" data-eio-rwidth=\"707\" data-eio-rheight=\"443\"\/><\/p>\n<p>capture d\u2019\u00e9cran d\u2019une manifestation du collectif Nous Toutes<\/p>\n<p class=\"content\" style=\"font-size:1.2em;font-weight:700\">Plusieurs manifestations auront lieu \u00e0 Lyon et dans la M\u00e9tropole ce samedi 22 novembre 2025. On fait le point.<\/p>\n<p>Une journ\u00e9e riche en mobilisation \u00c0 Lyon et dans la M\u00e9tropole, plusieurs manifestations se d\u00e9rouleront dans l&rsquo;apr\u00e8s-midi de ce samedi 22 novembre. La premi\u00e8re se tiendra contre les violences sexistes et sexuelles, \u00e0 l&rsquo;occasion de la Journ\u00e9e internationale pour l&rsquo;\u00e9limination de la violence faite aux femmes, le 25 novembre prochain. Elle s&rsquo;\u00e9lancera de la place Bellecour \u00e0 14h. L&rsquo;objectif ? \u00ab\u00a0D\u00e9noncer une fois de plus les f\u00e9minicides, les viols et agressions sexuelles, les violences dans le couple, les attaques transphobes, et toutes les violences sexistes que vivent les femmes et les minorit\u00e9s de genre\u00a0\u00bb, ont d\u00e9clar\u00e9 les organisateurs. \u00a0<\/p>\n<p><strong>Lire aussi :<\/strong> <a href=\"https:\/\/www.lyoncapitale.fr\/actualite\/lyon-une-manifestation-contre-les-violences-sexistes-et-sexuelles-a-lyon-samedi\" target=\"_blank\" rel=\"noreferrer noopener\">Lyon : une manifestation contre les violences sexistes et sexuelles \u00e0 Lyon samedi<\/a><\/p>\n<p>Le collectif organisateur r\u00e9clame \u00e9galement une loi cadres, \u00ab\u00a0assortie d&rsquo;un budget d&rsquo;au moins trois milliards d&rsquo;euros pour lutter contre les violences sexistes et sexuelles\u00a0\u00bb, une meilleure formation des professionnels au consentement et \u00e0 la d\u00e9tection des violences, ainsi qu&rsquo;un meilleur accueil et accompagnement pour toutes les personnes victimes. En 2024, 7000 personnes avaient particip\u00e9 au rassemblement selon les organisatrices, rappelle le <a href=\"https:\/\/www.leprogres.fr\/societe\/2025\/11\/22\/manif-contre-les-violences-sexistes-et-sexuelles-et-rassemblements-pour-mehdi-kessaci-les-mobilisations-de-ce-samedi\" target=\"_blank\" rel=\"noreferrer noopener\">Progr\u00e8s<\/a>.<\/p>\n<p>Rassemblement contre le narcotrafic<\/p>\n<p>Alors qu&rsquo;une grande marche blanche est organis\u00e9e \u00e0 Marseille en m\u00e9moire de Mehdi Kessaci, fr\u00e8re du militant anti-narcotrafic Amine Kessaci tu\u00e9 par balles dans la cit\u00e9 phoc\u00e9enne ce 13 novembre, un rassemblent \u00ab\u00a0statique et silencieux\u00a0\u00bb aura lieu \u00e0 13h place de la Com\u00e9die dans le 1er arrondissement de Lyon. Un autre se tiendra \u00e0 15h \u00e0 l&rsquo;H\u00f4tel de Ville de V\u00e9nissieux.<\/p>\n","protected":false},"excerpt":{"rendered":"capture d\u2019\u00e9cran d\u2019une manifestation du collectif Nous Toutes Plusieurs manifestations auront lieu \u00e0 Lyon et dans la M\u00e9tropole&hellip;\n","protected":false},"author":2,"featured_media":551101,"comment_status":"","ping_status":"","sticky":false,"template":"","format":"standard","meta":{"footnotes":""},"categories":[1889],"tags":[1111,11,2430,1777,674,1011,27,2428,2088,8721,12,25,304],"class_list":{"0":"post-551100","1":"post","2":"type-post","3":"status-publish","4":"format-standard","5":"has-post-thumbnail","7":"category-lyon","8":"tag-actu","9":"tag-actualites","10":"tag-auvergne-rhone-alpes","11":"tag-eu","12":"tag-europe","13":"tag-fr","14":"tag-france","15":"tag-lyon","16":"tag-manifestation","17":"tag-narcotrafic","18":"tag-news","19":"tag-republique-francaise","20":"tag-violences-sexistes-et-sexuelles"},"share_on_mastodon":{"url":"https:\/\/pubeurope.com\/@fr\/115592874917187893","error":""},"_links":{"self":[{"href":"https:\/\/www.europesays.com\/fr\/wp-json\/wp\/v2\/posts\/551100","targetHints":{"allow":["GET"]}}],"collection":[{"href":"https:\/\/www.europesays.com\/fr\/wp-json\/wp\/v2\/posts"}],"about":[{"href":"https:\/\/www.europesays.com\/fr\/wp-json\/wp\/v2\/types\/post"}],"author":[{"embeddable":true,"href":"https:\/\/www.europesays.com\/fr\/wp-json\/wp\/v2\/users\/2"}],"replies":[{"embeddable":true,"href":"https:\/\/www.europesays.com\/fr\/wp-json\/wp\/v2\/comments?post=551100"}],"version-history":[{"count":0,"href":"https:\/\/www.europesays.com\/fr\/wp-json\/wp\/v2\/posts\/551100\/revisions"}],"wp:featuredmedia":[{"embeddable":true,"href":"https:\/\/www.europesays.com\/fr\/wp-json\/wp\/v2\/media\/551101"}],"wp:attachment":[{"href":"https:\/\/www.europesays.com\/fr\/wp-json\/wp\/v2\/media?parent=551100"}],"wp:term":[{"taxonomy":"category","embeddable":true,"href":"https:\/\/www.europesays.com\/fr\/wp-json\/wp\/v2\/categories?post=551100"},{"taxonomy":"post_tag","embeddable":true,"href":"https:\/\/www.europesays.com\/fr\/wp-json\/wp\/v2\/tags?post=551100"}],"curies":[{"name":"wp","href":"https:\/\/api.w.org\/{rel}","templated":true}]}}