{"id":551109,"date":"2025-11-22T10:33:17","date_gmt":"2025-11-22T10:33:17","guid":{"rendered":"https:\/\/www.europesays.com\/fr\/551109\/"},"modified":"2025-11-22T10:33:17","modified_gmt":"2025-11-22T10:33:17","slug":"dans-le-paris-de-michel-cymes-aller-au-parc-des-princes-me-fait-rajeunir-de-40-ans","status":"publish","type":"post","link":"https:\/\/www.europesays.com\/fr\/551109\/","title":{"rendered":"Dans le Paris de Michel Cymes\u00a0: \u00ab\u00a0Aller au Parc des Princes me fait rajeunir de 40\u00a0ans\u00a0\u00bb"},"content":{"rendered":"<p class=\"paragraph text_align_left lp-f-body-02\">\u00ab Je n\u2019ai jamais vraiment quitt\u00e9 Paris, mais je m\u2019en suis progressivement \u00e9loign\u00e9. \u00bb Michel Cymes s\u2019est expatri\u00e9 \u00e0 quelques kilom\u00e8tres de la capitale pour y trouver la verdure qui lui a \u00ab tant manqu\u00e9 \u00bb enfant, dans <a href=\"https:\/\/www.leparisien.fr\/paris-75\/paris-75018\/\" target=\"_self\" rel=\"nofollow noopener\">le XVIIIe arrondissement<\/a>.<\/p>\n<p class=\"paragraph text_align_left lp-f-body-02\">Mais le m\u00e9decin y revient toujours, que ce soit pour les matchs du PSG qu\u2019il ne rate jamais, ou pour monter sur sc\u00e8ne. Jusqu\u2019au printemps, <a href=\"https:\/\/www.leparisien.fr\/culture-loisirs\/tv\/ce-truc-me-possede-michel-cymes-entre-angoisses-et-excitation-avant-ses-debuts-au-theatre-23-06-2025-7NNIEU4XUJHCZAQ6EAP7GWCVOE.php\" target=\"_self\" rel=\"nofollow noopener\">il est \u00e0 l\u2019affiche de \u00ab Secret(s) m\u00e9dical \u00bb<\/a>, mis en sc\u00e8ne par Philippe Leli\u00e8vre au Th\u00e9\u00e2tre Saint-Georges (IXe arrondissement). Entre sa passion pour le Marais et ses ap\u00e9ros le long de la Seine, il nous confie ses coups de c\u0153ur.<\/p>\n","protected":false},"excerpt":{"rendered":"\u00ab Je n\u2019ai jamais vraiment quitt\u00e9 Paris, mais je m\u2019en suis progressivement \u00e9loign\u00e9. \u00bb Michel Cymes s\u2019est expatri\u00e9&hellip;\n","protected":false},"author":2,"featured_media":551110,"comment_status":"","ping_status":"","sticky":false,"template":"","format":"standard","meta":{"footnotes":""},"categories":[1888],"tags":[11,1777,674,1011,27,1944,12,626,25,60],"class_list":{"0":"post-551109","1":"post","2":"type-post","3":"status-publish","4":"format-standard","5":"has-post-thumbnail","7":"category-paris","8":"tag-actualites","9":"tag-eu","10":"tag-europe","11":"tag-fr","12":"tag-france","13":"tag-ma-ville","14":"tag-news","15":"tag-paris","16":"tag-republique-francaise","17":"tag-sports"},"share_on_mastodon":{"url":"https:\/\/pubeurope.com\/@fr\/115592901763655956","error":""},"_links":{"self":[{"href":"https:\/\/www.europesays.com\/fr\/wp-json\/wp\/v2\/posts\/551109","targetHints":{"allow":["GET"]}}],"collection":[{"href":"https:\/\/www.europesays.com\/fr\/wp-json\/wp\/v2\/posts"}],"about":[{"href":"https:\/\/www.europesays.com\/fr\/wp-json\/wp\/v2\/types\/post"}],"author":[{"embeddable":true,"href":"https:\/\/www.europesays.com\/fr\/wp-json\/wp\/v2\/users\/2"}],"replies":[{"embeddable":true,"href":"https:\/\/www.europesays.com\/fr\/wp-json\/wp\/v2\/comments?post=551109"}],"version-history":[{"count":0,"href":"https:\/\/www.europesays.com\/fr\/wp-json\/wp\/v2\/posts\/551109\/revisions"}],"wp:featuredmedia":[{"embeddable":true,"href":"https:\/\/www.europesays.com\/fr\/wp-json\/wp\/v2\/media\/551110"}],"wp:attachment":[{"href":"https:\/\/www.europesays.com\/fr\/wp-json\/wp\/v2\/media?parent=551109"}],"wp:term":[{"taxonomy":"category","embeddable":true,"href":"https:\/\/www.europesays.com\/fr\/wp-json\/wp\/v2\/categories?post=551109"},{"taxonomy":"post_tag","embeddable":true,"href":"https:\/\/www.europesays.com\/fr\/wp-json\/wp\/v2\/tags?post=551109"}],"curies":[{"name":"wp","href":"https:\/\/api.w.org\/{rel}","templated":true}]}}