{"id":551117,"date":"2025-11-22T10:37:13","date_gmt":"2025-11-22T10:37:13","guid":{"rendered":"https:\/\/www.europesays.com\/fr\/551117\/"},"modified":"2025-11-22T10:37:13","modified_gmt":"2025-11-22T10:37:13","slug":"le-proprietaire-du-daily-mail-conclut-un-accord-pour-acquerir-le-quotidien-telegraph","status":"publish","type":"post","link":"https:\/\/www.europesays.com\/fr\/551117\/","title":{"rendered":"le propri\u00e9taire du Daily Mail conclut un accord pour acqu\u00e9rir le quotidien Telegraph"},"content":{"rendered":"<p>\n    Cette acquisition \u00e0 500 millions de livres (570 millions d\u2019euros) pourrait donner naissance \u00e0 l\u2019un des plus grands m\u00e9dias au Royaume-Uni.<\/p>\n<p class=\"fig-paragraph\">Le propri\u00e9taire du tablo\u00efd Daily Mail, DMGT, a sign\u00e9 un accord avec le groupe Redbird IMI pour acqu\u00e9rir le quotidien britannique Telegraph pour 500 millions de livres sterling, a annonc\u00e9 samedi l&rsquo;\u00e9diteur.<\/p>\n<p class=\"fig-paragraph\">\u00abDMGT a sign\u00e9 un accord avec Redbird IMI concernant l&rsquo;acquisition du Telegraph Media Group pour un montant de 500 millions de livres sterling\u00bb, a d\u00e9clar\u00e9 DMGT dans un communiqu\u00e9 envoy\u00e9 \u00e0 l&rsquo;AFP.<\/p>\n<p>                                    <a class=\"fig-a11y-skip a11y-hidden\" href=\"#fig-a11y-skip-main-inarticle\"><br \/>\n        Passer la publicit\u00e9<br \/>\n    <\/a><\/p>\n<p class=\"fig-paragraph\">Cette acquisition, si elle va \u00e0 son terme, pourrait donner naissance \u00e0 l&rsquo;un des plus grands groupes m\u00e9diatiques au Royaume-Uni.<\/p>\n","protected":false},"excerpt":{"rendered":"Cette acquisition \u00e0 500 millions de livres (570 millions d\u2019euros) pourrait donner naissance \u00e0 l\u2019un des plus grands&hellip;\n","protected":false},"author":2,"featured_media":551118,"comment_status":"","ping_status":"","sticky":false,"template":"","format":"standard","meta":{"footnotes":""},"categories":[1588],"tags":[11,1260,1777,674,12,473,1853,1851,1850,1852],"class_list":{"0":"post-551117","1":"post","2":"type-post","3":"status-publish","4":"format-standard","5":"has-post-thumbnail","7":"category-royaume-uni","8":"tag-actualites","9":"tag-daily-mail","10":"tag-eu","11":"tag-europe","12":"tag-news","13":"tag-royaume-uni","14":"tag-royaume-uni-de-grande-bretagne-et-dirlande-du-nord","15":"tag-uk","16":"tag-united-kingdom","17":"tag-united-kingdom-of-great-britain-and-northern-ireland"},"share_on_mastodon":{"url":"https:\/\/pubeurope.com\/@fr\/115592917490902839","error":""},"_links":{"self":[{"href":"https:\/\/www.europesays.com\/fr\/wp-json\/wp\/v2\/posts\/551117","targetHints":{"allow":["GET"]}}],"collection":[{"href":"https:\/\/www.europesays.com\/fr\/wp-json\/wp\/v2\/posts"}],"about":[{"href":"https:\/\/www.europesays.com\/fr\/wp-json\/wp\/v2\/types\/post"}],"author":[{"embeddable":true,"href":"https:\/\/www.europesays.com\/fr\/wp-json\/wp\/v2\/users\/2"}],"replies":[{"embeddable":true,"href":"https:\/\/www.europesays.com\/fr\/wp-json\/wp\/v2\/comments?post=551117"}],"version-history":[{"count":0,"href":"https:\/\/www.europesays.com\/fr\/wp-json\/wp\/v2\/posts\/551117\/revisions"}],"wp:featuredmedia":[{"embeddable":true,"href":"https:\/\/www.europesays.com\/fr\/wp-json\/wp\/v2\/media\/551118"}],"wp:attachment":[{"href":"https:\/\/www.europesays.com\/fr\/wp-json\/wp\/v2\/media?parent=551117"}],"wp:term":[{"taxonomy":"category","embeddable":true,"href":"https:\/\/www.europesays.com\/fr\/wp-json\/wp\/v2\/categories?post=551117"},{"taxonomy":"post_tag","embeddable":true,"href":"https:\/\/www.europesays.com\/fr\/wp-json\/wp\/v2\/tags?post=551117"}],"curies":[{"name":"wp","href":"https:\/\/api.w.org\/{rel}","templated":true}]}}