{"id":551119,"date":"2025-11-22T10:38:15","date_gmt":"2025-11-22T10:38:15","guid":{"rendered":"https:\/\/www.europesays.com\/fr\/551119\/"},"modified":"2025-11-22T10:38:15","modified_gmt":"2025-11-22T10:38:15","slug":"lespagne-sans-alcaraz-face-a-lallemagne-de-zverev-malgre-lui-je-suis-ici-uniquement-parce-que-mes-coequipiers-me-lont-demande","status":"publish","type":"post","link":"https:\/\/www.europesays.com\/fr\/551119\/","title":{"rendered":"L&rsquo;Espagne sans Alcaraz face \u00e0 l&rsquo;Allemagne de Zverev, malgr\u00e9 lui\u00a0: \u00ab\u00a0Je suis ici uniquement parce que mes co\u00e9quipiers me l&rsquo;ont demand\u00e9\u00a0\u00bb"},"content":{"rendered":"<p class=\"ap-StoryElement ap-StoryElement--mb ap-StoryText\">Le ph\u00e9nom\u00e8ne de Murcie \u00e9tait pourtant arriv\u00e9 motiv\u00e9, pr\u00eat \u00e0 s&#8217;embarquer dans cette phase finale. Mais l&rsquo;approche m\u00e9dicale et la prudence ont parl\u00e9. \u00ab\u00a0Il y avait un vrai risque, le docteur m&rsquo;avait dit que ce serait compliqu\u00e9\u00a0\u00bb, a confi\u00e9 David Ferrer, le capitaine. Juan Carlos Ferrero, l&rsquo;entra\u00eeneur d&rsquo;Alcaraz, avait tent\u00e9 de rassurer, lui qui pensait que la blessure \u00e9tait mineure. Mais l&rsquo;\u0153d\u00e8me \u00e9tait l\u00e0, et suffisant pour fermer la porte.<\/p>\n<p><a href=\"https:\/\/www.dhnet.be\/sports\/2025\/11\/19\/pourquoi-les-stars-boudent-la-coupe-davis-ce-nest-pas-la-vraie-coupe-davis-RRBVNVGBZVBAVGBZO27WAEARJE\/\" target=\"_self\" class=\"ap-StoryInterstitialLink ap-StoryElement ap-StoryElement--mb\" rel=\"noopener\">Pourquoi les stars boudent la Coupe Davis ? \u00ab\u00a0Ce n&rsquo;est pas la vraie Coupe Davis\u00a0\u00bb<\/a><\/p>\n<p class=\"ap-StoryElement ap-StoryElement--mb ap-StoryText\">En face,<a href=\"https:\/\/www.dhnet.be\/sports\/tennis\/2025\/11\/21\/coupe-davis-lallemagne-derniere-qualifiee-pour-les-demi-finales-apres-sa-victoire-contre-largentine-MTKEVQCMQ5BYVEBS5HOJART3B4\/\" target=\"_self\" rel=\"noopener\"> l&rsquo;Allemagne a surv\u00e9cu elle aussi \u00e0 un quart d\u00e9mentiel<\/a>. Dans la nuit de jeudi \u00e0 vendredi, Kevin Krawietz et Tim Puetz ont sauv\u00e9 trois balles de match, plant\u00e9 un come-back fa\u00e7on thriller et offert \u00e0 leur pays une deuxi\u00e8me demi-finale cons\u00e9cutive. Sauf que la vraie histoire, celle qui trotte dans tous les couloirs, a un nom : Alexander Zverev.<\/p>\n<blockquote class=\"ap-StoryQuote ap-StoryQuote--pullquote\"><p>guillement<\/p>\n<p class=\"ap-StoryQuote-text\">Pour moi, \u00e7a n&rsquo;a plus rien \u00e0 voir avec la Coupe Davis.<\/p>\n<\/blockquote>\n<p class=\"ap-StoryElement ap-StoryElement--mb ap-StoryText\">Le n\u00b03 mondial, capitaine non officiel et franc-tireur assum\u00e9, est venu en tra\u00eenant son scepticisme. Il ne s&rsquo;en cache pas : \u00ab\u00a0La vraie Coupe Davis, ce sont les matches \u00e0 domicile ou \u00e0 l&rsquo;ext\u00e9rieur. C&rsquo;est une question d&rsquo;atmosph\u00e8re. Cette Coupe Davis, ce n&rsquo;est pas la vraie Coupe Davis.\u00a0\u00bb Et s&rsquo;il est l\u00e0, ce n&rsquo;est pas pour l&rsquo;amour du format. \u00ab\u00a0Je la joue maintenant parce que mes co\u00e9quipiers et coll\u00e8gues allemands m&rsquo;ont demand\u00e9 de venir, explique-t-il. Ils sentent que tout le monde vieillit. Struffy (NdlR : Jan-Lennard Struff) n&rsquo;aura pas beaucoup d&rsquo;occasions suppl\u00e9mentaires. Les gars du double non plus (Tim P\u00fctz, 38 ans et Kevin Krawietz, 33 ans). Je la joue juste pour cette raison. Pour moi, \u00e7a n&rsquo;a plus rien \u00e0 voir avec la Coupe Davis.\u00a0\u00bb<\/p>\n<p class=\"ap-StoryElement ap-StoryElement--mb ap-StoryText\">Voil\u00e0 le d\u00e9cor : une Espagne r\u00e9siliente mais priv\u00e9e de son joyau, un Zverev pr\u00e9sent par devoir, un double allemand qui ne meurt jamais, un double espagnol qui marche sur l&rsquo;eau. Deux nations qui ont flirt\u00e9 avec la sortie avant de se donner rendez-vous, chacune r\u00eavant de retrouver le Saladier d&rsquo;argent.<\/p>\n<p><a href=\"https:\/\/www.dhnet.be\/sports\/tennis\/2025\/11\/21\/a-la-rencontre-de-bommie-la-grand-mere-de-zizou-bergs-il-gagnera-un-jour-la-coupe-davis-EKW5K77QHRFVRPKYS3ZLNWAO4Y\/\" target=\"_self\" class=\"ap-StoryInterstitialLink ap-StoryElement ap-StoryElement--mb\" rel=\"noopener\">\u00c0 la rencontre de Bommie, la grand-m\u00e8re de Zizou Bergs : \u00ab\u00a0Il gagnera un jour la Coupe Davis\u00a0\u00bb<\/a><\/p>\n","protected":false},"excerpt":{"rendered":"Le ph\u00e9nom\u00e8ne de Murcie \u00e9tait pourtant arriv\u00e9 motiv\u00e9, pr\u00eat \u00e0 s&#8217;embarquer dans cette phase finale. Mais l&rsquo;approche m\u00e9dicale&hellip;\n","protected":false},"author":2,"featured_media":551120,"comment_status":"","ping_status":"","sticky":false,"template":"","format":"standard","meta":{"footnotes":""},"categories":[1587],"tags":[11,672,26386,26387,17551,1804,26389,1805,1803,26390,26391,1777,674,26392,2257,63,1801,12,26396,26397,1802,8359,8363],"class_list":{"0":"post-551119","1":"post","2":"type-post","3":"status-publish","4":"format-standard","5":"has-post-thumbnail","7":"category-allemagne","8":"tag-actualites","9":"tag-allemagne","10":"tag-antwerpen","11":"tag-anvers","12":"tag-bruges","13":"tag-bundesrepublik-deutschland","14":"tag-d1","15":"tag-de","16":"tag-deutschland","17":"tag-division-un","18":"tag-eerste-klasse","19":"tag-eu","20":"tag-europe","21":"tag-first-division","22":"tag-foot","23":"tag-football","24":"tag-germany","25":"tag-news","26":"tag-premiere-division","27":"tag-rafc","28":"tag-republique-federale-dallemagne","29":"tag-soccer","30":"tag-voetbal"},"share_on_mastodon":{"url":"https:\/\/pubeurope.com\/@fr\/115592921630897002","error":""},"_links":{"self":[{"href":"https:\/\/www.europesays.com\/fr\/wp-json\/wp\/v2\/posts\/551119","targetHints":{"allow":["GET"]}}],"collection":[{"href":"https:\/\/www.europesays.com\/fr\/wp-json\/wp\/v2\/posts"}],"about":[{"href":"https:\/\/www.europesays.com\/fr\/wp-json\/wp\/v2\/types\/post"}],"author":[{"embeddable":true,"href":"https:\/\/www.europesays.com\/fr\/wp-json\/wp\/v2\/users\/2"}],"replies":[{"embeddable":true,"href":"https:\/\/www.europesays.com\/fr\/wp-json\/wp\/v2\/comments?post=551119"}],"version-history":[{"count":0,"href":"https:\/\/www.europesays.com\/fr\/wp-json\/wp\/v2\/posts\/551119\/revisions"}],"wp:featuredmedia":[{"embeddable":true,"href":"https:\/\/www.europesays.com\/fr\/wp-json\/wp\/v2\/media\/551120"}],"wp:attachment":[{"href":"https:\/\/www.europesays.com\/fr\/wp-json\/wp\/v2\/media?parent=551119"}],"wp:term":[{"taxonomy":"category","embeddable":true,"href":"https:\/\/www.europesays.com\/fr\/wp-json\/wp\/v2\/categories?post=551119"},{"taxonomy":"post_tag","embeddable":true,"href":"https:\/\/www.europesays.com\/fr\/wp-json\/wp\/v2\/tags?post=551119"}],"curies":[{"name":"wp","href":"https:\/\/api.w.org\/{rel}","templated":true}]}}