{"id":551128,"date":"2025-11-22T10:43:16","date_gmt":"2025-11-22T10:43:16","guid":{"rendered":"https:\/\/www.europesays.com\/fr\/551128\/"},"modified":"2025-11-22T10:43:16","modified_gmt":"2025-11-22T10:43:16","slug":"cinq-experiences-immersives-au-banc-dessai","status":"publish","type":"post","link":"https:\/\/www.europesays.com\/fr\/551128\/","title":{"rendered":"cinq exp\u00e9riences immersives au banc d\u2019essai"},"content":{"rendered":"<p>Depuis deux ans, les exp\u00e9riences immersives\u00a0se multiplient \u00e0 travers le territoire. Toutes ne recourent pas forc\u00e9ment \u00e0 la r\u00e9alit\u00e9 virtuelle. Certaines permettent d&rsquo;explorer une\u00a0page de l&rsquo;histoire de France, l\u00e0 o\u00f9 d&rsquo;autres\u00a0proposent de plonger dans un univers litt\u00e9raire ou musical. Le Point en a test\u00e9 cinq. Revue de d\u00e9tail.<\/p>\n<p>La newsletter culture<\/p>\n<p class=\"period\">Tous les mercredis \u00e0 16h<\/p>\n<p>Recevez l\u2019actualit\u00e9 culturelle de la semaine \u00e0 ne pas manquer ainsi que les Enqu\u00eates, d\u00e9cryptages, portraits, tendances\u2026<\/p>\n<p>Merci !<br \/>Votre inscription a bien \u00e9t\u00e9 prise en compte avec l&rsquo;adresse email :<\/p>\n<p>Pour d\u00e9couvrir toutes nos autres newsletters, rendez-vous ici : <a href=\"https:\/\/moncompte.lepoint.fr\/\" title=\"\" rel=\"nofollow noopener\" target=\"_blank\">MonCompte<\/a><\/p>\n<p>En vous inscrivant, vous acceptez les <a href=\"https:\/\/www.lepoint.fr\/html\/cgu\/\" title=\"Conditions g\u00e9n\u00e9rales d&#039;utilisation\" rel=\"nofollow noopener\" target=\"_blank\">conditions g\u00e9n\u00e9rales d\u2019utilisations<\/a> et notre <a href=\"https:\/\/www.lepoint.fr\/html\/politique-de-protection-donnees-personnelles\/\" title=\"Politique de confidentialit\u00e9\" rel=\"nofollow noopener\" target=\"_blank\">politique de confidentialit\u00e9<\/a>.<\/p>\n<p>Les Origines de Paris\u00a0<strong>\u272d\u272d\u272d\u272d<\/strong>D\u00e9couvrez 2\u00a0000\u00a0ans d&rsquo;Histoire<\/p>\n<p>Fatigu\u00e9 des visites touristiques classiques\u00a0? Depuis cet \u00e9t\u00e9, une nouvelle attraction propose de d\u00e9couvrir l&rsquo;histoire de la capitale \u00e0 la faveur d&rsquo;une promenade\u00a0en bord de Seine. Le dispositif est simple. Il s&rsquo;agit d&rsquo;une balade\u00a0guid\u00e9e le long des quais\u00a0sur un peu plus d&rsquo;un kilom\u00e8tre. \u00c9quip\u00e9s de casques VR, les participants sont invit\u00e9s \u00e0 s&rsquo;arr\u00eater, au bord du fleuve, pour enfiler leurs lunettes de r\u00e9alit\u00e9 virtuelle et d\u00e9couvrir le paysage\u00a0tel qu&rsquo;il existait \u00e0 diff\u00e9rentes \u00e9poques.<\/p>\n<p>Sous leurs yeux\u00a0d\u00e9filent\u00a0plus de\u00a02\u00a0000 ans d&rsquo;Histoire\u00a0: de l&rsquo;\u00e9poque des Parisii, la nation gauloise \u2013\u00a0install\u00e9e sur place trois si\u00e8cles avant J.-C. \u2013 \u00e0 la Lib\u00e9ration de Paris en ao\u00fbt\u00a01945, en passant par les invasions vikings, la construction\u00a0de Notre-Dame, la R\u00e9volution fran\u00e7aise, ou encore la grande crue de 1910, il y a quelque\u00a0chose\u00a0de magique \u00e0 effectuer ainsi en plein air\u00a0de tels sauts dans le temps.<\/p>\n<p>Produite par la start-up Timescope, fond\u00e9e par\u00a0Basile Segalen et\u00a0Adrien Sadaka, l&rsquo;exp\u00e9rience est scientifiquement rigoureuse. Les explications d\u00e9livr\u00e9es ont \u00e9t\u00e9 valid\u00e9es par l&rsquo;historien G\u00e9raud L\u00e9tang, coordinateur du conseil scientifique et d&rsquo;orientation du minist\u00e8re de la D\u00e9fense, et qui a particip\u00e9, \u00e0 ce titre, \u00e0 l&rsquo;\u00e9laboration du programme des\u00a0comm\u00e9morations nationales du 80e anniversaire de la Lib\u00e9ration. Pensez \u00e0 r\u00e9server assez t\u00f4t, surtout si vous souhaitez effectuer le parcours le week-end\u00a0: les\u00a0groupes sont petits et les cr\u00e9neaux partent vite.<\/p>\n<p><strong>Les Origines de Paris.<\/strong>16, voie Georges-Pompidou\u00a0(Paris 4e).\u00a0L&rsquo;attraction est ouverte du mercredi au dimanche de\u00a010\u00a0heures \u00e0 18\u00a0h\u00a030 (d\u00e9parts toutes les\u00a030\u00a0min). Tarif adulte\u00a0: 28\u00a0\u20ac. Tarif enfant\u00a0: 19\u00a0\u20ac.<\/p>\n<p>Le Myst\u00e8re Mozart\u00a0<strong>\u272d\u272d\u272d\u272d<\/strong><strong>Rendez-vous avec le grand Amadeus<\/strong><\/p>\n<p>Un parcours musical original permet de\u00a0d\u00e9couvrir\u00a0l&rsquo;\u0153uvre de Mozart.\u00a0Il a pour\u00a0cadre l&rsquo;ancien monast\u00e8re cistercien de la rue de Poissy (Paris 5e). Fond\u00e9\u00a0en 1248, par l&rsquo;abbaye de Clairvaux, le Coll\u00e8ge des Bernardins a form\u00e9, cinq si\u00e8cles durant, des g\u00e9n\u00e9rations de th\u00e9ologiens catholiques. Il accueille aujourd&rsquo;hui des \u00e9v\u00e9nements culturels organis\u00e9s par le\u00a0dioc\u00e8se.<\/p>\n<p>Tout commence dans la nef du b\u00e2timent, o\u00f9 un orchestre de chambre accueille le public en jouant des extraits des plus grandes pi\u00e8ces du compositeur salzbourgeois.\u00a0\u00c0 la faveur d&rsquo;une d\u00e9ambulation dans ce majestueux monument, un guide habill\u00e9 en costume du XVIIIe\u00a0si\u00e8cle vous escorte, pendant une heure et demie, en vous racontant les \u00e9pisodes marquants de la vie du grand Amadeus.<\/p>\n<p>Au gr\u00e9 des haltes, le public participe \u00e0 des ateliers. Il y\u00a0apprend par exemple les grands principes de la rythmique en musique classique et la mani\u00e8re de danser le menuet. Certes, les explications sont un peu\u00a0sommaires. Les m\u00e9lomanes n&rsquo;y apprendront rien. Mais\u00a0l&rsquo;exp\u00e9rience, imagin\u00e9e par\u00a0Michel Eli, producteur de l&rsquo;\u00e9mission Prodiges\u00a0sur France 2, qui met en avant les virtuoses du classique, et Nathalie Spinosi, sp\u00e9cialiste du musicien, est id\u00e9ale pour sensibiliser les enfants \u00e0 l&rsquo;univers mozartien.<\/p>\n<p>\u00c0 LIRE AUSSI <strong class=\"strong\"><a href=\"https:\/\/www.lepoint.fr\/art-de-vivre\/secrets-de-paris-pourquoi-la-mere-de-mozart-a-ete-enterree-aux-halles-01-05-2022-2473909_4.php\" title=\"Pourquoi la m\u00e8re de Mozart a \u00e9t\u00e9 enterr\u00e9e aux Halles\" style=\"text-decoration: none; color: inherit;\" data-gtm=\"click:capsule\" data-capsule=\"\u00c0 lire aussi\" rel=\"nofollow noopener\" target=\"_blank\">Pourquoi la m\u00e8re de Mozart a \u00e9t\u00e9 enterr\u00e9e aux Halles<\/a><\/strong>Une trentaine d&rsquo;artistes \u2013 musiciens, com\u00e9diens et danseurs \u2013 sont mis \u00e0 contribution. Trois pauses musicales sont, de fait, m\u00e9nag\u00e9es dans le parcours. Y sont jou\u00e9es les grandes \u0153uvres du compositeur\u00a0: La Fl\u00fbte enchant\u00e9e, Les\u00a0Noces de Figaro\u00a0et L&rsquo;Enl\u00e8vement au s\u00e9rail, mais aussi\u00a0son ultime Requiem (en r\u00e9 mineur). Des\u00a0vid\u00e9os projet\u00e9es sur la vo\u00fbte de pierre accompagnent ces mini-concerts. Clou de la visite\u00a0: un petit spectacle permet d&rsquo;appr\u00e9cier\u00a0le travail chor\u00e9graphique de Mourad Merzouki, donnant ainsi une touche contemporaine \u00e0 un ensemble plut\u00f4t sage.<\/p>\n<p><strong>Le Myst\u00e8re Mozart<\/strong>, au Coll\u00e8ge des Bernardins\u00a0: 20, rue de Poissy (Paris 5e), jusqu&rsquo;au 29\u00a0mars.\u00a0Tarif adulte\u00a0: 32\u00a0\u20ac. Tarif enfant\u00a0: 25\u00a0\u20ac. Gratuit pour les moins de 4\u00a0ans.<\/p>\n<p><strong>La Cit\u00e9 immersive des Fables<\/strong>\u00a0<strong>\u272d\u272d\u272d<\/strong>Rencontrez le corbeau et le renard de La Fontaine<\/p>\n<p>Install\u00e9e dans une ancienne\u00a0bo\u00eete de nuit proche des Champs-\u00c9lys\u00e9es, \u00ab\u00a0le night-club o\u00f9 la c\u00e9l\u00e8bre Zahia a s\u00e9duit\u00a0Franck Rib\u00e9ry\u00a0\u00bb, sourit\u00a0Jean Verg\u00e8s, cr\u00e9ateur du lieu, LaCit\u00e9 immersive des Fables\u00a0propose aux visiteurs de s&rsquo;immerger dans l&rsquo;univers litt\u00e9raire de Jean de la Fontaine. L&rsquo;espace est vaste. Sur pr\u00e8s de 1\u00a0000\u00a0m2, au fil de cinq salles, sont reconstitu\u00e9s le bureau de l&rsquo;\u00e9crivain et des d\u00e9cors convoquant les personnages\u00a0des textes les plus c\u00e9l\u00e8bres de son \u0153uvre.<\/p>\n<p>De petits films mettent en sc\u00e8ne\u00a0Laurent Stocker dans le r\u00f4le de l&rsquo;\u00e9crivain. Charles Berling campe un renard retors, l\u00e0 o\u00f9 Axelle Saint-Cirel se glisse dans le costume du corbeau. Arielle Dombasle est un loup irr\u00e9sistiblement libre face \u00e0 un chien ayant accept\u00e9 sa servitude pour peu qu&rsquo;on le nourrisse\u00a0(formidable Hubert Myon)\u2026 C\u00e9l\u00e9brant la modernit\u00e9 et l&rsquo;universalit\u00e9 des sujets abord\u00e9s par\u00a0La Fontaine, l&rsquo;exposition propose une relecture maline de certaines fables. Marie Benoliel (plus connue sous son nom de sc\u00e8ne, \u00ab\u00a0Marie s&rsquo;infiltre\u00a0\u00bb) joue ainsi une grenouille obs\u00e9d\u00e9e par les r\u00e9seaux sociaux. Elle veut se faire plus grosse que le b\u0153uf pour impressionner ses \u00ab\u00a0followers\u00a0\u00bb\u00a0!<\/p>\n<p>\u00c0 LIRE AUSSI <strong class=\"strong\"><a href=\"https:\/\/www.lepoint.fr\/dossiers\/hors-series\/la-fontaine-le-dessous-des-fables\/la-fontaine-est-un-poete-de-l-ame-humaine-01-06-2021-2429106_4317.php\" title=\"\u00ab\u00a0La Fontaine est un po\u00e8te de l&#039;\u00e2me humaine\u00a0\u00bb\" style=\"text-decoration: none; color: inherit;\" data-gtm=\"click:capsule\" data-capsule=\"\u00c0 lire aussi\" rel=\"nofollow noopener\" target=\"_blank\">\u00ab\u00a0La Fontaine est un po\u00e8te de l&rsquo;\u00e2me humaine\u00a0\u00bb<\/a><\/strong> Petit b\u00e9mol, la contextualisation de l&rsquo;\u0153uvre est insuffisante. Un comit\u00e9 scientifique a pourtant accompagn\u00e9 le youtubeur NotaBene, qui signe les explications d\u00e9livr\u00e9es par bornes interactives. Ce comit\u00e9 comptait trois universitaires sp\u00e9cialistes de l&rsquo;auteur\u00a0: Tiphaine Rolland, Patrick Dandrey et\u00a0Didier Foucault.\u00a0On regrette ainsi qu&rsquo;aucune allusion ne soit faite au moraliste \u00c9sope, \u00e0 qui Jean de La Fontaine emprunta pourtant nombre de ses sujets.<\/p>\n<p>L&rsquo;exp\u00e9rience a n\u00e9anmoins le m\u00e9rite de r\u00e9concilier nos jeunes ados avec la litt\u00e9rature. Notamment gr\u00e2ce \u00e0 un spectaculaire final, un espace baptis\u00e9 \u00ab\u00a0la salle des r\u00eaves\u00a0\u00bb o\u00f9 des films d&rsquo;animation \u00e9voquent l&rsquo;\u0153uvre de l&rsquo;homme de lettres\u00a0sur une bande-son \u00e9lectro\u00a0compos\u00e9e par le collectif \u00ab\u00a0Bon Entendeur\u00a0\u00bb, form\u00e9 par Arnaud\u00a0Bonet, Pierre Della Monica et Nicolas Boisseleau.<\/p>\n<p><strong>La Cit\u00e9 immersive des Fables<\/strong><strong>.<\/strong><strong>\u00a0<\/strong>5, rue de Berri (Paris 8e). Ouvert\u00a0du mardi au dimanche. Tarif\u00a0adulte\u00a0: 19,90\u00a0\u20ac. Tarif enfant\u00a0: 13,90\u00a0\u20ac. Gratuit pour les moins de\u00a03\u00a0ans.<\/p>\n<p><strong>La V\u00e9ritable Histoire du P\u00e8re No\u00ebl<\/strong>\u00a0<strong>\u272d\u272d\u272d<\/strong><strong>Visitez une maison magique<\/strong><\/p>\n<p>Le groupe Polaris a investi, en septembre\u00a02024, l&rsquo;h\u00f4tel particulier construit par le fils de Charles Le Brun et\u00a0o\u00f9 v\u00e9curent le peintre Antoine Watteau et le naturaliste Buffon, entre autres. Depuis cette date, il programme dans ce beau d\u00e9cor des pi\u00e8ces (de th\u00e9\u00e2tre) immersives \u00e0 la mise en sc\u00e8ne soign\u00e9e. Apr\u00e8s La Belle et la B\u00eate et Le Voyage extraordinaire de Jules Verne, l&rsquo;\u00e9quipe emmen\u00e9e par Charles Mollet propose de d\u00e9couvrir une l&rsquo;histoire\u00a0de Yule\u00a0: une variation autour de la l\u00e9gende scandinave entourant le mythe du roi nordique Heimdall, alter ego pa\u00efen de Santa Claus.<\/p>\n<p>Dans cette version moderne du conte, Yule est un gar\u00e7on qui travaille\u00a0dans une boutique de jouets tenue par le vieil Hazelius. Le public met ses pas dans ceux de\u00a0ce jeune homme, qui d\u00e9cide un beau jour de distribuer des cadeaux aux enfants sages.\u00a0L&rsquo;exploration de ce monde fantastique d\u00e9bute dans un\u00a0bureau de poste qui pourrait \u00eatre situ\u00e9 \u00e0 Rovaniemi, en Laponie, aux confins du p\u00f4le Nord, et o\u00f9 sont re\u00e7us les courriers des bambins du monde entier.<\/p>\n<p>Comme dans les \u00e9crits du Su\u00e9dois Viktor Rydberg (1828-1895), des\u00a0lutins, surnomm\u00e9s les \u00ab\u00a0nisses\u00a0\u00bb, comme en Finlande ou au Danemark assistent Yule. On croise aussi une\u00a0sorci\u00e8re et le p\u00e8re No\u00ebl, lui-m\u00eame, tel que l&rsquo;avait imagin\u00e9 la dessinatrice\u00a0Jenny Nystr\u00f6m (1854-1946) avec sa grande barbe blanche et son manteau rouge \u00e0 col de fourrure. On traverse une armoire magique, on se glisse dans une\u00a0confiserie fabriquant ce qui ressemble au\u00a0risengrod que les petits Scandinaves d\u00e9posent devant la chemin\u00e9e \u00e0 l&rsquo;attention de\u00a0Jultomte. Magique\u00a0!<\/p>\n<p><strong>La V\u00e9ritable Histoire du P\u00e8re No\u00ebl,<\/strong> au\u00a0Grand H\u00f4tel des r\u00eaves\u00a0: 47, rue du Cardinal-Lemoine (Paris 5e). Ouvert du vendredi au dimanche, jusqu&rsquo;au 4\u00a0janvier. Tarifs \u00e0 partir de\u00a019,99\u00a0\u20ac.<\/p>\n<p><strong>Ars\u00e8ne Lupin et le secret de l&rsquo;Op\u00e9ra<\/strong>\u00a0<strong>\u272d<\/strong>Vivez une intrigue de Maurice Leblanc<\/p>\n<p>Depuis pr\u00e8s de trois\u00a0ans, l&rsquo;attraction La Harpe enchant\u00e9e\u00a0(produite par l&rsquo;agence Cultival, sp\u00e9cialis\u00e9e dans le tourisme culturel) propose de visiter le palais Garnier en se glissant dans le costume d&rsquo;un enqu\u00eateur \u00e0 qui\u00a0Ir\u00e8ne Lupin, descendante du c\u00e9l\u00e8bre \u00ab\u00a0gentleman cambrioleur\u00a0\u00bb, a demand\u00e9 de l&rsquo;aider \u00e0 \u00e9lucider une \u00e9nigme\u00a0: le secret de Cagliostro.<\/p>\n<p>Pour mener \u00e0 bien l&rsquo;enqu\u00eate, il convient de rep\u00e9rer dans les peintures et sculptures\u00a0de l&rsquo;op\u00e9ra des indices qu&rsquo;aurait\u00a0dissimul\u00e9s l&rsquo;architecte Charles Garnier. Autant d&rsquo;indices que l&rsquo;on note dans un carnet et qui, mis bout \u00e0 bout, formeront une sorte de r\u00e9bus conduisant \u00e0 une salle isol\u00e9e o\u00f9 le fant\u00f4me d&rsquo;Ars\u00e8ne Lupin s&rsquo;adressera \u00e0 vous. Une fa\u00e7on ludique de visiter les lieux\u00a0(le grand escalier, le grand foyer, la galerie du Glacier)\u00a0vous direz-vous\u2026 C&rsquo;est compter sans la foule de touristes qui envahit quotidiennement les lieux.<\/p>\n<p>\n\u00c0 D\u00e9couvrir<br \/>\n<strong class=\"discover-kangourou__line\"><br \/>\n<img decoding=\"async\" class=\"discover-kangourou__img\" src=\"https:\/\/static.lpnt.fr\/static\/img\/kangourou\/kangourou_filled.svg\"\/><br \/>\n<strong class=\"discover-kangourou__txt\"><br \/>\n<strong>Le Kangourou du jour<\/strong><br \/>\n<a href=\"https:\/\/kangourou.lepoint.fr\" title=\"kangourou\" data-gtm-cta=\"kangourou_article\" class=\"discover-kangourou__lnk\" rel=\"nofollow noopener\" target=\"_blank\"><br \/>\nR\u00e9pondre<br \/>\n<\/a><br \/>\n<\/strong><br \/>\n<\/strong><br \/>\n\u00c0 certaines heures de la journ\u00e9e, l&rsquo;affluence est telle qu&rsquo;on progresse difficilement dans les salons de l&rsquo;op\u00e9ra. Les visiteurs qui baguenaudent sans se soucier de votre qu\u00eate forment autant d&rsquo;obstacles \u00e0 franchir. Difficile de se concentrer au milieu du brouhaha. Et le temps finit par manquer pour parvenir au terme de l&rsquo;aventure. Dommage\u00a0! Car le tableau final o\u00f9 une statue de marbre s&rsquo;adresse \u00e0 vous vaut le d\u00e9tour.<\/p>\n<p><strong>Ars\u00e8ne Lupin et le secret de l&rsquo;Op\u00e9ra<\/strong>. Entr\u00e9e par la fa\u00e7ade principale du palais Garnier, place de l&rsquo;Op\u00e9ra, Paris 9e. Tarif adulte\u00a0: 28\u00a0\u20ac, 16-26\u00a0ans\u00a0: 25\u00a0\u20ac\u00a0et\u00a05-15\u00a0ans\u00a0: 20\u00a0\u20ac. Jusqu&rsquo;au 19\u00a0d\u00e9cembre, sur r\u00e9servation uniquement.<\/p>\n<p>Toute l\u2019actualit\u00e9 \u00e0 1\u20ac le premier mois<\/p>\n<p><a href=\"https:\/\/abo.lepoint.fr\/?provenance=21EDI020098\" class=\"btn\" title=\"S&#039;abonner\" data-gtm=\"click:abo|display:abo\" data-campaign=\"paywall_maison\" rel=\"nofollow noopener\" target=\"_blank\">S&rsquo;abonner<\/a><\/p>\n<p>ou<\/p>\n","protected":false},"excerpt":{"rendered":"Depuis deux ans, les exp\u00e9riences immersives\u00a0se multiplient \u00e0 travers le territoire. Toutes ne recourent pas forc\u00e9ment \u00e0 la&hellip;\n","protected":false},"author":2,"featured_media":551129,"comment_status":"","ping_status":"","sticky":false,"template":"","format":"standard","meta":{"footnotes":""},"categories":[4],"tags":[11,251,1011,27,12,25],"class_list":{"0":"post-551128","1":"post","2":"type-post","3":"status-publish","4":"format-standard","5":"has-post-thumbnail","7":"category-france","8":"tag-actualites","9":"tag-culture","10":"tag-fr","11":"tag-france","12":"tag-news","13":"tag-republique-francaise"},"share_on_mastodon":{"url":"https:\/\/pubeurope.com\/@fr\/115592942436266805","error":""},"_links":{"self":[{"href":"https:\/\/www.europesays.com\/fr\/wp-json\/wp\/v2\/posts\/551128","targetHints":{"allow":["GET"]}}],"collection":[{"href":"https:\/\/www.europesays.com\/fr\/wp-json\/wp\/v2\/posts"}],"about":[{"href":"https:\/\/www.europesays.com\/fr\/wp-json\/wp\/v2\/types\/post"}],"author":[{"embeddable":true,"href":"https:\/\/www.europesays.com\/fr\/wp-json\/wp\/v2\/users\/2"}],"replies":[{"embeddable":true,"href":"https:\/\/www.europesays.com\/fr\/wp-json\/wp\/v2\/comments?post=551128"}],"version-history":[{"count":0,"href":"https:\/\/www.europesays.com\/fr\/wp-json\/wp\/v2\/posts\/551128\/revisions"}],"wp:featuredmedia":[{"embeddable":true,"href":"https:\/\/www.europesays.com\/fr\/wp-json\/wp\/v2\/media\/551129"}],"wp:attachment":[{"href":"https:\/\/www.europesays.com\/fr\/wp-json\/wp\/v2\/media?parent=551128"}],"wp:term":[{"taxonomy":"category","embeddable":true,"href":"https:\/\/www.europesays.com\/fr\/wp-json\/wp\/v2\/categories?post=551128"},{"taxonomy":"post_tag","embeddable":true,"href":"https:\/\/www.europesays.com\/fr\/wp-json\/wp\/v2\/tags?post=551128"}],"curies":[{"name":"wp","href":"https:\/\/api.w.org\/{rel}","templated":true}]}}