{"id":551132,"date":"2025-11-22T10:46:18","date_gmt":"2025-11-22T10:46:18","guid":{"rendered":"https:\/\/www.europesays.com\/fr\/551132\/"},"modified":"2025-11-22T10:46:18","modified_gmt":"2025-11-22T10:46:18","slug":"galles-nouvelle-zelande-a-suivre-en-direct-test-matches-de-test-matches-automne-2025-22-11-2025-lequipe","status":"publish","type":"post","link":"https:\/\/www.europesays.com\/fr\/551132\/","title":{"rendered":"Galles &#8211; Nouvelle-Z\u00e9lande \u00e0 suivre en direct, Test-matches de Test-matches automne 2025 (22\/11\/2025) &#8211; L&#039;\u00c9quipe"},"content":{"rendered":"<ol>\n<li><a href=\"https:\/\/news.google.com\/rss\/articles\/CBMipAFBVV95cUxPWnFwTHlZVWxDOXJRVGRRUWRrbVNpM29pa3VFX3FZSm1FeU9KMGNBWDJpMlBSa3hrLVNsT3dGcUF6bkxjaTd2bnVydFRFOHJLSXNVTzl2MjN2MzFjcUtZOGh4ejlhRnNxTmNGNlVwejdQVkhLSTFIV1ZhQUczdHhhVG5KdHFLLTUwWkZ5ZGRnWnZWNjgwOWduNm9NVGxoakpoQkNMZw?oc=5\" target=\"_blank\" rel=\"nofollow noopener\">Galles &#8211; Nouvelle-Z\u00e9lande \u00e0 suivre en direct, Test-matches de Test-matches automne 2025 (22\/11\/2025)<\/a>&nbsp;&nbsp;L&rsquo;\u00c9quipe<\/li>\n<li><a href=\"https:\/\/news.google.com\/rss\/articles\/CBMiuAFBVV95cUxOcnV3MGZFcWprRGFsVzBEc3VzbkNESW50QTJNekY2V2hNcDhCdEk1ck0zaGNsLTlzY2hYY1l2X3MwcXRLS1lRODVTX24yQWdJT0FyeF9qVmFhb2YyZ2RHa3AxN1BMOGd4UG9kbEJXV2FRRU81YnJ4T2JrMV9CYUh3RGVtYW9wR21WVWlHOXhiWURJQXlxWm1uenVlZEF6SkJhMnhXVEFJN0ZTLXdjM1REVm9WaU1jRGhl?oc=5\" target=\"_blank\" rel=\"nofollow noopener\">Rugby : pour affronter le pays de Galles, les All Blacks changent (presque) tout<\/a>&nbsp;&nbsp;Le Figaro<\/li>\n<li><a href=\"https:\/\/news.google.com\/rss\/articles\/CBMi8wFBVV95cUxPZ2dMQ3psV2lKS3Z0cEdMakFpZ29aNVBMM2FEbzc2Q0VqRm1HbExQQV90aWprZjcyS1E4MW1ISTRqN3gwanpYdXNlTHpsU2c0RTZrTHpud2p5VkcyUlAtMjJYcW9YN1VZX3RGYW1CdVRIWlRCZUxpMklpdElmNC1hZG45ZW5zcEl3T3RIZlpRUjAtMEZ4NnA3UVhjYlZNSW5fU3hQNzh0TkhHWWZFMVUzWW5WeWpzNVo4SDNOZTZjd25JQzlVMVhTampILWk2RE95U3V1QmhrTi1SWVBsc0pmaUoyRDh1aFZ6azQtVEFtaWota0U?oc=5\" target=\"_blank\" rel=\"nofollow noopener\">Pays de Galles &#8211; All Blacks. La Nouvelle-Z\u00e9lande change 13 joueurs pour son dernier test-match automnal<\/a>&nbsp;&nbsp;MSN<\/li>\n<li><a href=\"https:\/\/news.google.com\/rss\/articles\/CBMiuAFBVV95cUxQa3Z5bVY0enBQcERod1VLZzM0bmUxR3o5dFVRTWt5SG5tam10eVhpLW5MU0FqTlJLN1NqMG9BdWxBd3pvVlIycHVFc2xNbEpydG5HUnBXZG1PSzBmalpheVptRXEydEIwQlN0U3ZQdmtzOWZhVnEtZkNwZ1VPTV84WFgzdmR6c2dzNVNPQUwzMFB5clNXbkotdVA4NDVjZ1YtZGQwaTNNc1R5N01idGVPOUR0Vk1SeHpC?oc=5\" target=\"_blank\" rel=\"nofollow noopener\">\u00c0 quelle heure et sur quelle cha\u00eene voir Pays de Galles-Nouvelle-Z\u00e9lande ?<\/a>&nbsp;&nbsp;20 Minutes<\/li>\n<li><a href=\"https:\/\/news.google.com\/rss\/articles\/CBMilAJBVV95cUxONzlJT2xlcWV6bWJqUURlYWdheG1NU3RBLURpOXgtRnNxeVNZS3ZGSGlYNWhQWWVLWHUxVmN5MkswMXNiaFNtRnh0S2RyT3lucFp4a1JKdmp1SWZoMXVEQWZkSTEzYnpTZGhOVFVlMTRiYllqNkw2UVdjbmpHTGk2UHVvdXJCLW0ycWlmclVELWE4M0IyR1lwNjd6Z0lqUmVhb0FiMzlLZmp3S191S25ZTE55QW1Gdk1TOFRxU2UyWnZSUlUtTGZNbVA2azRBRmI0MDY3MmpxR0dsMkVQbUQzSUYtRnhhT3J1VjlaTFg3NDhkVnRIb1pybllsem9kOVdnNmtGM1NlR29iWjRCQ1JmS2labzk?oc=5\" target=\"_blank\" rel=\"nofollow noopener\">Pays de Galles \u2013 Nouvelle-Z\u00e9lande : \u00e0 quelle heure et sur quelle cha\u00eene voir le match de rugby ?<\/a>&nbsp;&nbsp;Le Parisien<\/li>\n<\/ol>\n","protected":false},"excerpt":{"rendered":"Galles &#8211; Nouvelle-Z\u00e9lande \u00e0 suivre en direct, Test-matches de Test-matches automne 2025 (22\/11\/2025)&nbsp;&nbsp;L&rsquo;\u00c9quipe Rugby : pour affronter le&hellip;\n","protected":false},"author":2,"featured_media":551133,"comment_status":"","ping_status":"","sticky":false,"template":"","format":"standard","meta":{"footnotes":""},"categories":[1416],"tags":[1011,27,479,1468,60],"class_list":{"0":"post-551132","1":"post","2":"type-post","3":"status-publish","4":"format-standard","5":"has-post-thumbnail","7":"category-rugby","8":"tag-fr","9":"tag-france","10":"tag-rugby","11":"tag-rugby-football","12":"tag-sports"},"share_on_mastodon":{"url":"","error":""},"_links":{"self":[{"href":"https:\/\/www.europesays.com\/fr\/wp-json\/wp\/v2\/posts\/551132","targetHints":{"allow":["GET"]}}],"collection":[{"href":"https:\/\/www.europesays.com\/fr\/wp-json\/wp\/v2\/posts"}],"about":[{"href":"https:\/\/www.europesays.com\/fr\/wp-json\/wp\/v2\/types\/post"}],"author":[{"embeddable":true,"href":"https:\/\/www.europesays.com\/fr\/wp-json\/wp\/v2\/users\/2"}],"replies":[{"embeddable":true,"href":"https:\/\/www.europesays.com\/fr\/wp-json\/wp\/v2\/comments?post=551132"}],"version-history":[{"count":0,"href":"https:\/\/www.europesays.com\/fr\/wp-json\/wp\/v2\/posts\/551132\/revisions"}],"wp:featuredmedia":[{"embeddable":true,"href":"https:\/\/www.europesays.com\/fr\/wp-json\/wp\/v2\/media\/551133"}],"wp:attachment":[{"href":"https:\/\/www.europesays.com\/fr\/wp-json\/wp\/v2\/media?parent=551132"}],"wp:term":[{"taxonomy":"category","embeddable":true,"href":"https:\/\/www.europesays.com\/fr\/wp-json\/wp\/v2\/categories?post=551132"},{"taxonomy":"post_tag","embeddable":true,"href":"https:\/\/www.europesays.com\/fr\/wp-json\/wp\/v2\/tags?post=551132"}],"curies":[{"name":"wp","href":"https:\/\/api.w.org\/{rel}","templated":true}]}}