{"id":551136,"date":"2025-11-22T10:51:13","date_gmt":"2025-11-22T10:51:13","guid":{"rendered":"https:\/\/www.europesays.com\/fr\/551136\/"},"modified":"2025-11-22T10:51:13","modified_gmt":"2025-11-22T10:51:13","slug":"une-vainqueure-detape-sur-le-tour-de-france-la-echappe-belle-sports","status":"publish","type":"post","link":"https:\/\/www.europesays.com\/fr\/551136\/","title":{"rendered":"Une vainqueure d&rsquo;\u00e9tape sur le Tour de France l&rsquo;a \u00e9chapp\u00e9 belle : Sports"},"content":{"rendered":"<p class=\"date\">\n                                                            Emmanuel LANGELLIER, Media365 : publi\u00e9 le samedi 22 novembre 2025 \u00e0 10h41\n                                                    <\/p>\n<p>La N\u00e9erlandaise Lorena Wiebes (26 ans), double vainqueure d&rsquo;\u00e9tape sur le Tour de France l&rsquo;\u00e9t\u00e9 dernier, a \u00e9t\u00e9 percut\u00e9e par une voiture en d\u00e9but de semaine.<\/p>\n<p>Avant de s&rsquo;achever de mani\u00e8re splendide par les victoires des Fran\u00e7aises Ma\u00ebva Squiban et surtout <a href=\"https:\/\/sports.orange.fr\/cyclisme\/tour-de-france\/resultats\/article\/tour-de-france-f-e9-ferrand-prevot-immense-championne-CNT000002jRdh6.html\" rel=\"nofollow noopener\" target=\"_blank\"> Pauline Ferrand-Pr\u00e9v\u00f4t, future laur\u00e9ate <\/a>, lors des 4 derni\u00e8res \u00e9tapes, le Tour de France f\u00e9minin 2025 avait \u00e9t\u00e9 marqu\u00e9 lors de ses premiers jours par un joli doubl\u00e9. Celui de Lorena Wiebes qui avait rafl\u00e9 coup sur coup les 3e et 4e \u00e9tapes \u00e0 Angers et Poitiers.<\/p>\n<p>Seulement quelques ecchymoses et des \u00e9gratignures<\/p>\n<p>Victorieuse de Milan-San Remo et Gand-Wevelgem, la N\u00e9erlandaise, vainqueure aussi des classements par points sur le Giro et le Tour de France, a \u00e9galement \u00e9t\u00e9 <a href=\"https:\/\/sports.orange.fr\/cyclisme\/article\/gravel-mondiaux-f-wiebes-devance-vos-et-persico-pour-le-titre-CNT000002la3Fy.html\" rel=\"nofollow noopener\" target=\"_blank\"> sacr\u00e9e championne du monde de gravel <\/a>, de l&rsquo;omnium et du scratch en octobre lors des Mondiaux sur piste organis\u00e9s au Chili. \u00ab Maintenant, c&rsquo;est l&rsquo;heure de l&rsquo;intersaison \u00bb, disait la jeune femme quelques jours plus tard. Une p\u00e9riode sans comp\u00e9tition durant laquelle Lorena Wiebes a failli \u00eatre \u00e0 l&rsquo;origine d&rsquo;un terrible drame.<\/p>\n<p>Celle qui avait fini num\u00e9ro 1 mondiale au classement UCI \u00e0 seulement 20 ans en 2019 circulait en d\u00e9but de semaine sur son v\u00e9lo \u00e9lectrique chez elle aux Pays-Bas quand elle a \u00e9t\u00e9 percut\u00e9e par une voiture. Et, heureusement, plus de peur que de mal au final. La meilleure sprinteuse actuelle du monde s&rsquo;en est sortie avec seulement quelques ecchymoses et des \u00e9gratignures.<\/p>\n<p>\u00ab Je m&rsquo;en sors bien, mais cela aurait pu \u00eatre pire \u00bb<\/p>\n<p>\u00ab \u00c0 la personne qui m&rsquo;a percut\u00e9e et ne s&rsquo;est pas arr\u00eat\u00e9e. Heureusement, je m&rsquo;en sors bien, mais cela aurait pu \u00eatre pire, d&rsquo;autant que j&rsquo;ai \u00e9t\u00e9 percut\u00e9e par l&rsquo;arri\u00e8re \u00bb, a publi\u00e9 la N\u00e9erlandaise de 26 ans sur son compte Instagram, mardi avec une photo affichant son v\u00e9lo ab\u00eem\u00e9 et avec un pneu arri\u00e8re compl\u00e8tement sorti de la jante.<\/p>\n<p>\u00ab Merci aux 2 personnes qui se sont arr\u00eat\u00e9es pour v\u00e9rifier que j&rsquo;allais bien \u00bb, a ajout\u00e9 Wiebes, 25 victoires au compteur en 2025 avec sa formation SD Worx-Protime, avant de conclure de mani\u00e8re beaucoup moins positive : \u00ab Encore plus frustrant quand on voit combien de cyclistes sont tu\u00e9s par des voitures \u00bb<\/p>\n","protected":false},"excerpt":{"rendered":"Emmanuel LANGELLIER, Media365 : publi\u00e9 le samedi 22 novembre 2025 \u00e0 10h41 La N\u00e9erlandaise Lorena Wiebes (26 ans),&hellip;\n","protected":false},"author":2,"featured_media":551137,"comment_status":"","ping_status":"","sticky":false,"template":"","format":"standard","meta":{"footnotes":""},"categories":[1411],"tags":[1154,207,1011,27,60],"class_list":{"0":"post-551136","1":"post","2":"type-post","3":"status-publish","4":"format-standard","5":"has-post-thumbnail","7":"category-cyclisme","8":"tag-cycling","9":"tag-cyclisme","10":"tag-fr","11":"tag-france","12":"tag-sports"},"share_on_mastodon":{"url":"https:\/\/pubeurope.com\/@fr\/115592972541054635","error":""},"_links":{"self":[{"href":"https:\/\/www.europesays.com\/fr\/wp-json\/wp\/v2\/posts\/551136","targetHints":{"allow":["GET"]}}],"collection":[{"href":"https:\/\/www.europesays.com\/fr\/wp-json\/wp\/v2\/posts"}],"about":[{"href":"https:\/\/www.europesays.com\/fr\/wp-json\/wp\/v2\/types\/post"}],"author":[{"embeddable":true,"href":"https:\/\/www.europesays.com\/fr\/wp-json\/wp\/v2\/users\/2"}],"replies":[{"embeddable":true,"href":"https:\/\/www.europesays.com\/fr\/wp-json\/wp\/v2\/comments?post=551136"}],"version-history":[{"count":0,"href":"https:\/\/www.europesays.com\/fr\/wp-json\/wp\/v2\/posts\/551136\/revisions"}],"wp:featuredmedia":[{"embeddable":true,"href":"https:\/\/www.europesays.com\/fr\/wp-json\/wp\/v2\/media\/551137"}],"wp:attachment":[{"href":"https:\/\/www.europesays.com\/fr\/wp-json\/wp\/v2\/media?parent=551136"}],"wp:term":[{"taxonomy":"category","embeddable":true,"href":"https:\/\/www.europesays.com\/fr\/wp-json\/wp\/v2\/categories?post=551136"},{"taxonomy":"post_tag","embeddable":true,"href":"https:\/\/www.europesays.com\/fr\/wp-json\/wp\/v2\/tags?post=551136"}],"curies":[{"name":"wp","href":"https:\/\/api.w.org\/{rel}","templated":true}]}}