{"id":551139,"date":"2025-11-22T10:53:25","date_gmt":"2025-11-22T10:53:25","guid":{"rendered":"https:\/\/www.europesays.com\/fr\/551139\/"},"modified":"2025-11-22T10:53:25","modified_gmt":"2025-11-22T10:53:25","slug":"a-10-ans-sa-fille-gabriella-lui-vole-presque-la-vedette-avec-cette-coiffure-qui-fait-fondre-le-rocher","status":"publish","type":"post","link":"https:\/\/www.europesays.com\/fr\/551139\/","title":{"rendered":"\u00e0 10 ans, sa fille Gabriella lui vole presque la vedette avec cette coiffure qui fait fondre le Rocher"},"content":{"rendered":"<p><strong>Telles m\u00e8res, telles filles<\/strong>. Outre-Manche, les<br \/>\nsujets de Sa Majest\u00e9 fondent pour le duo form\u00e9 par Kate Middleton<br \/>\net <a href=\"https:\/\/www.grazia.fr\/people\/princesse-charlotte-a-seulement-10-ans-elle-a-enfreint-une-regle-chere-a-elisabeth-ii-1172680.html\" target=\"_blank\" rel=\"noopener\"><br \/>\nla princesse Charlotte, 10 ans<\/a>. De l\u2019autre c\u00f4t\u00e9 des Pyr\u00e9n\u00e9es,<br \/>\non admire le sens du style de la reine Letizia d\u00a0\u00bbEspagne et de ses<br \/>\ndignes h\u00e9riti\u00e8res, les infantes <a href=\"https:\/\/www.grazia.fr\/mode\/looks-de-stars\/princesse-hm-leonor-despagne-sensation-delegante-robe-moins-50-euros-1196908.html\" target=\"_blank\" rel=\"noopener\"><br \/>\nLeonor, 20 ans<\/a>, et Sofia, 18 ans. Sur le Rocher, c\u2019est le<br \/>\ntandem craquant form\u00e9 par Charl\u00e8ne de Monaco et sa fille Gabriella,<br \/>\n10 ans, qui attendrit les c\u0153urs.<\/p>\n<p><a href=\"https:\/\/www.grazia.fr\/people\/rentree-royale-charlene-monaco-jumeaux-jacques-gabriella-attirent-tous-regards-1185776.html\" target=\"_blank\" rel=\"noopener\"><br \/>\nLes jumeaux Jacques et Gabriella de Monaco<\/a> sont d\u00e9sormais en<br \/>\n\u00e2ge de participer \u00e0 leurs premiers devoirs officiels. Mercredi 19<br \/>\nnovembre, l\u2019\u00e9dition 2025 de la f\u00eate nationale mon\u00e9gasque a \u00e9t\u00e9<br \/>\nl\u2019occasion pour le monde entier de constater combien <strong>les<br \/>\ndeux enfants du prince Albert et de la princesse Charl\u00e8ne ont bien<br \/>\ngrandi<\/strong>.<\/p>\n<p>Charl\u00e8ne de Monaco et la princesse Gabriella arborent les<br \/>\ncouleurs de Monaco<\/p>\n<p>Apr\u00e8s une messe dans la cath\u00e9drale Notre-Dame-Immacul\u00e9e de<br \/>\nMonaco, toute la famille princi\u00e8re s\u2019est retrouv\u00e9e dans la cour<br \/>\nd\u2019honneur du palais afin d\u2019assister \u00e0 l\u2019hymne national, suivi de la<br \/>\ntraditionnelle c\u00e9r\u00e9monie de prise d\u2019armes et de remises d&rsquo;insignes<br \/>\nde grade. Au premier rang, sur le balcon, <strong>Jacques et<br \/>\nGabriella ont fait leur entr\u00e9e en enfants mod\u00e8les<\/strong>.<\/p>\n<p>Pour l\u2019occasion, l\u2019h\u00e9ritier du tr\u00f4ne portait l\u2019uniforme<br \/>\nmilitaire traditionnel mon\u00e9gasque, tandis que sa s\u0153ur jouait d\u00e9j\u00e0<br \/>\nles fashionistas dans un total look rouge. Comme tout dans ces<br \/>\n\u00e9v\u00e9nements tr\u00e8s officiels, la tenue de la petite fille ne laissait<br \/>\nrien au hasard.\u00a0En effet, la couleur et le style de sa tenue<br \/>\n\u00e9taient parfaitement assortis \u00e0 ceux de sa maman. L\u2019ancienne<br \/>\nnageuse sud-africaine avait choisi un tailleur blanc, compl\u00e9t\u00e9 d\u2019un<br \/>\nchapeau de la m\u00eame couleur. Ainsi, <strong>les deux couleurs du<br \/>\ndrapeau de Monaco \u00e9taient joliment port\u00e9es par la m\u00e8re et la<br \/>\nfille<\/strong>.<\/p>\n<p>Un accessoire ultra-chic dans les cheveux de la princesse<br \/>\nGabriella<\/p>\n<p>C\u00f4t\u00e9 accessoires, Gabriella portait de sages ballerines rouges<br \/>\nvernies Gianvito Rossi. Mais s\u2019il y a bien un d\u00e9tail qui a captiv\u00e9<br \/>\nl\u2019attention de tous les Mon\u00e9gasques venus saluer la famille<br \/>\nprinci\u00e8re, c\u2019est la coiffe pos\u00e9e sur sa t\u00eate : <strong>un<br \/>\nserre-t\u00eate ultra-chic Philip Treacy<\/strong>, d\u00e9j\u00e0 port\u00e9 par Maxima<br \/>\net Catharina-Amalia des Pays-Bas.<\/p>\n<p>Avant de passer aux chapeaux de circonstance, la petite fille<br \/>\ns\u2019exerce \u00e0 tenir son port de reine en portant haut de belles<br \/>\ncoiffes. <strong>Les clich\u00e9s du fr\u00e8re et de la s\u0153ur<\/strong>,<br \/>\nd\u00e9voil\u00e9s sur Instagram par le Palais, en sont t\u00e9moins.<\/p>\n<blockquote class=\"instagram-media\" style=\"background: #ffffff;border: 0;margin: 1px;width: 100%;padding: 0;max-width: 500px;\" data-instgrm-permalink=\"https:\/\/www.instagram.com\/p\/DRPgGZMiCgU\/?utm_source=ig_embed&amp;ig_rid=0399f89a-0561-47f6-b783-9ae07075f55b&amp;img_index=1\" data-instgrm-version=\"14\"\/><p>\nLa princesse Gabriella a un caract\u00e8re<br \/>\nd\u00e9j\u00e0 affirm\u00e9<\/p>\n<p><strong>Gabriella a d\u00e9j\u00e0 tout d\u2019une grande<\/strong>. Et c\u2019est<br \/>\nson papa qui le dit ! Interrog\u00e9 sur TF1 au printemps dernier,<br \/>\nAlbert II avait confi\u00e9 \u00e0 propos de ses deux enfants : \u00ab\u00a0Ils sont<br \/>\nassez diff\u00e9rents, mais c\u2019est \u00e7a qui fait leur beaut\u00e9. Jacques est<br \/>\nun peu plus\u2026 je ne dirais pas introverti, mais un peu plus r\u00e9serv\u00e9,<br \/>\nun peu plus prudent sur certaines choses. Et Gabriella est plus<br \/>\nexpansive, elle a un caract\u00e8re d\u00e9j\u00e0 affirm\u00e9.\u00a0\u00bb<\/p>\n<p><script async src=\"\/\/www.instagram.com\/embed.js\"><\/script><\/p>\n","protected":false},"excerpt":{"rendered":"Telles m\u00e8res, telles filles. Outre-Manche, les sujets de Sa Majest\u00e9 fondent pour le duo form\u00e9 par Kate Middleton&hellip;\n","protected":false},"author":2,"featured_media":551140,"comment_status":"","ping_status":"","sticky":false,"template":"","format":"standard","meta":{"footnotes":""},"categories":[1359],"tags":[930,5481,13041,1764,3396,3477,66636,6729,1805,58,59,21,195,3054,1011,27,66836,4743,23740,3127,973,19722,3583,34491,10649,66837,9343],"class_list":{"0":"post-551139","1":"post","2":"type-post","3":"status-publish","4":"format-standard","5":"has-post-thumbnail","7":"category-people","8":"tag-le","9":"tag-5481","10":"tag-a","11":"tag-ans","12":"tag-avec","13":"tag-cette","14":"tag-charlene","15":"tag-coiffure","16":"tag-de","17":"tag-divertissement","18":"tag-entertainment","19":"tag-fait","20":"tag-fille","21":"tag-fondre","22":"tag-fr","23":"tag-france","24":"tag-gabriella","25":"tag-la","26":"tag-lui","27":"tag-monaco","28":"tag-people","29":"tag-presque","30":"tag-qui","31":"tag-rocher","32":"tag-sa","33":"tag-vedette","34":"tag-vole"},"share_on_mastodon":{"url":"https:\/\/pubeurope.com\/@fr\/115592980363459773","error":""},"_links":{"self":[{"href":"https:\/\/www.europesays.com\/fr\/wp-json\/wp\/v2\/posts\/551139","targetHints":{"allow":["GET"]}}],"collection":[{"href":"https:\/\/www.europesays.com\/fr\/wp-json\/wp\/v2\/posts"}],"about":[{"href":"https:\/\/www.europesays.com\/fr\/wp-json\/wp\/v2\/types\/post"}],"author":[{"embeddable":true,"href":"https:\/\/www.europesays.com\/fr\/wp-json\/wp\/v2\/users\/2"}],"replies":[{"embeddable":true,"href":"https:\/\/www.europesays.com\/fr\/wp-json\/wp\/v2\/comments?post=551139"}],"version-history":[{"count":0,"href":"https:\/\/www.europesays.com\/fr\/wp-json\/wp\/v2\/posts\/551139\/revisions"}],"wp:featuredmedia":[{"embeddable":true,"href":"https:\/\/www.europesays.com\/fr\/wp-json\/wp\/v2\/media\/551140"}],"wp:attachment":[{"href":"https:\/\/www.europesays.com\/fr\/wp-json\/wp\/v2\/media?parent=551139"}],"wp:term":[{"taxonomy":"category","embeddable":true,"href":"https:\/\/www.europesays.com\/fr\/wp-json\/wp\/v2\/categories?post=551139"},{"taxonomy":"post_tag","embeddable":true,"href":"https:\/\/www.europesays.com\/fr\/wp-json\/wp\/v2\/tags?post=551139"}],"curies":[{"name":"wp","href":"https:\/\/api.w.org\/{rel}","templated":true}]}}