{"id":551143,"date":"2025-11-22T10:56:25","date_gmt":"2025-11-22T10:56:25","guid":{"rendered":"https:\/\/www.europesays.com\/fr\/551143\/"},"modified":"2025-11-22T10:56:25","modified_gmt":"2025-11-22T10:56:25","slug":"qui-sont-les-invites-de-lea-salame-ce-samedi-22-novembre-2025","status":"publish","type":"post","link":"https:\/\/www.europesays.com\/fr\/551143\/","title":{"rendered":"Qui sont les invit\u00e9s de L\u00e9a Salam\u00e9 ce samedi 22 novembre 2025 ?"},"content":{"rendered":"<p>Depuis son lancement le 24 septembre 2022, Quelle \u00e9poque ! s&rsquo;est impos\u00e9e comme le rendez-vous incontournable du samedi soir sur le petit \u00e9cran. S&rsquo;appuyant sur la recette qui a fait les belles heures de France 2 avec Tout le monde en parle, avec <a href=\"https:\/\/www.programme-tv.net\/biographie\/1519-ardisson-thierry\/\" data-api-deeplink=\"teleloisirs:\/\/person\/1519\" target=\"_blank\" rel=\"noopener\">Thierry Ardisson<\/a>, puis On n&rsquo;est pas couch\u00e9, avec <a href=\"https:\/\/www.programme-tv.net\/biographie\/534-ruquier-laurent\/\" data-api-deeplink=\"teleloisirs:\/\/person\/534\" target=\"_blank\" rel=\"noopener\">Laurent Ruquier<\/a>, <a href=\"https:\/\/www.programme-tv.net\/biographie\/1044-salame-lea\/\" data-api-deeplink=\"teleloisirs:\/\/person\/1044\" target=\"_blank\" rel=\"noopener\">L\u00e9a Salam\u00e9<\/a> re\u00e7oit depuis trois ans ceux qui font l&rsquo;actualit\u00e9 : des artistes, des politiques, des sportifs, des figures des m\u00e9dias&#8230; Et comme ce fut le cas pour les programmes qui ont occup\u00e9 avant Quelle \u00e9poque ! cette case horaire strat\u00e9gique, certaines s\u00e9quences font beaucoup parler. On se souvient notamment de <a href=\"https:\/\/www.programme-tv.net\/news\/tv\/352002-vous-etes-devenu-chiant-la-reflexion-de-lea-salame-a-artus-dans-quelle-epoque-qui-a-fortement-deplu-aux-internautes-video\/\" data-api-deeplink=\"teleloisirs:\/\/news\/352002\" target=\"_blank\" rel=\"noopener\">la pol\u00e9mique<\/a> que la r\u00e9ponse de L\u00e9a Salam\u00e9 \u00e0 <a href=\"https:\/\/www.programme-tv.net\/biographie\/3012725-artus\/\" data-api-deeplink=\"teleloisirs:\/\/person\/3012725\" target=\"_blank\" rel=\"noopener\">Artus<\/a> avait provoqu\u00e9e, le 27 avril 2024 : \u00ab\u00a0Vous \u00eates devenu chiant !\u00a0\u00bb, s&rsquo;\u00e9tait exclam\u00e9e la pr\u00e9sentatrice, alors que le com\u00e9dien avait confi\u00e9 qu&rsquo;il avait arr\u00eat\u00e9 de boire de l&rsquo;alcool. La journaliste avait fait son mea culpa le samedi suivant. Les fid\u00e8les de l&rsquo;\u00e9mission se souviennent aussi du cri du c\u0153ur de <a href=\"https:\/\/www.programme-tv.net\/biographie\/12213-robin-muriel\/\" data-api-deeplink=\"teleloisirs:\/\/person\/12213\" target=\"_blank\" rel=\"noopener\">Muriel Robin<\/a>, le 16 septembre 2023, qui avait expliqu\u00e9 que, selon elle, si elle avait fait peu de cin\u00e9ma, <a href=\"https:\/\/www.programme-tv.net\/news\/cinema\/335994-je-suis-la-seule-au-monde-a-le-dire-muriel-robin-denonce-lhomophobie-dans-le-cinema-choc-sur-le-plateau-de-quelle-epoque-video\/\" data-api-deeplink=\"teleloisirs:\/\/news\/335994\" target=\"_blank\" rel=\"noopener\">c&rsquo;est parce qu&rsquo;elle n&rsquo;avait jamais cach\u00e9 son homosexualit\u00e9<\/a>. \u00ab\u00a0En 30 ans, dans combien de com\u00e9dies j&rsquo;ai \u00e9t\u00e9&#8230; Deux\u00a0\u00bb, avait-elle confi\u00e9.<\/p>\n<p>Ce samedi 22 novembre 2025, quels sont les invit\u00e9s qui s&rsquo;installeront \u00e0 la table de Quelle \u00e9poque !, \u00e0 23h25 ? C\u00f4t\u00e9 musique, <a href=\"https:\/\/www.programme-tv.net\/biographie\/22395-clerc-julien\/\" data-api-deeplink=\"teleloisirs:\/\/person\/22395\" target=\"_blank\" rel=\"noopener\">Julien Clerc<\/a> et <a href=\"https:\/\/www.programme-tv.net\/biographie\/45549-vitaa\/\" data-api-deeplink=\"teleloisirs:\/\/person\/45549\" target=\"_blank\" rel=\"noopener\">Vitaa<\/a> \u00e9voqueront leurs actualit\u00e9s respectives : l&rsquo;interpr\u00e8te de Femmes, je vous aime parlera de la sortie de son best-of, Une vie, et <a href=\"https:\/\/www.programme-tv.net\/news\/tv\/339743-star-academy-2023-qui-sont-les-parrain-et-marraine-de-cette-nouvelle-saison\/\" data-api-deeplink=\"teleloisirs:\/\/news\/339743\" target=\"_blank\" rel=\"noopener\">la marraine de la saison 11 de la Star Academy<\/a>, qui a derni\u00e8rement annonc\u00e9 son intention de faire une pause dans sa carri\u00e8re, se confiera au sujet de sa tourn\u00e9e qui s&rsquo;ach\u00e8vera \u00e0 la Seine musicale, \u00e0 Paris, les 28, 29 et 30 novembre 2025. Le monde des m\u00e9dias sera en force, ce samedi soir sur France 2 : <a href=\"https:\/\/www.programme-tv.net\/biographie\/146420-ithurburu-isabelle\/\" data-api-deeplink=\"teleloisirs:\/\/person\/146420\" target=\"_blank\" rel=\"noopener\">Isabelle Ithurburu<\/a> sera l\u00e0 pour parler du retour de Stars \u00e0 domicile, pr\u00e9vu le 28 novembre 2025 sur TF1, <a href=\"https:\/\/www.programme-tv.net\/biographie\/679-ockrent-christine\/\" data-api-deeplink=\"teleloisirs:\/\/person\/679\" target=\"_blank\" rel=\"noopener\">Christine Ockrent<\/a> pr\u00e9sentera Le Trump, de A \u00e0 Z (Deno\u00ebl), le dictionnaire qu&rsquo;elle consacre au pr\u00e9sident des \u00c9tats-Unis, <a href=\"https:\/\/www.programme-tv.net\/biographie\/4481268-de-la-villardiere-bernard\/\" data-api-deeplink=\"teleloisirs:\/\/person\/4481268\" target=\"_blank\" rel=\"noopener\">Bernard de La Villardi\u00e8re<\/a> c\u00e9l\u00e9brera les 20 ans de son \u00e9mission Enqu\u00eate exclusive sur M6, et, enfin, Laurence Bloch, ancienne figure de Radio France, \u00e9voquera ses m\u00e9moires, Radioactive (Stock).<\/p>\n<p>            Quelles stars du cin\u00e9ma la cascadeuse Sarah L\u00e9zito, invit\u00e9e de Quelle \u00e9poque ! ce samedi 22 novembre 2025, a-t-elle doubl\u00e9 ?<\/p>\n<p>L\u00e9a Salam\u00e9 et son \u00e9quipe recevront \u00e9galement deux sportifs, dans Quelle \u00e9poque !, ce samedi 22 novembre 2025 sur France 2 : la pilote de moto, star des r\u00e9seaux sociaux et cascadeuse Sarah L\u00e9zito, qui a \u00e9t\u00e9 la doublure de nombreuses stars du cin\u00e9ma, notamment <a href=\"https:\/\/www.programme-tv.net\/biographie\/233-johansson-scarlett\/\" data-api-deeplink=\"teleloisirs:\/\/person\/233\" target=\"_blank\" rel=\"noopener\">Scarlett Johansson<\/a> dans Avengers, L&rsquo;\u00c8re d&rsquo;Ultron et Black Widow ou <a href=\"https:\/\/www.programme-tv.net\/biographie\/154880-kravitz-zoe\/\" data-api-deeplink=\"teleloisirs:\/\/person\/154880\" target=\"_blank\" rel=\"noopener\">Zo\u00eb Kravitz<\/a> dans The Batman, ainsi que le v\u00e9t\u00e9tiste Kilian Bron, dont le livre, Le v\u00e9lo m&rsquo;a sauv\u00e9, pr\u00e9fac\u00e9 par le biathl\u00e8te <a href=\"https:\/\/www.programme-tv.net\/biographie\/255438-fourcade-martin\/\" data-link-people=\"d063b586-e945-4ecc-ba89-8c5197312a73\" target=\"_blank\" rel=\"noopener\">Martin Fourcade<\/a>, est paru le 12 novembre 2025 chez Flammarion.<\/p>\n<blockquote class=\"twitter-tweet\">\n<p lang=\"fr\" dir=\"ltr\">\ud83d\udce3 Ce soir \u00e0 23h25 sur <a href=\"https:\/\/twitter.com\/hashtag\/France2?src=hash&amp;ref_src=twsrc%5Etfw\" target=\"_blank\" rel=\"noopener\">#France2<\/a>, <a href=\"https:\/\/twitter.com\/LeaSalame?ref_src=twsrc%5Etfw\" target=\"_blank\" rel=\"noopener\">@LeaSalame<\/a> et toute l&rsquo;\u00e9quipe de <a href=\"https:\/\/twitter.com\/hashtag\/QuelleEpoque?src=hash&amp;ref_src=twsrc%5Etfw\" target=\"_blank\" rel=\"noopener\">#QuelleEpoque<\/a> re\u00e7oivent :<\/p>\n<p>\u27a1\ufe0f <a href=\"https:\/\/twitter.com\/JulienClerc_Off?ref_src=twsrc%5Etfw\" target=\"_blank\" rel=\"noopener\">@JulienClerc_Off<\/a>, \u00e0 l&rsquo;occasion de la sortie de son best of \u00ab\u00a0Une vie\u00a0\u00bb \ud83d\udcbf<\/p>\n<p>\u27a1\ufe0f <a href=\"https:\/\/twitter.com\/VITAA?ref_src=twsrc%5Etfw\" target=\"_blank\" rel=\"noopener\">@VITAA<\/a>, \u00e0 l&rsquo;occasion de sa tourn\u00e9e Z\u00e9niths et de ses dates \u00e0 <a href=\"https:\/\/twitter.com\/LaSeineMusicale?ref_src=twsrc%5Etfw\" target=\"_blank\" rel=\"noopener\">@LaSeineMusicale<\/a> du 28 au 30 novembre prochain\u2026 <a href=\"https:\/\/t.co\/BoFYcn4VIO\">pic.twitter.com\/BoFYcn4VIO<\/a><\/p>\n<p>\u2014 Quelle \u00c9poque! (@QuelleEpoqueOff) <a href=\"https:\/\/twitter.com\/QuelleEpoqueOff\/status\/1992154499201343849?ref_src=twsrc%5Etfw\" target=\"_blank\" rel=\"noopener\">November 22, 2025<\/a><\/p><\/blockquote>\n<p>Article \u00e9crit en collaboration avec 6Medias<\/p>\n<p>    <script async src=\"https:\/\/platform.twitter.com\/widgets.js\" charset=\"utf-8\"><\/script><\/p>\n","protected":false},"excerpt":{"rendered":"Depuis son lancement le 24 septembre 2022, Quelle \u00e9poque ! s&rsquo;est impos\u00e9e comme le rendez-vous incontournable du samedi&hellip;\n","protected":false},"author":2,"featured_media":551144,"comment_status":"","ping_status":"","sticky":false,"template":"","format":"standard","meta":{"footnotes":""},"categories":[1356],"tags":[244,58,59,1011,27,594,3774,6975,1735,3775,3778,252,1364,26648,1630],"class_list":{"0":"post-551143","1":"post","2":"type-post","3":"status-publish","4":"format-standard","5":"has-post-thumbnail","7":"category-television","8":"tag-commentaire","9":"tag-divertissement","10":"tag-entertainment","11":"tag-fr","12":"tag-france","13":"tag-france-2","14":"tag-invitu00e9s","15":"tag-isabelle-ithurburu","16":"tag-julien-clerc","17":"tag-lu00e9a-salamu00e9","18":"tag-quelle-u00e9poque","19":"tag-television","20":"tag-tv","21":"tag-vitaa","22":"tag-zapping"},"share_on_mastodon":{"url":"https:\/\/pubeurope.com\/@fr\/115592992208317694","error":""},"_links":{"self":[{"href":"https:\/\/www.europesays.com\/fr\/wp-json\/wp\/v2\/posts\/551143","targetHints":{"allow":["GET"]}}],"collection":[{"href":"https:\/\/www.europesays.com\/fr\/wp-json\/wp\/v2\/posts"}],"about":[{"href":"https:\/\/www.europesays.com\/fr\/wp-json\/wp\/v2\/types\/post"}],"author":[{"embeddable":true,"href":"https:\/\/www.europesays.com\/fr\/wp-json\/wp\/v2\/users\/2"}],"replies":[{"embeddable":true,"href":"https:\/\/www.europesays.com\/fr\/wp-json\/wp\/v2\/comments?post=551143"}],"version-history":[{"count":0,"href":"https:\/\/www.europesays.com\/fr\/wp-json\/wp\/v2\/posts\/551143\/revisions"}],"wp:featuredmedia":[{"embeddable":true,"href":"https:\/\/www.europesays.com\/fr\/wp-json\/wp\/v2\/media\/551144"}],"wp:attachment":[{"href":"https:\/\/www.europesays.com\/fr\/wp-json\/wp\/v2\/media?parent=551143"}],"wp:term":[{"taxonomy":"category","embeddable":true,"href":"https:\/\/www.europesays.com\/fr\/wp-json\/wp\/v2\/categories?post=551143"},{"taxonomy":"post_tag","embeddable":true,"href":"https:\/\/www.europesays.com\/fr\/wp-json\/wp\/v2\/tags?post=551143"}],"curies":[{"name":"wp","href":"https:\/\/api.w.org\/{rel}","templated":true}]}}