{"id":551145,"date":"2025-11-22T10:57:12","date_gmt":"2025-11-22T10:57:12","guid":{"rendered":"https:\/\/www.europesays.com\/fr\/551145\/"},"modified":"2025-11-22T10:57:12","modified_gmt":"2025-11-22T10:57:12","slug":"daniel-balavoine-15-kilos-en-un-mois-son-frere-aneanti-par-sa-mort-il-revele-de-graves-consequences-sur-sa-sante","status":"publish","type":"post","link":"https:\/\/www.europesays.com\/fr\/551145\/","title":{"rendered":"Daniel Balavoine : \u00ab\u00a015 kilos en un mois\u2026\u00a0\u00bb, son fr\u00e8re an\u00e9anti par sa mort, il r\u00e9v\u00e8le de graves cons\u00e9quences sur sa sant\u00e9"},"content":{"rendered":"<p class=\"p1\">Un triste marqueur des ann\u00e9es 80. Le 14 janvier 1986,<br \/>\nun drame frappait de plein fouet la course du Paris-Dakar. <a href=\"https:\/\/www.closermag.fr\/people\/daniel-balavoine-a-sa-mort-ce-choix-drastique-de-sa-veuve-qui-a-sauve-la-vie-de-son-fils-meconnu-jeremie-3527891\" target=\"_blank\" rel=\"noopener\"><br \/>\nUn accident d&rsquo;h\u00e9licopt\u00e8re provoquait la mort brutale de Daniel<br \/>\nBalavoine.<\/a> La disparition de l&rsquo;artiste a provoqu\u00e9 une onde de<br \/>\nchoc en France. Restent aujourd&rsquo;hui une flop\u00e9e de chansons<br \/>\ninoubliables.<\/p>\n<p class=\"p1\">Ces titres intemporels r\u00e9sonneront dans l&rsquo;enceinte du<br \/>\nD\u00f4me de Paris, le vendredi 21 novembre 2026. La salle de spectacle<br \/>\naccueillera <strong>une soir\u00e9e exceptionnelle sobrement intitul\u00e9e<br \/>\nDaniel Balavoine \u2013 40 ans d\u00e9j\u00e0<\/strong>. Plusieurs<br \/>\ninterpr\u00e8tes se relaient sur sc\u00e8ne pour rendre un hommage musical \u00e0<br \/>\nl&rsquo;interpr\u00e8te de Tous les cris les SOS.<\/p>\n<p>Daniel Balavoine : son fr\u00e8re \u00e9prouv\u00e9 physiquement<br \/>\npar sa mort<\/p>\n<p class=\"p1\">Comme beaucoup de Fran\u00e7ais, <strong>la famille de<br \/>\nDaniel Balavoine a \u00e9t\u00e9 boulevers\u00e9e<\/strong> par la trag\u00e9die<br \/>\nsurvenue dans le Sahara. L&rsquo;accident d&rsquo;h\u00e9licopt\u00e8re qui a co\u00fbt\u00e9 la<br \/>\nvie au chanteur a particuli\u00e8rement <strong>traumatis\u00e9 l&rsquo;un de ses<br \/>\nfr\u00e8res,<\/strong> <a href=\"https:\/\/www.closermag.fr\/people\/mort-de-daniel-balavoine-pendant-10-ans-son-frere-a-ete-incapable-de-pratiquer-cette-activite-3582943\" target=\"_blank\" rel=\"noopener\"><br \/>\nGuy Balavoine<\/a>. Ce dernier \u00e9tait d&rsquo;ailleurs l&rsquo;invit\u00e9 de Mohamed<br \/>\nBouhafsi <strong>dans C \u00e0 vous sur France 5<\/strong>, ce vendredi<br \/>\n21 novembre 2025.<\/p>\n<p class=\"p1\">\u00ab\u00a0Vous dites que \u00e7a a \u00e9t\u00e9 le choc de votre vie.<br \/>\nVous avez perdu 15 kilos en un an\u2026\u00a0\u00bb, a indiqu\u00e9 l&rsquo;animateur. Le<br \/>\nfr\u00e8re a\u00een\u00e9 de Daniel Balavoine a aussit\u00f4t rectifi\u00e9 : \u00ab\u00a0En un<br \/>\nmois. C\u2019est une erreur \u00e7a, Mohamed\u00a0\u00bb. Et d&rsquo;insister :<br \/>\n<strong>\u00ab\u00a0En un mois, j\u2019ai perdu 15 kilos. Je ne pouvais plus<br \/>\nmanger. \u00c7a a \u00e9t\u00e9 un choc\u00a0\u00bb<\/strong>. Trois hommes c\u00e9l\u00e8bres,<br \/>\naujourd&rsquo;hui d\u00e9c\u00e9d\u00e9s, l&rsquo;ont aid\u00e9 \u00e0 traverser cette p\u00e9riode<br \/>\ndouloureuse.<\/p>\n<p>Daniel Balavoine : ces musiciens qui<br \/>\nont soutenu son fr\u00e8re<\/p>\n<p class=\"p1\">\u00c9plor\u00e9 par le d\u00e9c\u00e8s de son petit fr\u00e8re, Guy Balavoine<br \/>\na r\u00e9ussi \u00e0 \u00ab\u00a0se relever\u00a0\u00bb \u00e0 l&rsquo;aide de la musique classique.<br \/>\n\u00ab\u00a0<strong>C\u2019est gr\u00e2ce \u00e0 Mozart, Beethoven et Bach<\/strong> [\u2026]<br \/>\net j\u2019ai \u00e9cout\u00e9 des chants religieux\u00a0\u00bb, a-t-il confi\u00e9 \u00e0 Mohamed<br \/>\nBouhafsi hier soir. \u00c7a n&rsquo;est d&rsquo;ailleurs pas la premi\u00e8re fois que<br \/>\ncelui-ci se confie sur <strong>la mort de<\/strong> <a href=\"https:\/\/www.closermag.fr\/people\/daniel-balavoine-ce-privilege-fou-accorde-par-ses-ayants-droits-pour-une-journee-speciale-3556053\" target=\"_blank\" rel=\"noopener\"><br \/>\nl&rsquo;interpr\u00e8te de L&rsquo;Aziza<\/a>.<\/p>\n<p class=\"p1\">Le 29 septembre dernier, il se livrait dans une<br \/>\ninterview publi\u00e9e par le journal Le Parisien. \u00ab\u00a0Apr\u00e8s<br \/>\nl\u2019accident, <strong>j\u2019ai mis onze ans avant de pouvoir \u00e9crire<br \/>\nquelque chose.<\/strong> Je ne voulais plus rien faire. C\u2019est le<br \/>\nchoc de ma vie, la mort de Daniel, expliquait Guy Balavoine.<br \/>\nEn moins d\u2019un an, j\u2019avais maigri de quinze kilos. Je niais<br \/>\ncette histoire, <strong>je refusais de l\u2019accepter<\/strong>, ce sont<br \/>\ndes blessures qui ne disparaissent jamais. Le temps att\u00e9nue, mais<br \/>\nc\u2019est toujours l\u00e0.\u00a0\u00bb<\/p>\n","protected":false},"excerpt":{"rendered":"Un triste marqueur des ann\u00e9es 80. Le 14 janvier 1986, un drame frappait de plein fouet la course&hellip;\n","protected":false},"author":2,"featured_media":551146,"comment_status":"","ping_status":"","sticky":false,"template":"","format":"standard","meta":{"footnotes":""},"categories":[1355],"tags":[45098,58,59,1011,27,1361,873],"class_list":{"0":"post-551145","1":"post","2":"type-post","3":"status-publish","4":"format-standard","5":"has-post-thumbnail","7":"category-musique","8":"tag-daniel-balavoine","9":"tag-divertissement","10":"tag-entertainment","11":"tag-fr","12":"tag-france","13":"tag-music","14":"tag-musique"},"share_on_mastodon":{"url":"https:\/\/pubeurope.com\/@fr\/115592996176177998","error":""},"_links":{"self":[{"href":"https:\/\/www.europesays.com\/fr\/wp-json\/wp\/v2\/posts\/551145","targetHints":{"allow":["GET"]}}],"collection":[{"href":"https:\/\/www.europesays.com\/fr\/wp-json\/wp\/v2\/posts"}],"about":[{"href":"https:\/\/www.europesays.com\/fr\/wp-json\/wp\/v2\/types\/post"}],"author":[{"embeddable":true,"href":"https:\/\/www.europesays.com\/fr\/wp-json\/wp\/v2\/users\/2"}],"replies":[{"embeddable":true,"href":"https:\/\/www.europesays.com\/fr\/wp-json\/wp\/v2\/comments?post=551145"}],"version-history":[{"count":0,"href":"https:\/\/www.europesays.com\/fr\/wp-json\/wp\/v2\/posts\/551145\/revisions"}],"wp:featuredmedia":[{"embeddable":true,"href":"https:\/\/www.europesays.com\/fr\/wp-json\/wp\/v2\/media\/551146"}],"wp:attachment":[{"href":"https:\/\/www.europesays.com\/fr\/wp-json\/wp\/v2\/media?parent=551145"}],"wp:term":[{"taxonomy":"category","embeddable":true,"href":"https:\/\/www.europesays.com\/fr\/wp-json\/wp\/v2\/categories?post=551145"},{"taxonomy":"post_tag","embeddable":true,"href":"https:\/\/www.europesays.com\/fr\/wp-json\/wp\/v2\/tags?post=551145"}],"curies":[{"name":"wp","href":"https:\/\/api.w.org\/{rel}","templated":true}]}}