{"id":551151,"date":"2025-11-22T11:00:12","date_gmt":"2025-11-22T11:00:12","guid":{"rendered":"https:\/\/www.europesays.com\/fr\/551151\/"},"modified":"2025-11-22T11:00:12","modified_gmt":"2025-11-22T11:00:12","slug":"le-but-de-lannee-pour-marseille-en-premiere-ligue-premiere-ligue-j8-marseille-lens-2-0","status":"publish","type":"post","link":"https:\/\/www.europesays.com\/fr\/551151\/","title":{"rendered":"Le but de l\u2019ann\u00e9e pour Marseille en Premi\u00e8re Ligue ? &#8211; Premi\u00e8re Ligue &#8211; J8 &#8211; Marseille-Lens (2-0)"},"content":{"rendered":"<p>Soir\u00e9e plaisir sur la Canebi\u00e8re.<\/p>\n<p>Pendant que les hommes de Roberto De Zerbi <a target=\"_blank\" href=\"https:\/\/www.sofoot.com\/articles\/ligue-1-lolympique-de-marseille-eparpille-nice-avec-des-buts-de-pierre-emerick-aubameyang-et-timothy-weah\" rel=\"noopener nofollow\">d\u00e9molissaient Nice<\/a>, l\u2019\u00e9quipe f\u00e9minine de l\u2019Olympique de Marseille <strong>s\u2019est offert le duel des promus face \u00e0 Lens, vendredi soir en Premi\u00e8re Ligue (2-0)<\/strong>. Un succ\u00e8s dessin\u00e9 gr\u00e2ce \u00e0 un doubl\u00e9 de Margaux Le Mou\u00ebl. \u00c0 la conclusion d\u2019une belle action collective d\u2019abord, puis surtout <strong>d\u2019une frappe de plus de 30 m\u00e8tres pour lober Blandine Joly, la gardienne nordiste<\/strong>.<\/p>\n<blockquote class=\"twitter-tweet\">\n<p lang=\"fr\" dir=\"ltr\">\ud83e\udd2f UN DES BUTS DE LA SAISON SIGN\u00c9 LE MOU\u00cbL !!!!<br \/>\n\ud83d\udd25 La Marseillaise envoie une frappe de 35 m\u00e8tres pour faire le break face \u00e0 Lens et inscrire un doubl\u00e9 sensationnel sur C+FOOT \ud83d\udda5\ufe0f <a target=\"_blank\" href=\"https:\/\/t.co\/jxfYZDuWbu\" rel=\"nofollow\">pic.twitter.com\/jxfYZDuWbu<\/a><\/p>\n<p>\u2014 CANAL+ Foot (@CanalplusFoot) <a target=\"_blank\" href=\"https:\/\/twitter.com\/CanalplusFoot\/status\/1991984839977816525?ref_src=twsrc%5Etfw\" rel=\"nofollow noopener\">November 21, 2025<\/a><\/p><\/blockquote>\n<p>Ce bijou permet aux Olympiennes de <strong>prendre quelque distance avec la zone de rel\u00e9gation<\/strong> en se repla\u00e7ant \u00e0 la huiti\u00e8me place, quand Lens continue de vivre un calvaire avec un seul point pris en huit journ\u00e9es et une position de lanterne rouge.<\/p>\n<p>Et s\u2019il \u00e9tait l\u00e0, le nouveau \u00ab\u202fChampions Project\u202f\u00bb ?<\/p>\n<p>\t\t\t\t\t\t\t\t\t\t<a class=\"lien-connexe\" href=\"https:\/\/www.sofoot.com\/breves\/corinne-diacre-vise-la-ligue-des-champions-avec-les-marseillaises\" rel=\"nofollow noopener\" target=\"_blank\">Corinne Diacre vise la Ligue des champions avec les Marseillaises<\/a>\t\t\t\t\t<script async src=\"https:\/\/platform.twitter.com\/widgets.js\" charset=\"utf-8\"><\/script><\/p>\n","protected":false},"excerpt":{"rendered":"Soir\u00e9e plaisir sur la Canebi\u00e8re. Pendant que les hommes de Roberto De Zerbi d\u00e9molissaient Nice, l\u2019\u00e9quipe f\u00e9minine de&hellip;\n","protected":false},"author":2,"featured_media":551152,"comment_status":"","ping_status":"","sticky":false,"template":"","format":"standard","meta":{"footnotes":""},"categories":[9],"tags":[47,61,69,65,64,63,1011,27,68,66,62,70,67,60],"class_list":{"0":"post-551151","1":"post","2":"type-post","3":"status-publish","4":"format-standard","5":"has-post-thumbnail","7":"category-sports","8":"tag-actualite","9":"tag-actus-football","10":"tag-bundesliga","11":"tag-championnats-europeens","12":"tag-equipe-de-france","13":"tag-football","14":"tag-fr","15":"tag-france","16":"tag-ligua","17":"tag-ligue-1","18":"tag-news-foot","19":"tag-premier-league","20":"tag-serie-a","21":"tag-sports"},"share_on_mastodon":{"url":"https:\/\/pubeurope.com\/@fr\/115593007906717559","error":""},"_links":{"self":[{"href":"https:\/\/www.europesays.com\/fr\/wp-json\/wp\/v2\/posts\/551151","targetHints":{"allow":["GET"]}}],"collection":[{"href":"https:\/\/www.europesays.com\/fr\/wp-json\/wp\/v2\/posts"}],"about":[{"href":"https:\/\/www.europesays.com\/fr\/wp-json\/wp\/v2\/types\/post"}],"author":[{"embeddable":true,"href":"https:\/\/www.europesays.com\/fr\/wp-json\/wp\/v2\/users\/2"}],"replies":[{"embeddable":true,"href":"https:\/\/www.europesays.com\/fr\/wp-json\/wp\/v2\/comments?post=551151"}],"version-history":[{"count":0,"href":"https:\/\/www.europesays.com\/fr\/wp-json\/wp\/v2\/posts\/551151\/revisions"}],"wp:featuredmedia":[{"embeddable":true,"href":"https:\/\/www.europesays.com\/fr\/wp-json\/wp\/v2\/media\/551152"}],"wp:attachment":[{"href":"https:\/\/www.europesays.com\/fr\/wp-json\/wp\/v2\/media?parent=551151"}],"wp:term":[{"taxonomy":"category","embeddable":true,"href":"https:\/\/www.europesays.com\/fr\/wp-json\/wp\/v2\/categories?post=551151"},{"taxonomy":"post_tag","embeddable":true,"href":"https:\/\/www.europesays.com\/fr\/wp-json\/wp\/v2\/tags?post=551151"}],"curies":[{"name":"wp","href":"https:\/\/api.w.org\/{rel}","templated":true}]}}