{"id":551157,"date":"2025-11-22T11:03:11","date_gmt":"2025-11-22T11:03:11","guid":{"rendered":"https:\/\/www.europesays.com\/fr\/551157\/"},"modified":"2025-11-22T11:03:11","modified_gmt":"2025-11-22T11:03:11","slug":"une-gigantesque-arnaque-aux-pieces-dor-devoilee-lescroc-disparait-avec-les-economies-de-ses-clients","status":"publish","type":"post","link":"https:\/\/www.europesays.com\/fr\/551157\/","title":{"rendered":"une gigantesque arnaque aux pi\u00e8ces d&rsquo;or d\u00e9voil\u00e9e, l&rsquo;escroc dispara\u00eet avec les \u00e9conomies de ses clients"},"content":{"rendered":"<p class=\"article__intro\">Une vingtaine de personnes auraient \u00e9t\u00e9 arnaqu\u00e9es en confiant leurs \u00e9conomies \u00e0 la Soci\u00e9t\u00e9 numismatique et d&rsquo;investissement situ\u00e9e \u00e0 Perpignan. Une escroquerie qui a fait des victimes au-del\u00e0 des Pyr\u00e9n\u00e9es-Orientales.<\/p>\n<p>\n      La Quotidienne Soci\u00e9t\u00e9\n    <\/p>\n<p>\n      De la vie quotidienne aux grands enjeux, recevez tous les jours les sujets qui font la soci\u00e9t\u00e9 locale, comme la justice, l\u2019\u00e9ducation, la sant\u00e9 et la famille.\n    <\/p>\n<p>    France T\u00e9l\u00e9visions utilise votre adresse e-mail afin de vous envoyer la newsletter \u00ab\u00a0La Quotidienne Soci\u00e9t\u00e9\u00a0\u00bb. Vous pouvez vous d\u00e9sinscrire \u00e0 tout moment via le lien en bas de cette newsletter. <a target=\"_blank\" href=\"https:\/\/www.francetelevisions.fr\/groupe\/confidentialite\/politique-de-confidentialite\/politique-de-confidentialite-de-france-televisions-6503\" rel=\"nofollow noopener\">Notre politique de confidentialit\u00e9<\/a><\/p>\n<p>Ils pensaient faire une bonne affaire mais force est de reconna\u00eetre qu&rsquo;ils se sont fait avoir. Un \u00ab\u00a0beau-parleur\u00a0\u00bb perpignanais fait miroiter des gains attractifs \u00e0 ses victimes. Mais depuis le mois d&rsquo;ao\u00fbt 2025, l&rsquo;homme s&rsquo;est volatilis\u00e9.<\/p>\n<\/p>\n<p>Le rideau de fer est tomb\u00e9, les portes sont closes. Le commerce de numismatique et d&rsquo;investissement \u00e0 Perpignan a d\u00e9finitivement pli\u00e9 boutique, en toute discr\u00e9tion en octobre 2025.<\/p>\n<p>Le commerce, ouvert en 2018, \u00e9tait install\u00e9 Place de Catalogne, \u00e0 quelques m\u00e8tres du majestueux b\u00e2timent Les Dames de France. Son g\u00e9rant est aujourd&rsquo;hui soup\u00e7onn\u00e9 d&rsquo;\u00eatre \u00e0 l&rsquo;origine d&rsquo;une gigantesque escroquerie \u00e0 la pi\u00e8ce d&rsquo;or.<\/p>\n<blockquote class=\"ftvi_content_quote\">\n<p class=\"ftvi_citation_quote\">Les personnes achetaient une pi\u00e8ce, concluaient un contrat pour une dur\u00e9e d&rsquo;un an. La pi\u00e8ce valait par exemple 30\u00a0000\u20ac.  Il leur \u00e9tait promis un rendement de 20% remis soit en fin de contrat, soit 1\u00a0500\u20ac vers\u00e9s trimestriellement.<\/p>\n<p>Ma\u00eetre Val\u00e9rie Cons, avocate \u00e0 Perpignan<\/p><\/blockquote>\n<p>Des habitants des Pyr\u00e9n\u00e9es-Orientales mais aussi des victimes qui viennent de l&rsquo;\u00e9tranger et qui ont l&rsquo;habitude de passer leurs vacances dans le d\u00e9partement. C&rsquo;est comme \u00e7a qu&rsquo;ils ont fait la connaissance de ce marchand d&rsquo;or perpignanais.<\/p>\n<p>\u00ab\u00a0Il leur a \u00e9t\u00e9 pr\u00e9sent\u00e9 par des personnes qui avaient d\u00e9j\u00e0 r\u00e9alis\u00e9 des investissements\u00a0\u00bb, nous explique Ma\u00eetre Val\u00e9rie Cons, avocate de sept victimes.<\/p>\n<p>Visiblement, l&rsquo;homme inspirait confiance, connu sur la place de Perpignan et du d\u00e9partement, ses victimes ne se sont dout\u00e9es de rien. Favoris\u00e9 par une conjoncture \u00e9conomique difficile, le g\u00e9rant a su trouver les mots pour convaincre.<\/p>\n<p>\u00ab\u00a0C&rsquo;\u00e9tait hyper int\u00e9ressant\u00a0\u00bb, poursuit Ma\u00eetre Cons. \u00ab\u00a0Compte tenu du climat \u00e9conomique actuel tr\u00e8s anxiog\u00e8ne et la flamb\u00e9e de l&rsquo;or, les gens se sont dit : c&rsquo;est ce qu&rsquo;il nous faut. \u00ab\u00a0<\/p>\n<blockquote class=\"ftvi_content_quote\">\n<p class=\"ftvi_citation_quote\">J&rsquo;ai des clients, pas tr\u00e8s argent\u00e9s, qui ont vendu leur maison et qui voulaient acheter des lingots d&rsquo;or mais lorsqu&rsquo;ils ont fait la rencontre de ce monsieur, il les a mis en confiance, les a manipul\u00e9s. Tout est parti en fum\u00e9e.<\/p>\n<\/blockquote>\n<p>Bien loin d&rsquo;\u00eatre une valeur refuge, l&rsquo;affaire des pi\u00e8ces d&rsquo;or s&rsquo;est av\u00e9r\u00e9e une belle arnaque pour au moins une vingtaine de personnes\u00a0&#8211; c&rsquo;est le nombre de plaintes connues \u00e0 ce jour\u00a0&#8211; qui n&rsquo;ont plus re\u00e7u de rendement \u00e0 partir du mois d&rsquo;ao\u00fbt 2025.<\/p>\n<p>L&rsquo;homme pr\u00e9texte d&rsquo;abord des travaux sur le coffre-fort puis, pour rassurer ses clients, leur propose de venir r\u00e9cup\u00e9rer les pi\u00e8ces. Certains d&rsquo;entre eux s&rsquo;ex\u00e9cutent mais l\u00e0 encore, mauvaise surprise.<\/p>\n<blockquote class=\"ftvi_content_quote\">\n<p class=\"ftvi_citation_quote\">Lorsqu&rsquo;ils ont fait expertiser les pi\u00e8ces, pour \u00e9valuer le pr\u00e9judice subit, le commissaire priseur leur a dit que la pi\u00e8ce achet\u00e9e 50\u00a0000\u20ac par exemple n&rsquo;en valait en fait que 12\u00a0000\u20ac. Et quand c&rsquo;\u00e9tait de l&rsquo;or, parce que pour certaines pi\u00e8ces il ne s&rsquo;agit que de vulgaire m\u00e9tal. <\/p>\n<\/blockquote>\n<p>La technique est bien rod\u00e9e. Au d\u00e9but, les clients re\u00e7oivent le rendement financier pr\u00e9vu. On appelle \u00e7a la pyramide de Ponzi. Une fraude \u00e0 \u00ab\u00a0mouvement perp\u00e9tuel\u00a0\u00bb, fond\u00e9e sur un flux continu de victimes. Tant qu&rsquo;un certain nombre d&rsquo;entre elles ne r\u00e9clament pas en m\u00eame temps tout leur argent, l&rsquo;escroc pr\u00e9voyant disposant de liquidit\u00e9s suffisantes n&rsquo;est pas d\u00e9masqu\u00e9.<\/p>\n<p>L&rsquo;affaire est grave et les pr\u00e9judices subits sont importants. Rien que pour les sept clients repr\u00e9sent\u00e9s par Ma\u00eetre Val\u00e9rie Cons, le montant est estim\u00e9 \u00e0 pr\u00e8s d&rsquo;un million d&rsquo;euros. Certains ont investi jusqu&rsquo;\u00e0 350\u00a0000\u20ac, les \u00e9conomies de toute une vie.<\/p>\n<p>Et au-del\u00e0 du pr\u00e9judice financier, Ma\u00eetre Cons insiste sur le pr\u00e9judice moral v\u00e9cu par ses clients. \u00ab\u00a0Il s&rsquo;agit de retrait\u00e9s ou de personnes proches de la retraite, ce ne sont pas des investisseurs chevronn\u00e9s. On parle de gens intelligents qui ont \u00e9t\u00e9 manipul\u00e9s. Ils sont choqu\u00e9s, effondr\u00e9s.\u00a0\u00bb<\/p>\n<p>\u00c0 la suite des plaintes d\u00e9pos\u00e9es depuis septembre 2025, une enqu\u00eate a \u00e9t\u00e9 ouverte par le parquet et les enqu\u00eateurs du commissariat de Perpignan sont \u00e0 pied d&rsquo;\u0153uvre pour tenter de localiser le g\u00e9rant incrimin\u00e9.<\/p>\n<p>\u00ab\u00a0Les victimes esp\u00e8rent pouvoir retrouver au moins leur mise de d\u00e9part\u00a0\u00bb, selon l&rsquo;avocate perpignanaise. Mais outre la localisation du suspect, une question reste sans r\u00e9ponse : o\u00f9 est pass\u00e9 l&rsquo;argent\u00a0?<\/p>\n","protected":false},"excerpt":{"rendered":"Une vingtaine de personnes auraient \u00e9t\u00e9 arnaqu\u00e9es en confiant leurs \u00e9conomies \u00e0 la Soci\u00e9t\u00e9 numismatique et d&rsquo;investissement situ\u00e9e&hellip;\n","protected":false},"author":2,"featured_media":551158,"comment_status":"","ping_status":"","sticky":false,"template":"","format":"standard","meta":{"footnotes":""},"categories":[6],"tags":[35,33,34,1011,27],"class_list":{"0":"post-551157","1":"post","2":"type-post","3":"status-publish","4":"format-standard","5":"has-post-thumbnail","7":"category-economie","8":"tag-business","9":"tag-economie","10":"tag-economy","11":"tag-fr","12":"tag-france"},"share_on_mastodon":{"url":"","error":""},"_links":{"self":[{"href":"https:\/\/www.europesays.com\/fr\/wp-json\/wp\/v2\/posts\/551157","targetHints":{"allow":["GET"]}}],"collection":[{"href":"https:\/\/www.europesays.com\/fr\/wp-json\/wp\/v2\/posts"}],"about":[{"href":"https:\/\/www.europesays.com\/fr\/wp-json\/wp\/v2\/types\/post"}],"author":[{"embeddable":true,"href":"https:\/\/www.europesays.com\/fr\/wp-json\/wp\/v2\/users\/2"}],"replies":[{"embeddable":true,"href":"https:\/\/www.europesays.com\/fr\/wp-json\/wp\/v2\/comments?post=551157"}],"version-history":[{"count":0,"href":"https:\/\/www.europesays.com\/fr\/wp-json\/wp\/v2\/posts\/551157\/revisions"}],"wp:featuredmedia":[{"embeddable":true,"href":"https:\/\/www.europesays.com\/fr\/wp-json\/wp\/v2\/media\/551158"}],"wp:attachment":[{"href":"https:\/\/www.europesays.com\/fr\/wp-json\/wp\/v2\/media?parent=551157"}],"wp:term":[{"taxonomy":"category","embeddable":true,"href":"https:\/\/www.europesays.com\/fr\/wp-json\/wp\/v2\/categories?post=551157"},{"taxonomy":"post_tag","embeddable":true,"href":"https:\/\/www.europesays.com\/fr\/wp-json\/wp\/v2\/tags?post=551157"}],"curies":[{"name":"wp","href":"https:\/\/api.w.org\/{rel}","templated":true}]}}