{"id":551161,"date":"2025-11-22T11:05:14","date_gmt":"2025-11-22T11:05:14","guid":{"rendered":"https:\/\/www.europesays.com\/fr\/551161\/"},"modified":"2025-11-22T11:05:14","modified_gmt":"2025-11-22T11:05:14","slug":"harold-huwart-seul-depute-a-avoir-vote-pour-la-partie-recettes","status":"publish","type":"post","link":"https:\/\/www.europesays.com\/fr\/551161\/","title":{"rendered":"Harold Huwart, seul d\u00e9put\u00e9 \u00e0 avoir vot\u00e9 pour la partie recettes"},"content":{"rendered":"<p>        <img decoding=\"async\" loading=\"lazy\" src=\"https:\/\/www.europesays.com\/fr\/wp-content\/uploads\/2025\/11\/d165d88_upload-1-d5ydaxa7y68l-afp-20251008-pinto-presscon251007-np6ud-v1-highres-pressconferenceofli.jpeg\"  width=\"728\" height=\"410\" alt=\"Harold Huwart, ici en octobre 2025, est le seul d\u00e9put\u00e9 \u00e0 avoir vot\u00e9 pour la partie recettes du budget. \"\/>  <\/p>\n<p>TELMO PINTO \/ NurPhoto via AFP<\/p>\n<p>Harold Huwart, ici en octobre 2025, est le seul d\u00e9put\u00e9 \u00e0 avoir vot\u00e9 pour la partie recettes du budget. <\/p>\n<p>      <strong>EN BREF<\/strong> <strong>\u2022 <\/strong>Durant la nuit, les d\u00e9put\u00e9s ont rejet\u00e9 tr\u00e8s massivement la partie recettes du Budget 2026.<br \/><strong>\u2022 <\/strong>Harold Huwart, d\u00e9put\u00e9 d\u2019Eure-et-Loir, est le seul \u00e0 avoir vot\u00e9 pour.<br \/><strong>\u2022 <\/strong>Membre du parti radical, il est porte-parole du groupe Liot et esp\u00e8re une candidature sociale-d\u00e9mocrate en 2027.                         <\/p>\n<p class=\"asset asset-text\">Seul au milieu de l\u2019h\u00e9micycle. Quand, aux environs de 1h45\u00a0dans la nuit de vendredi \u00e0 samedi 22\u00a0novembre l\u2019Assembl\u00e9e nationale devait <a href=\"https:\/\/www.huffingtonpost.fr\/politique\/article\/l-assemblee-nationale-donne-un-coup-d-arret-au-budget-2026-voici-ce-qui-va-se-passer_257390.html\" target=\"_blank\" rel=\"noopener\">voter la premi\u00e8re partie du budget 2026<\/a>, un seul petit point bleu est apparu sur l\u2019\u00e9cran. Il faut bien chercher en haut \u00e0 gauche pour trouver l\u2019unique d\u00e9put\u00e9 qui a apport\u00e9 sa voix pour l\u2019adoption du texte quand 84\u00a0se sont abstenus et 404\u00a0ont vot\u00e9 contre.<\/p>\n<p class=\"asset asset-text\">Harold Huwart ne s\u2019est pas tromp\u00e9. C\u2019est bien volontairement que le d\u00e9put\u00e9 de la 3e circonscription d\u2019Eure-et-Loir s\u2019est singularis\u00e9 de ses pairs \u00e0 l\u2019issue de 125\u00a0heures de d\u00e9bats qui n\u2019auront donc servi \u00e0 rien. Car le texte part directement au S\u00e9nat sans aucun des amendements vot\u00e9s et sans que les d\u00e9put\u00e9s ne discutent du volet d\u00e9penses du budget.<\/p>\n<p>         <img decoding=\"async\" loading=\"lazy\" src=\"https:\/\/www.europesays.com\/fr\/wp-content\/uploads\/2025\/11\/e05622b_upload-1-btyke87ikoht-vte-huwart.png\"  width=\"728\" height=\"409\" alt=\"Un seul d\u00e9put\u00e9, Harold Huwart (Liot) a vot\u00e9 pour la partie recettes du Budget.\"\/>   <\/p>\n<p>Un seul d\u00e9put\u00e9, Harold Huwart (Liot) a vot\u00e9 pour la partie recettes du Budget.<\/p>\n<p class=\"asset asset-text\">\u00ab\u00a0Je veux un budget pour la France. Je ne comprends pas par quelle logique vous arrivez \u00e0 trouver une majorit\u00e9 sur chaque article et une unanimit\u00e9 contre le texte. C\u2019est inou\u00ef, in\u00e9dit. Heureusement que le ridicule ne tue pas, on aurait 577 morts \u00e0 d\u00e9plorer\u00a0\u00bb, avait d\u00e9clar\u00e9 avant le vote celui qui si\u00e8ge au sein du groupe Liot (celui des ind\u00e9pendants) depuis son \u00e9lection. C\u2019\u00e9tait \u00e0 l\u2019\u00e9t\u00e9 2024\u00a0apr\u00e8s la dissolution voulue par Emmanuel Macron. Soutenu au second tour par le Nouveau Front Populaire et la coalition macroniste, il avait battu le candidat RN Christophe Bay.<\/p>\n<p>                     Pour une candidature Glucksmann ou Cazeneuve en 2027    <\/p>\n<p class=\"asset asset-text\">\u00c9lu de gauche depuis une dizaine d\u2019ann\u00e9es, il est membre du parti radical, celui qu\u2019avait aussi fr\u00e9quent\u00e9 son p\u00e8re Fran\u00e7ois, secr\u00e9taire d\u2019\u00c9tat au Commerce ext\u00e9rieur dans le gouvernement de Lionel Jospin. Conseiller minist\u00e9riel pendant le quinquennat Hollande, celui qui est aussi vice-pr\u00e9sident de la r\u00e9gion Centre-Val-de-Loire avait pris la suite de son p\u00e8re \u00e0 la mairie de Nogent-le-Rotrou en 2020\u00a0avant de quitter ses fonctions, non-cumul des mandats oblige.<\/p>\n<p class=\"asset asset-text\">Pour la pr\u00e9sidentielle de 2027, il esp\u00e8re l\u2019\u00e9mergence d\u2019une candidature sociale-d\u00e9mocrate et sa pr\u00e9sence le 16\u00a0novembre au rassemblement de Bernard Cazeneuve et <a href=\"https:\/\/www.huffingtonpost.fr\/politique\/article\/le-debat-zemmour-glucksmann-a-tellement-vire-au-clash-que-david-pujadas-a-du-se-lever_257302.html\" target=\"_blank\" rel=\"noopener\">Rapha\u00ebl Glucksmann<\/a> en est l\u2019illustration. C\u2019est \u00ab\u00a0l\u2019amorce d\u2019un rassemblement que l\u2019on cherche depuis quelque temps et qui me para\u00eet indispensable\u00a0\u00bb face \u00e0 une probable \u00ab\u00a0union des droites\u00a0\u00bb, s\u2019\u00e9tait-il r\u00e9joui alors.<\/p>\n","protected":false},"excerpt":{"rendered":"TELMO PINTO \/ NurPhoto via AFP Harold Huwart, ici en octobre 2025, est le seul d\u00e9put\u00e9 \u00e0 avoir&hellip;\n","protected":false},"author":2,"featured_media":551162,"comment_status":"","ping_status":"","sticky":false,"template":"","format":"standard","meta":{"footnotes":""},"categories":[4],"tags":[11,416,1003,1011,27,66839,12,316,25],"class_list":{"0":"post-551161","1":"post","2":"type-post","3":"status-publish","4":"format-standard","5":"has-post-thumbnail","7":"category-france","8":"tag-actualites","9":"tag-assemblee-nationale","10":"tag-budget","11":"tag-fr","12":"tag-france","13":"tag-liot","14":"tag-news","15":"tag-politique","16":"tag-republique-francaise"},"share_on_mastodon":{"url":"https:\/\/pubeurope.com\/@fr\/115593028325666463","error":""},"_links":{"self":[{"href":"https:\/\/www.europesays.com\/fr\/wp-json\/wp\/v2\/posts\/551161","targetHints":{"allow":["GET"]}}],"collection":[{"href":"https:\/\/www.europesays.com\/fr\/wp-json\/wp\/v2\/posts"}],"about":[{"href":"https:\/\/www.europesays.com\/fr\/wp-json\/wp\/v2\/types\/post"}],"author":[{"embeddable":true,"href":"https:\/\/www.europesays.com\/fr\/wp-json\/wp\/v2\/users\/2"}],"replies":[{"embeddable":true,"href":"https:\/\/www.europesays.com\/fr\/wp-json\/wp\/v2\/comments?post=551161"}],"version-history":[{"count":0,"href":"https:\/\/www.europesays.com\/fr\/wp-json\/wp\/v2\/posts\/551161\/revisions"}],"wp:featuredmedia":[{"embeddable":true,"href":"https:\/\/www.europesays.com\/fr\/wp-json\/wp\/v2\/media\/551162"}],"wp:attachment":[{"href":"https:\/\/www.europesays.com\/fr\/wp-json\/wp\/v2\/media?parent=551161"}],"wp:term":[{"taxonomy":"category","embeddable":true,"href":"https:\/\/www.europesays.com\/fr\/wp-json\/wp\/v2\/categories?post=551161"},{"taxonomy":"post_tag","embeddable":true,"href":"https:\/\/www.europesays.com\/fr\/wp-json\/wp\/v2\/tags?post=551161"}],"curies":[{"name":"wp","href":"https:\/\/api.w.org\/{rel}","templated":true}]}}