{"id":551165,"date":"2025-11-22T11:07:18","date_gmt":"2025-11-22T11:07:18","guid":{"rendered":"https:\/\/www.europesays.com\/fr\/551165\/"},"modified":"2025-11-22T11:07:18","modified_gmt":"2025-11-22T11:07:18","slug":"saint-etienne-ils-sont-maries-depuis-70-ans-et-maurice-va-voir-louise-a-la-maison-de-retraite-tous-les-jours","status":"publish","type":"post","link":"https:\/\/www.europesays.com\/fr\/551165\/","title":{"rendered":"Saint-\u00c9tienne. Ils sont mari\u00e9s depuis 70 ans et Maurice va voir Louise \u00e0 la maison de retraite tous les jours"},"content":{"rendered":"<p>Tous les jours, Maurice Tissot, 96 ans, marche les 500 m\u00e8tres qui le s\u00e9parent de la r\u00e9sidence mutualiste Bernadette pour voir son \u00e9pouse, Louise, d\u2019une vingtaine de jours son a\u00een\u00e9e.<\/p>\n<p>\u00ab\u00a0Je n\u2019ai pas pu venir hier, je me suis fait vacciner. Mais depuis trois ans qu\u2019elle est ici, je viens chaque jour.\u00a0\u00bb Histoire de perp\u00e9tuer la longue vie commune de ce couple qui a c\u00e9l\u00e9br\u00e9 ses noces de platine, marquant 70 ans de mariage.<\/p>\n<p>Tout a commenc\u00e9 lors d\u2019un bal. \u00ab\u00a0Quand j\u2019\u00e9tais jeune, avec mon ami, nous allions \u00e0 tous les bals de Saint-\u00c9tienne, \u00e0 pied ou en tram.\u00a0\u00bb Jusqu\u2019\u00e0 celui o\u00f9, en 1948, alors \u00e2g\u00e9s de 19 ans, Louise et Maurice font connaissance, avant de se marier le 25\u00a0juin 1955. Ils ont eu deux enfants, Suzy et \u00c9ric, puis cinq petits-enfants et autant d\u2019arri\u00e8re-petits-enfants, au cours \u00ab d&rsquo;une vie de travailleurs\u00a0\u00bb.<\/p>\n<p>  \u00c0 96 ans, il s&rsquo;occupe encore de son m\u00e9nage et fait ses courses seul<\/p>\n<p>Maurice a fait sa carri\u00e8re aux Bennes Marrel comme essayeur hydraulique, d\u2019abord rue Pierre-Copel, puis \u00e0 Andr\u00e9zieux-Bouth\u00e9on. \u00ab\u00a0Nous \u00e9tions 1\u00a0500 salari\u00e9s \u00e0 l\u2019\u00e9poque, nous faisions du mat\u00e9riel sensationnel. Je travaillais 55 \u00e0 60 heures par semaine\u00a0\u00bb, se souvient-il.<\/p>\n<p>De son c\u00f4t\u00e9, Louise \u00e9tait couturi\u00e8re, puis vendeuse de fromages, puis de confiseries, rue des Fr\u00e8res-Chappe.<\/p>\n<p>Le couple a longtemps v\u00e9cu au Cr\u00eat-de-Roc, passant ses week-ends et ses vacances \u00e0 Montrond-les-Bains, o\u00f9 Maurice avait construit une petite maison. \u00ab\u00a0Une fois \u00e0 la retraite, nous y allions cinq ou six mois.\u00a0\u00bb<\/p>\n<p>C\u2019est aussi la retraite venue que Maurice et Louise ont commenc\u00e9 \u00e0 beaucoup voyager, au sud de l\u2019Europe et au-del\u00e0. \u00ab\u00a0Ma femme a eu de gros soucis de sant\u00e9 et c\u2019est ce qui l\u2019a sauv\u00e9e. Gr\u00e2ce aux voyages, elle a retrouv\u00e9 un bon moral.\u00a0\u00bb<\/p>\n<p>Depuis l\u2019entr\u00e9e de son \u00e9pouse \u00e0 la r\u00e9sidence mutualiste, apr\u00e8s avoir \u00e9t\u00e9 son aidant, Maurice, bon pied bon \u0153il malgr\u00e9 ce choc, refuse d\u2019\u00eatre aid\u00e9 \u00e0 son tour. \u00ab\u00a0Il s\u2019occupe tout seul de son m\u00e9nage, il fait ses courses\u00a0\u00bb, pr\u00e9cise sa fille Suzy.<\/p>\n<p>\u00ab\u00a0M\u00eame s\u2019il y a eu quelques moments difficiles, on a eu une belle vie\u00a0\u00bb<\/p>\n<p>Adepte de foot et de rugby, il regarde la t\u00e9l\u00e9 tous les soirs, suivant \u00e9galement l\u2019actualit\u00e9 politique, employant pour sa classe des mots pas vraiment flatteurs. Il s\u2019adonne aussi \u00e0 la coinche, qu\u2019il a pratiqu\u00e9e toute sa vie, parfois jusqu\u2019\u00e0 3 heures du matin.<\/p>\n<p>\u00ab\u00a0M\u00eame s\u2019il y a eu quelques moments difficiles, on a eu une belle vie\u00a0\u00bb, rembobine-t-il.<\/p>\n","protected":false},"excerpt":{"rendered":"Tous les jours, Maurice Tissot, 96 ans, marche les 500 m\u00e8tres qui le s\u00e9parent de la r\u00e9sidence mutualiste&hellip;\n","protected":false},"author":2,"featured_media":551166,"comment_status":"","ping_status":"","sticky":false,"template":"","format":"standard","meta":{"footnotes":""},"categories":[9653],"tags":[1111,11,7476,2430,7539,1777,674,1011,27,12,25,4001,7538,104],"class_list":{"0":"post-551165","1":"post","2":"type-post","3":"status-publish","4":"format-standard","5":"has-post-thumbnail","7":"category-saint-etienne","8":"tag-actu","9":"tag-actualites","10":"tag-anniversaires","11":"tag-auvergne-rhone-alpes","12":"tag-edition-loire-sud","13":"tag-eu","14":"tag-europe","15":"tag-fr","16":"tag-france","17":"tag-news","18":"tag-republique-francaise","19":"tag-saint-etienne","20":"tag-saint-etienne-ville","21":"tag-societe"},"share_on_mastodon":{"url":"https:\/\/pubeurope.com\/@fr\/115593035425280725","error":""},"_links":{"self":[{"href":"https:\/\/www.europesays.com\/fr\/wp-json\/wp\/v2\/posts\/551165","targetHints":{"allow":["GET"]}}],"collection":[{"href":"https:\/\/www.europesays.com\/fr\/wp-json\/wp\/v2\/posts"}],"about":[{"href":"https:\/\/www.europesays.com\/fr\/wp-json\/wp\/v2\/types\/post"}],"author":[{"embeddable":true,"href":"https:\/\/www.europesays.com\/fr\/wp-json\/wp\/v2\/users\/2"}],"replies":[{"embeddable":true,"href":"https:\/\/www.europesays.com\/fr\/wp-json\/wp\/v2\/comments?post=551165"}],"version-history":[{"count":0,"href":"https:\/\/www.europesays.com\/fr\/wp-json\/wp\/v2\/posts\/551165\/revisions"}],"wp:featuredmedia":[{"embeddable":true,"href":"https:\/\/www.europesays.com\/fr\/wp-json\/wp\/v2\/media\/551166"}],"wp:attachment":[{"href":"https:\/\/www.europesays.com\/fr\/wp-json\/wp\/v2\/media?parent=551165"}],"wp:term":[{"taxonomy":"category","embeddable":true,"href":"https:\/\/www.europesays.com\/fr\/wp-json\/wp\/v2\/categories?post=551165"},{"taxonomy":"post_tag","embeddable":true,"href":"https:\/\/www.europesays.com\/fr\/wp-json\/wp\/v2\/tags?post=551165"}],"curies":[{"name":"wp","href":"https:\/\/api.w.org\/{rel}","templated":true}]}}