{"id":551167,"date":"2025-11-22T11:08:29","date_gmt":"2025-11-22T11:08:29","guid":{"rendered":"https:\/\/www.europesays.com\/fr\/551167\/"},"modified":"2025-11-22T11:08:29","modified_gmt":"2025-11-22T11:08:29","slug":"saint-etienne-desormais-vous-pourrez-visiter-le-musee-des-verts-et-manger-dans-le-chaudron","status":"publish","type":"post","link":"https:\/\/www.europesays.com\/fr\/551167\/","title":{"rendered":"Saint-\u00c9tienne. D\u00e9sormais, vous pourrez visiter le mus\u00e9e des Verts&#8230; et manger dans le Chaudron"},"content":{"rendered":"<p>Si vous voulez rendre les gens heureux, emmenez-les au mus\u00e9e des Verts et visiter Geoffroy-Guichard. Dans l\u2019\u00e9cosyst\u00e8me qui existe autour du Chaudron (avec la boutique et la brasserie), la magie verte se d\u00e9cline \u00e0 l\u2019infini. Le succ\u00e8s ne se d\u00e9ment pas, m\u00eame si les r\u00e9sultats ne sont pas probants sur le terrain avec le retour en Ligue 2.<\/p>\n<p>Un succ\u00e8s qui s\u2019accompagne d\u2019une vraie nouveaut\u00e9 : \u00e0 partir de ce samedi 22 novembre, ceux qui le souhaitent pourront, en plus de la visite du mus\u00e9e et du stade Geoffroy-Guichard, d\u00e9jeuner sur place, dans le salon Michel-Platini (entr\u00e9e, plat, dessert). Le tout pour 50 euros. La&#8230;<\/p>\n","protected":false},"excerpt":{"rendered":"Si vous voulez rendre les gens heureux, emmenez-les au mus\u00e9e des Verts et visiter Geoffroy-Guichard. Dans l\u2019\u00e9cosyst\u00e8me qui&hellip;\n","protected":false},"author":2,"featured_media":551168,"comment_status":"","ping_status":"","sticky":false,"template":"","format":"standard","meta":{"footnotes":""},"categories":[9653],"tags":[1111,11,4000,26756,2430,1687,33,7539,1777,674,63,1011,27,4002,3367,12,2661,25,4001,7538,517,602],"class_list":{"0":"post-551167","1":"post","2":"type-post","3":"status-publish","4":"format-standard","5":"has-post-thumbnail","7":"category-saint-etienne","8":"tag-actu","9":"tag-actualites","10":"tag-asse-as-saint-etienne-football","11":"tag-asse-feminine-as-saint-etienne-football","12":"tag-auvergne-rhone-alpes","13":"tag-culture-loisirs","14":"tag-economie","15":"tag-edition-loire-sud","16":"tag-eu","17":"tag-europe","18":"tag-football","19":"tag-fr","20":"tag-france","21":"tag-haute-loire","22":"tag-loire","23":"tag-news","24":"tag-patrimoine-culturel","25":"tag-republique-francaise","26":"tag-saint-etienne","27":"tag-saint-etienne-ville","28":"tag-sport","29":"tag-tourisme"},"share_on_mastodon":{"url":"https:\/\/pubeurope.com\/@fr\/115593039258483068","error":""},"_links":{"self":[{"href":"https:\/\/www.europesays.com\/fr\/wp-json\/wp\/v2\/posts\/551167","targetHints":{"allow":["GET"]}}],"collection":[{"href":"https:\/\/www.europesays.com\/fr\/wp-json\/wp\/v2\/posts"}],"about":[{"href":"https:\/\/www.europesays.com\/fr\/wp-json\/wp\/v2\/types\/post"}],"author":[{"embeddable":true,"href":"https:\/\/www.europesays.com\/fr\/wp-json\/wp\/v2\/users\/2"}],"replies":[{"embeddable":true,"href":"https:\/\/www.europesays.com\/fr\/wp-json\/wp\/v2\/comments?post=551167"}],"version-history":[{"count":0,"href":"https:\/\/www.europesays.com\/fr\/wp-json\/wp\/v2\/posts\/551167\/revisions"}],"wp:featuredmedia":[{"embeddable":true,"href":"https:\/\/www.europesays.com\/fr\/wp-json\/wp\/v2\/media\/551168"}],"wp:attachment":[{"href":"https:\/\/www.europesays.com\/fr\/wp-json\/wp\/v2\/media?parent=551167"}],"wp:term":[{"taxonomy":"category","embeddable":true,"href":"https:\/\/www.europesays.com\/fr\/wp-json\/wp\/v2\/categories?post=551167"},{"taxonomy":"post_tag","embeddable":true,"href":"https:\/\/www.europesays.com\/fr\/wp-json\/wp\/v2\/tags?post=551167"}],"curies":[{"name":"wp","href":"https:\/\/api.w.org\/{rel}","templated":true}]}}