{"id":551171,"date":"2025-11-22T11:11:11","date_gmt":"2025-11-22T11:11:11","guid":{"rendered":"https:\/\/www.europesays.com\/fr\/551171\/"},"modified":"2025-11-22T11:11:11","modified_gmt":"2025-11-22T11:11:11","slug":"video-revivez-le-lancement-des-fetes-de-saint-nicolas-2025-a-nancy","status":"publish","type":"post","link":"https:\/\/www.europesays.com\/fr\/551171\/","title":{"rendered":"VID\u00c9O. Revivez le lancement des F\u00eates de Saint-Nicolas 2025 \u00e0 Nancy"},"content":{"rendered":"<p>                    Par<br \/>\n        <strong><br \/>\n            <a href=\"https:\/\/actu.fr\/auteur\/amandine-mehl\" title=\"Consulter tous les articles de Amandine Mehl\" target=\"_blank\" rel=\"noopener\">Amandine Mehl<\/a><br \/>\n                    <\/strong><\/p>\n<p>        Publi\u00e9 le<\/p>\n<p>            22 nov. 2025 \u00e0 11h26        <\/p>\n<p>Les F\u00eates de <a href=\"https:\/\/actu.fr\/tag\/saint-nicolas\" target=\"_blank\" rel=\"noopener\">Saint-Nicolas<\/a> ont \u00e9t\u00e9 <a href=\"https:\/\/actu.fr\/grand-est\/nancy_54395\/les-fetes-de-saint-nicolas-seront-inaugurees-vendredi-a-nancy-voici-le-programme_63432773.html\" target=\"_blank\" rel=\"noopener\">inaugur\u00e9es ce vendredi<\/a> 21\u00a0novembre 2025 \u00e0 <strong>Nancy<\/strong>. Touristes et habitants \u00e9taient pr\u00e9sents pour ce rendez-vous plein de magie.<\/p>\n<p>Les F\u00eates de Saint-Nicolas sont lanc\u00e9es \u00e0 Nancy<\/p>\n<p class=\" wall-content\">Apr\u00e8s l\u2019inauguration du <a href=\"https:\/\/actu.fr\/grand-est\/nancy_54395\/fetes-de-saint-nicolas-2025-un-nouveau-parcours-artistique-avec-des-oeuvres-monumentales-attendu-a-nancy_63422128.html\" target=\"_blank\" rel=\"noopener\">nouveau parcours artistique<\/a> et celle du Petit Hameau de Nico &amp; Mouja, un <strong>feu d\u2019artifice<\/strong> a magnifi\u00e9 la place Charles III o\u00f9 est situ\u00e9 le <a href=\"https:\/\/actu.fr\/grand-est\/nancy_54395\/grand-village-de-saint-nicolas-a-nancy-voici-les-nouveautes-de-l-edition-2025_63423731.html\" target=\"_blank\" rel=\"noopener\">Grand village<\/a>.<\/p>\n<blockquote class=\"tiktok-embed\" cite=\"https:\/\/www.tiktok.com\/@lorraine.actu\/video\/7575296635761134870\" data-video-id=\"7575296635761134870\" data-embed-from=\"oembed\" style=\"max-width:605px; min-width:325px;\"><p>\n<a target=\"_blank\" title=\"@lorraine.actu\" href=\"https:\/\/www.tiktok.com\/@lorraine.actu?refer=embed\" rel=\"noopener\">@lorraine.actu<\/a> <\/p>\n<p>Les F\u00eates de Saint-Nicolas ont \u00e9t\u00e9 inaugur\u00e9es ce vendredi 21 novembre 2025 \u00e0 Nancy. Touristes et habitants \u00e9taient pr\u00e9sents pour ce rendez-vous plein de magie. Apr\u00e8s l\u2019inauguration du nouveau parcours artistique et celle du Petit Hameau de Nico &amp; Mouja, un feu d\u2019artifice a magnifi\u00e9 la place Charles III o\u00f9 est situ\u00e9 le Grand village.\u00a0 Place Stanislas, le nouveau son et lumi\u00e8re, propos\u00e9 par AV Extended, a \u00e9t\u00e9 projet\u00e9 pour la premi\u00e8re fois et a rappel\u00e9 de nombreux souvenirs au public gr\u00e2ce \u00e0 son th\u00e8me portant sur les premiers jeux vid\u00e9o. La soir\u00e9e s\u2019est cl\u00f4tur\u00e9e par la traditionnelle illumination du sapin. <a title=\"fyp\" target=\"_blank\" href=\"https:\/\/www.tiktok.com\/tag\/fyp?refer=embed\" rel=\"noopener\">#fyp<\/a> <a title=\"foryou\" target=\"_blank\" href=\"https:\/\/www.tiktok.com\/tag\/foryou?refer=embed\" rel=\"noopener\">#foryou<\/a> <a title=\"saintnicolas\" target=\"_blank\" href=\"https:\/\/www.tiktok.com\/tag\/saintnicolas?refer=embed\" rel=\"noopener\">#saintnicolas<\/a> <\/p>\n<p> <a target=\"_blank\" title=\"\u266c son original - Lorraine Actu\" href=\"https:\/\/www.tiktok.com\/music\/son-original-7575296633521572631?refer=embed\" rel=\"noopener\">\u266c son original \u2013 Lorraine Actu<\/a> <\/p>\n<\/blockquote>\n<p class=\" wall-content\">Place Stanislas, le <a href=\"https:\/\/actu.fr\/grand-est\/nancy_54395\/fetes-de-saint-nicolas-2025-a-nancy-le-theme-du-nouveau-son-et-lumiere-devoile_63411398.html\" target=\"_blank\" rel=\"noopener\">nouveau son et lumi\u00e8re<\/a>, propos\u00e9 par AV Extended, a \u00e9t\u00e9 projet\u00e9 pour la premi\u00e8re fois et a rappel\u00e9 de nombreux souvenirs au public gr\u00e2ce \u00e0 son th\u00e8me portant sur les <strong>premiers jeux vid\u00e9o<\/strong>. La soir\u00e9e s\u2019est cl\u00f4tur\u00e9e par la traditionnelle illumination du <a href=\"https:\/\/actu.fr\/grand-est\/nancy_54395\/video-fetes-de-saint-nicolas-2025-a-nancy-le-grand-sapin-est-arrive-place-stanislas_63403173.html\" target=\"_blank\" rel=\"noopener\">sapin<\/a>.<\/p>\n<p class=\" wall-content\">Personnalisez votre actualit\u00e9 en ajoutant vos villes et m\u00e9dias en favori avec <a href=\"https:\/\/moncompte.actu.fr\" title=\"D\u00e9couvez Mon Actu\" rel=\"nofollow noopener\" data-trk=\"{&quot;cta&quot;:{&quot;action&quot;:&quot;https:\\\/\\\/moncompte.actu.fr&quot;,&quot;category&quot;:&quot;mon compte&quot;,&quot;from&quot;:&quot;article footer&quot;,&quot;name&quot;:&quot;Mon actu&quot;,&quot;type&quot;:&quot;cta&quot;}}\" target=\"_blank\">Mon Actu<\/a>.<\/p>\n<p>                    <script async src=\"\/\/www.tiktok.com\/embed.js\"><\/script><\/p>\n","protected":false},"excerpt":{"rendered":"Par Amandine Mehl Publi\u00e9 le 22 nov. 2025 \u00e0 11h26 Les F\u00eates de Saint-Nicolas ont \u00e9t\u00e9 inaugur\u00e9es ce&hellip;\n","protected":false},"author":2,"featured_media":551172,"comment_status":"","ping_status":"","sticky":false,"template":"","format":"standard","meta":{"footnotes":""},"categories":[9635],"tags":[1111,11,1777,674,1011,27,775,1702,12,25,14334,104],"class_list":{"0":"post-551171","1":"post","2":"type-post","3":"status-publish","4":"format-standard","5":"has-post-thumbnail","7":"category-nancy","8":"tag-actu","9":"tag-actualites","10":"tag-eu","11":"tag-europe","12":"tag-fr","13":"tag-france","14":"tag-grand-est","15":"tag-nancy","16":"tag-news","17":"tag-republique-francaise","18":"tag-saint-nicolas","19":"tag-societe"},"share_on_mastodon":{"url":"https:\/\/pubeurope.com\/@fr\/115593051167445438","error":""},"_links":{"self":[{"href":"https:\/\/www.europesays.com\/fr\/wp-json\/wp\/v2\/posts\/551171","targetHints":{"allow":["GET"]}}],"collection":[{"href":"https:\/\/www.europesays.com\/fr\/wp-json\/wp\/v2\/posts"}],"about":[{"href":"https:\/\/www.europesays.com\/fr\/wp-json\/wp\/v2\/types\/post"}],"author":[{"embeddable":true,"href":"https:\/\/www.europesays.com\/fr\/wp-json\/wp\/v2\/users\/2"}],"replies":[{"embeddable":true,"href":"https:\/\/www.europesays.com\/fr\/wp-json\/wp\/v2\/comments?post=551171"}],"version-history":[{"count":0,"href":"https:\/\/www.europesays.com\/fr\/wp-json\/wp\/v2\/posts\/551171\/revisions"}],"wp:featuredmedia":[{"embeddable":true,"href":"https:\/\/www.europesays.com\/fr\/wp-json\/wp\/v2\/media\/551172"}],"wp:attachment":[{"href":"https:\/\/www.europesays.com\/fr\/wp-json\/wp\/v2\/media?parent=551171"}],"wp:term":[{"taxonomy":"category","embeddable":true,"href":"https:\/\/www.europesays.com\/fr\/wp-json\/wp\/v2\/categories?post=551171"},{"taxonomy":"post_tag","embeddable":true,"href":"https:\/\/www.europesays.com\/fr\/wp-json\/wp\/v2\/tags?post=551171"}],"curies":[{"name":"wp","href":"https:\/\/api.w.org\/{rel}","templated":true}]}}