{"id":551177,"date":"2025-11-22T11:14:21","date_gmt":"2025-11-22T11:14:21","guid":{"rendered":"https:\/\/www.europesays.com\/fr\/551177\/"},"modified":"2025-11-22T11:14:21","modified_gmt":"2025-11-22T11:14:21","slug":"des-femmes-et-des-lions-veillent-desormais-sous-le-pont","status":"publish","type":"post","link":"https:\/\/www.europesays.com\/fr\/551177\/","title":{"rendered":"Des femmes et des lions veillent d\u00e9sormais sous le pont"},"content":{"rendered":"\n<p>C\u2019\u00e9tait un lieu sans charme. \u00ab\u00a0Un peu glauque, pas tr\u00e8s rassurant de nuit\u00a0\u00bb, se souvient Farah Ajili, alias Fahrenheit. Un passage b\u00e9tonn\u00e9 tout gris, fronti\u00e8re imaginaire entre le quartier de Figuerolles et la cit\u00e9 G\u00e9ly, le quartier gitan de Montpellier. En le traversant, l\u2019id\u00e9e est venue \u00e0 Farah de redonner vie \u00e0 cet endroit. De cr\u00e9er du lien en couleurs. \u00ab\u00a0Je voulais remettre de la luminosit\u00e9 sous ce pont et permettre aux femmes de se le r\u00e9approprier, qu\u2019il soit un peu leur espace et qu\u2019elles n\u2019aient plus peur de le traverser le soir\u00a0\u00bb, explique la jeune femme, qui d\u00e9cide d\u2019associer \u00e0 son projet une autre artiste peintre muraliste, Am\u00e9lie B\u00e9ral, sp\u00e9cialis\u00e9e dans la peinture animali\u00e8re.<\/p>\n<p>Soutenues par l\u2019association Ademass, implant\u00e9e \u00e0 Figuerolles et qui les aidera notamment \u00e0 obtenir les autorisations n\u00e9cessaires, les deux artistes se lancent, chacune d\u2019un c\u00f4t\u00e9 de la route, dans une fresque monumentale (6 m\u00e8tres de haut sur 12 de long) \u00e0 dominantes bleu et orange, couleurs de Montpellier.<\/p>\n<p>Trois femmes, trois parcours de vie<\/p>\n<p>Fahrenheit, d\u00e9j\u00e0 \u00e0 l\u2019origine d\u2019une belle fresque d\u2019hommage aux lici\u00e8res* \u00e0 l\u2019entr\u00e9e de Lod\u00e8ve, choisit de r\u00e9aliser, \u00e0 partir de photographies, les portraits en noir et blanc de trois femmes du quartier. \u00c0 gauche, Eda. \u00ab\u00a0C\u2019est ma muse. Je la peins un peu partout depuis que j\u2019ai commenc\u00e9. On peut trouver son portrait \u00e0 Marrakech, en Allemagne, \u00e0 Paris&#8230; C\u2019est une femme qui vit actuellement \u00e0 la Paillade, qui a une tr\u00e8s belle plume et dont le parcours de vie m\u2019a beaucoup touch\u00e9e. Elle a travaill\u00e9 avec l\u2019association Ademass sur la \u00ab\u00a0grande parade m\u00e9t\u00e8que\u00a0\u00bb, ce qui cr\u00e9e un lien avec le quartier. Je me suis donc dit qu\u2019elle avait sa place sous ce pont\u00a0\u00bb, confie Fahrenheit.<\/p>\n<p>Le portrait situ\u00e9 au centre de la fresque repr\u00e9sente Ornella Dussol, \u00e0 la fois com\u00e9dienne et m\u00e9diatrice au th\u00e9\u00e2tre du quartier, La Vista. \u00ab\u00a0C\u2019est une femme qui a un peu boulevers\u00e9 les codes de sa communaut\u00e9. On n\u2019a pas l\u2019habitude de voir une gitane dans ce milieu-l\u00e0. Elle a permis d\u2019introduire au th\u00e9\u00e2tre La Vista beaucoup de connaissances sur la communaut\u00e9 gitane et de briser certains st\u00e9r\u00e9otypes\u00a0\u00bb.<\/p>\n<p>La troisi\u00e8me femme, plus \u00e2g\u00e9e, s\u2019appelle Marie. \u00ab\u00a0Je ne l\u2019ai pas rencontr\u00e9e mais on m\u2019a beaucoup encourag\u00e9e \u00e0 la peindre. C\u2019est une femme qui, pendant plus de 20\u00a0ans, a nourri beaucoup de monde dans le quartier. Elle faisait de la cuisine qu\u2019elle mettait \u00e0 disposition. Elle a habit\u00e9 pendant longtemps \u00e0 deux maisons du pont, avant d\u2019\u00eatre atteinte de la maladie d\u2019Alzheiemer et d\u2019aller vivre dans sa famille \u00e0 la cit\u00e9 G\u00e9ly\u00a0\u00bb.<\/p>\n<p>Trois femmes, trois parcours de vie, trois figures du quartier en miroir desquelles Am\u00e9lie B\u00e9ral a peint trois lions, reflet de \u00ab\u00a0l\u2019\u00e9nergie de ces femmes fortes\u00a0\u00bb. Mais aussi r\u00e9f\u00e9rence aux statues de lions qui ornaient le parc de la Guirlande, auxquelles les habitants \u00e9taient attach\u00e9s et dont les t\u00eates ont \u00e9t\u00e9 d\u00e9truites par le pass\u00e9.<\/p>\n<p>Fruit d\u2019un projet enti\u00e8rement b\u00e9n\u00e9vole, ces deux fresques, r\u00e9alis\u00e9es du 13 au 18\u00a0octobre, sont offertes par les artistes \u00e0 la Ville. Elles seront inaugur\u00e9es en pr\u00e9sence des habitants \u00e0 l\u2019occasion d\u2019une soir\u00e9e festive vendredi 21\u00a0novembre \u00e0 partir de 17h30, rue du Faubourg Figuerolles.<\/p>\n","protected":false},"excerpt":{"rendered":"C\u2019\u00e9tait un lieu sans charme. \u00ab\u00a0Un peu glauque, pas tr\u00e8s rassurant de nuit\u00a0\u00bb, se souvient Farah Ajili, alias&hellip;\n","protected":false},"author":2,"featured_media":551178,"comment_status":"","ping_status":"","sticky":false,"template":"","format":"standard","meta":{"footnotes":""},"categories":[9599],"tags":[1111,11,1777,674,1011,27,2208,12,2680,5775,25],"class_list":{"0":"post-551177","1":"post","2":"type-post","3":"status-publish","4":"format-standard","5":"has-post-thumbnail","7":"category-montpellier","8":"tag-actu","9":"tag-actualites","10":"tag-eu","11":"tag-europe","12":"tag-fr","13":"tag-france","14":"tag-montpellier","15":"tag-news","16":"tag-occitanie","17":"tag-quartier","18":"tag-republique-francaise"},"share_on_mastodon":{"url":"https:\/\/pubeurope.com\/@fr\/115593062891499080","error":""},"_links":{"self":[{"href":"https:\/\/www.europesays.com\/fr\/wp-json\/wp\/v2\/posts\/551177","targetHints":{"allow":["GET"]}}],"collection":[{"href":"https:\/\/www.europesays.com\/fr\/wp-json\/wp\/v2\/posts"}],"about":[{"href":"https:\/\/www.europesays.com\/fr\/wp-json\/wp\/v2\/types\/post"}],"author":[{"embeddable":true,"href":"https:\/\/www.europesays.com\/fr\/wp-json\/wp\/v2\/users\/2"}],"replies":[{"embeddable":true,"href":"https:\/\/www.europesays.com\/fr\/wp-json\/wp\/v2\/comments?post=551177"}],"version-history":[{"count":0,"href":"https:\/\/www.europesays.com\/fr\/wp-json\/wp\/v2\/posts\/551177\/revisions"}],"wp:featuredmedia":[{"embeddable":true,"href":"https:\/\/www.europesays.com\/fr\/wp-json\/wp\/v2\/media\/551178"}],"wp:attachment":[{"href":"https:\/\/www.europesays.com\/fr\/wp-json\/wp\/v2\/media?parent=551177"}],"wp:term":[{"taxonomy":"category","embeddable":true,"href":"https:\/\/www.europesays.com\/fr\/wp-json\/wp\/v2\/categories?post=551177"},{"taxonomy":"post_tag","embeddable":true,"href":"https:\/\/www.europesays.com\/fr\/wp-json\/wp\/v2\/tags?post=551177"}],"curies":[{"name":"wp","href":"https:\/\/api.w.org\/{rel}","templated":true}]}}