{"id":551181,"date":"2025-11-22T11:16:16","date_gmt":"2025-11-22T11:16:16","guid":{"rendered":"https:\/\/www.europesays.com\/fr\/551181\/"},"modified":"2025-11-22T11:16:16","modified_gmt":"2025-11-22T11:16:16","slug":"le-sous-sol-dune-maison-completement-enfume-16-pompiers-sur-place","status":"publish","type":"post","link":"https:\/\/www.europesays.com\/fr\/551181\/","title":{"rendered":"le sous-sol d&rsquo;une maison compl\u00e8tement enfum\u00e9, 16 pompiers sur place"},"content":{"rendered":"<p>                    Par<br \/>\n        <strong><br \/>\n            <a href=\"https:\/\/actu.fr\/auteur\/eaube\" title=\"Consulter tous les articles de Elo\u00efse Aub\u00e9\" rel=\"nofollow noopener\" target=\"_blank\">Elo\u00efse Aub\u00e9<\/a><br \/>\n                    <\/strong><\/p>\n<p>        Publi\u00e9 le<\/p>\n<p>            22 nov. 2025 \u00e0 9h16<br \/>\n        ; mis \u00e0 jour le 22 nov. 2025 \u00e0 10h01    <\/p>\n<p>Ce samedi 22\u00a0novembre 2025, les sapeurs-pompiers sont appel\u00e9s un peu avant 8\u00a0heures pour <strong>un feu d\u2019habitation<\/strong> rue des Hautes-Voies \u00e0 <a href=\"https:\/\/actu.fr\/normandie\/belbeuf_76069\" rel=\"nofollow noopener\" target=\"_blank\">Belbeuf<\/a> (Seine-Maritime).<\/p>\n<p class=\" wall-content\">Sur place, ils constatent que le feu est parti d\u2019un compteur \u00e9lectrique \u00ab\u2009ayant enfum\u00e9 le sous-sol\u2009\u00bb indique le Sdis (Service D\u00e9partemental d\u2019Incendie et de Secours). Et de pr\u00e9ciser que <strong>les trois occupants, une femme de 53 ans, un homme de 20 ans et une femme de 21 ans, ont \u00e9vacu\u00e9 le logement.<\/strong><\/p>\n<p>Gendarmerie et mairie sur place<\/p>\n<p class=\" wall-content\">Au total, 16 pompiers sont sur cette intervention, en plus de la gendarmerie et de la mairie.\u00a0<\/p>\n<p class=\" wall-content\">Apr\u00e8s bilan, les occupants du logement ne seront pas transport\u00e9s \u00e0 l\u2019h\u00f4pital. Ils seront relog\u00e9s dans leurs familles.<\/p>\n<p>    <a href=\"https:\/\/www.google.com\/maps\/embed?pb=!1m18!1m12!1m3!1d6177.002696135996!2d1.1336179165318703!3d49.387916613089686!2m3!1f0!2f0!3f0!3m2!1i1024!2i768!4f13.1!3m3!1m2!1s0x47e0df371ec33113%3A0xabf454a88cd6d059!2sRue%20des%20Hautes%20Voies%2C%2076240%20Belbeuf!5e0!3m2!1sfr!2sfr!4v1763799248688!5m2!1sfr!2sfr\" title=\"Ouvrie le lien\" rel=\"nofollow noopener\" target=\"_blank\">Cliquez ici pour visualiser le contenu<\/a><\/p>\n<p>Vid\u00e9os : en ce moment sur ActuSuivez l\u2019actualit\u00e9 de Rouen sur notre <a href=\"https:\/\/www.whatsapp.com\/channel\/0029VaKfnf99hXF2ddApFB1D\" rel=\"nofollow noopener\" target=\"_blank\">cha\u00eene WhatsApp<\/a> et sur notre <a href=\"https:\/\/www.tiktok.com\/@76actu.fr?lang=fr\" rel=\"nofollow noopener\" target=\"_blank\">compte TikTok<\/a><\/p>\n<p class=\" wall-content\">Personnalisez votre actualit\u00e9 en ajoutant vos villes et m\u00e9dias en favori avec <a href=\"https:\/\/moncompte.actu.fr\" title=\"D\u00e9couvez Mon Actu\" rel=\"nofollow noopener\" data-trk=\"{&quot;cta&quot;:{&quot;action&quot;:&quot;https:\\\/\\\/moncompte.actu.fr&quot;,&quot;category&quot;:&quot;mon compte&quot;,&quot;from&quot;:&quot;article footer&quot;,&quot;name&quot;:&quot;Mon actu&quot;,&quot;type&quot;:&quot;cta&quot;}}\" target=\"_blank\">Mon Actu<\/a>.<\/p>\n<p>                    <script async src=\"\/\/www.tiktok.com\/embed.js\"><\/script><\/p>\n","protected":false},"excerpt":{"rendered":"Par Elo\u00efse Aub\u00e9 Publi\u00e9 le 22 nov. 2025 \u00e0 9h16 ; mis \u00e0 jour le 22 nov. 2025&hellip;\n","protected":false},"author":2,"featured_media":551182,"comment_status":"","ping_status":"","sticky":false,"template":"","format":"standard","meta":{"footnotes":""},"categories":[9587],"tags":[1111,11,1777,674,118,1011,27,12,5161,1072,1311,25,9590],"class_list":{"0":"post-551181","1":"post","2":"type-post","3":"status-publish","4":"format-standard","5":"has-post-thumbnail","7":"category-rouen","8":"tag-actu","9":"tag-actualites","10":"tag-eu","11":"tag-europe","12":"tag-faits-divers","13":"tag-fr","14":"tag-france","15":"tag-news","16":"tag-normandie","17":"tag-police","18":"tag-pompiers","19":"tag-republique-francaise","20":"tag-rouen"},"share_on_mastodon":{"url":"https:\/\/pubeurope.com\/@fr\/115593070850157430","error":""},"_links":{"self":[{"href":"https:\/\/www.europesays.com\/fr\/wp-json\/wp\/v2\/posts\/551181","targetHints":{"allow":["GET"]}}],"collection":[{"href":"https:\/\/www.europesays.com\/fr\/wp-json\/wp\/v2\/posts"}],"about":[{"href":"https:\/\/www.europesays.com\/fr\/wp-json\/wp\/v2\/types\/post"}],"author":[{"embeddable":true,"href":"https:\/\/www.europesays.com\/fr\/wp-json\/wp\/v2\/users\/2"}],"replies":[{"embeddable":true,"href":"https:\/\/www.europesays.com\/fr\/wp-json\/wp\/v2\/comments?post=551181"}],"version-history":[{"count":0,"href":"https:\/\/www.europesays.com\/fr\/wp-json\/wp\/v2\/posts\/551181\/revisions"}],"wp:featuredmedia":[{"embeddable":true,"href":"https:\/\/www.europesays.com\/fr\/wp-json\/wp\/v2\/media\/551182"}],"wp:attachment":[{"href":"https:\/\/www.europesays.com\/fr\/wp-json\/wp\/v2\/media?parent=551181"}],"wp:term":[{"taxonomy":"category","embeddable":true,"href":"https:\/\/www.europesays.com\/fr\/wp-json\/wp\/v2\/categories?post=551181"},{"taxonomy":"post_tag","embeddable":true,"href":"https:\/\/www.europesays.com\/fr\/wp-json\/wp\/v2\/tags?post=551181"}],"curies":[{"name":"wp","href":"https:\/\/api.w.org\/{rel}","templated":true}]}}