{"id":551188,"date":"2025-11-22T11:20:17","date_gmt":"2025-11-22T11:20:17","guid":{"rendered":"https:\/\/www.europesays.com\/fr\/551188\/"},"modified":"2025-11-22T11:20:17","modified_gmt":"2025-11-22T11:20:17","slug":"un-phenomene-tres-marginal-a-rennes-ladministration-penitentiaire-se-penche-sur-les-risques-de-corruption","status":"publish","type":"post","link":"https:\/\/www.europesays.com\/fr\/551188\/","title":{"rendered":"\u00ab\u00a0Un ph\u00e9nom\u00e8ne tr\u00e8s marginal\u00a0\u00bb\u00a0: \u00e0 Rennes, l\u2019administration p\u00e9nitentiaire se penche sur les risques de corruption"},"content":{"rendered":"<p>Parler du probl\u00e8me, c\u2019est d\u00e9j\u00e0 commencer \u00e0 le r\u00e9soudre. Jeudi 20 novembre, une centaine de fonctionnaires de l\u2019administration p\u00e9nitentiaire s\u2019est r\u00e9unie dans l\u2019h\u00e9micycle de Rennes m\u00e9tropole pour discuter d\u2019un ph\u00e9nom\u00e8ne tabou : la corruption. \u00ab Les agents n\u2019en parlent jamais car ils peuvent craindre de para\u00eetre faibles aupr\u00e8s de leur hi\u00e9rarchie \u00bb, a expliqu\u00e9 Yann Philippe, sous directeur des acteurs publics de l\u2019Agence fran\u00e7aise anticorruption. \u00ab Il faut au contraire lib\u00e9rer la parole pour faire circuler l\u2019info et \u00e9viter que d\u2019autres fonctionnaires soient approch\u00e9s. \u00bb<\/p>\n<p>Durant toute la journ\u00e9e, le personnel p\u00e9nitentiaire venu notamment du grand Ouest a \u00e9t\u00e9 sensibilis\u00e9 au probl\u00e8me. \u00ab De toutes les administrations r\u00e9galiennes, la p\u00e9nitentiaire la plus expos\u00e9e car elle est au contact quotidien et prolong\u00e9 avec des gens condamn\u00e9s \u00bb, a ajout\u00e9 Yann Philippe.<\/p>\n<p>Durant la matin\u00e9e, des policiers, douaniers ou fonctionnaires du Fisc ont notamment partag\u00e9 leurs pratiques avec les agents p\u00e9nitentiaires et dress\u00e9 un \u00e9tat des lieux de la corruption dans leurs services.<\/p>\n<p>\u00ab En France, cela demeure un ph\u00e9nom\u00e8ne tr\u00e8s marginal. Sur tous les sujets d\u2019atteinte \u00e0 la probit\u00e9 : corruption, trafic d\u2018influence, prise ill\u00e9gale d\u2019int\u00e9r\u00eat, favoritisme, d\u00e9tournement de fonds publics. Vous avez environ 300 affaires par an en France, a ajout\u00e9 Yann Philippe. Si on prend l\u2019administration p\u00e9nitentiaire, qui est la plus touch\u00e9e des administrations r\u00e9galiennes, vous avez deux condamnations par an pour 10 000 agents. Mais souvent ses affaires sont tr\u00e8s m\u00e9diatis\u00e9es, l\u2019opinion publique a tendance \u00e0 penser que c\u2019est un ph\u00e9nom\u00e8ne important. Ce n\u2019est pas pour autant qu\u2019il ne faut pas continuer \u00e0 travailler sur le sujet. L\u2019\u00c9tat s\u2019est d\u2019ailleurs dot\u00e9 le 14 novembre dernier d\u2019un plan pluriannuel de lutte contre la corruption afin de combattre de mani\u00e8re s\u00e9rieuse le ph\u00e9nom\u00e8ne. \u00bb<\/p>\n<p>Toutes les administrations ont r\u00e9cemment fait de la consultation de fichiers leur cheval de bataille contre les atteintes \u00e0 la probit\u00e9 de faible intensit\u00e9. \u00ab C\u2019est notre angle mort, a souffl\u00e9 Jean-Marc Milliot, sous directeur \u00e0 l\u2019acad\u00e9mie de police. On ne peut pas renseigner un proche sur les ant\u00e9c\u00e9dents judiciaires de son voisin. Avant on faisait sauter les PV au titre de l\u2019indulgence, \u00e7a pouvait aussi \u00eatre une monnaie d\u2019\u00e9change pour obtenir un petit cadeau ou des informations\u2026 Avec l\u2019informatique, c\u2019est devenu plus difficile. \u00bb<\/p>\n<p>Comportement irr\u00e9prochable<\/p>\n<p>Sur les 914 enqu\u00eates judiciaires men\u00e9es par l\u2019inspection g\u00e9n\u00e9rale de la police en 2024. 66 l\u2019\u00e9taient pour atteinte \u00e0 la probit\u00e9, 93 pour violation du secret professionnel et 75 pour d\u00e9tournement de fichiers. \u00bb \u00c0 cela s\u2019ajoutent des enqu\u00eates administratives qui, elles aussi, ont d\u00e9bouch\u00e9 sur des sanctions. \u00ab On demande aux fonctionnaires d\u2019avoir un comportement irr\u00e9prochable m\u00eame sur leur temps personnel. \u00bb<\/p>\n","protected":false},"excerpt":{"rendered":"Parler du probl\u00e8me, c\u2019est d\u00e9j\u00e0 commencer \u00e0 le r\u00e9soudre. Jeudi 20 novembre, une centaine de fonctionnaires de l\u2019administration&hellip;\n","protected":false},"author":2,"featured_media":551189,"comment_status":"","ping_status":"","sticky":false,"template":"","format":"standard","meta":{"footnotes":""},"categories":[2821],"tags":[1111,11,829,1777,674,1011,27,848,12,584,25],"class_list":{"0":"post-551188","1":"post","2":"type-post","3":"status-publish","4":"format-standard","5":"has-post-thumbnail","7":"category-rennes","8":"tag-actu","9":"tag-actualites","10":"tag-bretagne","11":"tag-eu","12":"tag-europe","13":"tag-fr","14":"tag-france","15":"tag-ille-et-vilaine","16":"tag-news","17":"tag-rennes","18":"tag-republique-francaise"},"share_on_mastodon":{"url":"https:\/\/pubeurope.com\/@fr\/115593086596840923","error":""},"_links":{"self":[{"href":"https:\/\/www.europesays.com\/fr\/wp-json\/wp\/v2\/posts\/551188","targetHints":{"allow":["GET"]}}],"collection":[{"href":"https:\/\/www.europesays.com\/fr\/wp-json\/wp\/v2\/posts"}],"about":[{"href":"https:\/\/www.europesays.com\/fr\/wp-json\/wp\/v2\/types\/post"}],"author":[{"embeddable":true,"href":"https:\/\/www.europesays.com\/fr\/wp-json\/wp\/v2\/users\/2"}],"replies":[{"embeddable":true,"href":"https:\/\/www.europesays.com\/fr\/wp-json\/wp\/v2\/comments?post=551188"}],"version-history":[{"count":0,"href":"https:\/\/www.europesays.com\/fr\/wp-json\/wp\/v2\/posts\/551188\/revisions"}],"wp:featuredmedia":[{"embeddable":true,"href":"https:\/\/www.europesays.com\/fr\/wp-json\/wp\/v2\/media\/551189"}],"wp:attachment":[{"href":"https:\/\/www.europesays.com\/fr\/wp-json\/wp\/v2\/media?parent=551188"}],"wp:term":[{"taxonomy":"category","embeddable":true,"href":"https:\/\/www.europesays.com\/fr\/wp-json\/wp\/v2\/categories?post=551188"},{"taxonomy":"post_tag","embeddable":true,"href":"https:\/\/www.europesays.com\/fr\/wp-json\/wp\/v2\/tags?post=551188"}],"curies":[{"name":"wp","href":"https:\/\/api.w.org\/{rel}","templated":true}]}}