{"id":551194,"date":"2025-11-22T11:23:20","date_gmt":"2025-11-22T11:23:20","guid":{"rendered":"https:\/\/www.europesays.com\/fr\/551194\/"},"modified":"2025-11-22T11:23:20","modified_gmt":"2025-11-22T11:23:20","slug":"ligue-1-suivez-en-direct-la-rencontre-entre-lens-et-le-racing-club-de-strasbourg-coup-denvoi-a-17h","status":"publish","type":"post","link":"https:\/\/www.europesays.com\/fr\/551194\/","title":{"rendered":"Ligue 1. Suivez en direct la rencontre entre Lens et le Racing club de Strasbourg, coup d&rsquo;envoi \u00e0 17h"},"content":{"rendered":"<p>Le duel des Racing, l&rsquo;art\u00e9sien et l&rsquo;alsacien, ce samedi \u00e0 Bollaert-Delelis se double d&rsquo;un choc au sommet entre le 3e et le 4e de Ligue 1.\u00a0En jeu, en cas de succ\u00e8s par deux buts d&rsquo;\u00e9cart, une place sur le podium pour les hommes de Liam Rosenior. Une affiche all\u00e9chante !<\/p>\n<p>&#13;<br \/>\n              \u00c0 Lens, Julien-Thomas Will &#8211; &#13;<br \/>\n        &#13;<br \/>\n          Aujourd&rsquo;hui \u00e0 11:15&#13;<br \/>\n    &#13;<br \/>\n                  | mis \u00e0 jour aujourd&rsquo;hui \u00e0 12:00&#13;<br \/>\n              &#8211; Temps de lecture : &#13;<br \/>\n  &#13;\n<\/p>\n<p>                        &#13;<br \/>\n    &#13;<br \/>\n    &#13;<br \/>\n    <a href=\"https:\/\/cdn-s-www.dna.fr\/images\/E367961F-6B13-4DAA-B92E-0DC42EDFF6BE\/NW_raw\/joaquin-panichelli-et-le-racing-peuvent-monter-sur-la-3e-marche-du-podium-en-cas-de-victoire-dans-le-nord-ce-samedi-photo-jean-marc-loos-1763748054.jpg\" title=\"Joaquin Panichelli et le Racing peuvent monter sur la 3e marche du podium en cas de victoire dans le Nord ce samedi. Photo Jean-Marc Loos\" class=\"chocolat-image GA-tracking\" data-ga_type=\"click\" data-ga_category=\"D\u00e9tail\" data-ga_action=\"zoomer\" data-ga_label=\"aggrandir image\" target=\"_blank\" rel=\"noopener\">&#13;<br \/>\n        <img src=\"https:\/\/www.europesays.com\/fr\/wp-content\/uploads\/2025\/11\/joaquin-panichelli-et-le-racing-peuvent-monter-sur-la-3e-marche-du-podium-en-cas-de-victoire-dans-le.jpeg\"   alt=\"Joaquin Panichelli et le Racing peuvent monter sur la 3e marche du podium en cas de victoire dans le Nord ce samedi. Photo Jean-Marc Loos\" fetchpriority=\"high\" decoding=\"async\" data-mobile=\"NW_detail_M|1763748054\" data-base=\"NW_detail|1763748054\"\/>&#13;<br \/>\n    <\/a>&#13;<\/p>\n<p>Joaquin Panichelli et le Racing peuvent monter sur la 3e marche du podium en cas de victoire dans le Nord ce samedi. Photo Jean-Marc Loos<\/p>\n","protected":false},"excerpt":{"rendered":"Le duel des Racing, l&rsquo;art\u00e9sien et l&rsquo;alsacien, ce samedi \u00e0 Bollaert-Delelis se double d&rsquo;un choc au sommet entre&hellip;\n","protected":false},"author":2,"featured_media":551195,"comment_status":"","ping_status":"","sticky":false,"template":"","format":"standard","meta":{"footnotes":""},"categories":[2820],"tags":[1111,11,2649,3545,2880,1777,674,107,1011,27,329,775,3544,12,41281,25,517,640],"class_list":{"0":"post-551194","1":"post","2":"type-post","3":"status-publish","4":"format-standard","5":"has-post-thumbnail","7":"category-strasbourg","8":"tag-actu","9":"tag-actualites","10":"tag-bas-rhin","11":"tag-direct-sport","12":"tag-edition-strasbourg","13":"tag-eu","14":"tag-europe","15":"tag-fil-info","16":"tag-fr","17":"tag-france","18":"tag-france-monde","19":"tag-grand-est","20":"tag-matchs-en-direct","21":"tag-news","22":"tag-racing-club-strasbourg-masculin","23":"tag-republique-francaise","24":"tag-sport","25":"tag-strasbourg"},"share_on_mastodon":{"url":"https:\/\/pubeurope.com\/@fr\/115593099117304137","error":""},"_links":{"self":[{"href":"https:\/\/www.europesays.com\/fr\/wp-json\/wp\/v2\/posts\/551194","targetHints":{"allow":["GET"]}}],"collection":[{"href":"https:\/\/www.europesays.com\/fr\/wp-json\/wp\/v2\/posts"}],"about":[{"href":"https:\/\/www.europesays.com\/fr\/wp-json\/wp\/v2\/types\/post"}],"author":[{"embeddable":true,"href":"https:\/\/www.europesays.com\/fr\/wp-json\/wp\/v2\/users\/2"}],"replies":[{"embeddable":true,"href":"https:\/\/www.europesays.com\/fr\/wp-json\/wp\/v2\/comments?post=551194"}],"version-history":[{"count":0,"href":"https:\/\/www.europesays.com\/fr\/wp-json\/wp\/v2\/posts\/551194\/revisions"}],"wp:featuredmedia":[{"embeddable":true,"href":"https:\/\/www.europesays.com\/fr\/wp-json\/wp\/v2\/media\/551195"}],"wp:attachment":[{"href":"https:\/\/www.europesays.com\/fr\/wp-json\/wp\/v2\/media?parent=551194"}],"wp:term":[{"taxonomy":"category","embeddable":true,"href":"https:\/\/www.europesays.com\/fr\/wp-json\/wp\/v2\/categories?post=551194"},{"taxonomy":"post_tag","embeddable":true,"href":"https:\/\/www.europesays.com\/fr\/wp-json\/wp\/v2\/tags?post=551194"}],"curies":[{"name":"wp","href":"https:\/\/api.w.org\/{rel}","templated":true}]}}