{"id":551198,"date":"2025-11-22T11:25:18","date_gmt":"2025-11-22T11:25:18","guid":{"rendered":"https:\/\/www.europesays.com\/fr\/551198\/"},"modified":"2025-11-22T11:25:18","modified_gmt":"2025-11-22T11:25:18","slug":"municipales-2026-a-nice-christian-estrosi-officiellement-candidat-a-sa-reelection","status":"publish","type":"post","link":"https:\/\/www.europesays.com\/fr\/551198\/","title":{"rendered":"Municipales 2026 \u00e0 Nice. Christian Estrosi officiellement candidat \u00e0 sa r\u00e9\u00e9lection"},"content":{"rendered":"<p>                    Par<br \/>\n        <strong><br \/>\n            <a href=\"https:\/\/actu.fr\/auteur\/ugo-maillard\" title=\"Consulter tous les articles de Ugo Maillard\" target=\"_blank\" rel=\"noopener\">Ugo Maillard<\/a><br \/>\n                    <\/strong><\/p>\n<p>        Publi\u00e9 le<\/p>\n<p>            22 nov. 2025 \u00e0 11h22        <\/p>\n<p>La fin d\u2019un secret de polichinelle. Ce samedi 22\u00a0novembre 2025, <strong>Christian Estrosi<\/strong> a officialis\u00e9 sa candidature \u00e0 sa propre r\u00e9\u00e9lection \u00e0 la t\u00eate de la mairie de <a href=\"https:\/\/actu.fr\/nice\/\" target=\"_blank\" rel=\"noopener\">Nice<\/a> (Alpes-Maritimes). Le <strong>maire sortant<\/strong> de 70\u00a0ans briguera un quatri\u00e8me mandat lors des \u00e9lections municipales qui se tiendront les 15 et 22\u00a0mars 2026.<\/p>\n<p class=\" wall-content\">\u00c0 quatre mois de l\u2019\u00e9ch\u00e9ance \u00e9lectorale, <a href=\"https:\/\/actu.fr\/tag\/christian-estrosi\" target=\"_blank\" rel=\"noopener\">Christian Estrosi<\/a>, accompagn\u00e9 de son directeur de campagne Anthony Borr\u00e9, se dit \u00ab\u2009en pleine forme\u2009\u00bb et assure avoir \u00ab\u2009mang\u00e9 du lion\u2009\u00bb.<\/p>\n<p>L\u2019occasion de revenir sur son bilan<\/p>\n<p class=\" wall-content\">L\u2019embl\u00e9matique \u00e9dile de Nice a donn\u00e9 rendez-vous \u00e0 ses soutiens au centre des congr\u00e8s Oc\u00e9aNice au port Lympia, ce samedi. Devant une foule garnie de <strong>pr\u00e8s de 3\u2009000 soutiens<\/strong>, Christian Estrosi a balay\u00e9 les sujets allant de son bilan, \u00e0 la situation actuelle du pays.<\/p>\n<p class=\" wall-content\">Parmi les sujets, les finances, les grands projets r\u00e9alis\u00e9s tels que la <a href=\"https:\/\/actu.fr\/provence-alpes-cote-d-azur\/nice_06088\/promenade-du-paillon-a-nice-ca-valait-le-coup-tous-ces-travaux-ce-que-pensent-les-nicois-de-l-extension_63337038.html\" target=\"_blank\" rel=\"noopener\">coul\u00e9e verte<\/a> ou la voie Mathis. Pour son premier meeting de campagne, le membre du parti Horizon d\u2019Edouard Philippe a pris la parole, seul, se pr\u00eatant au jeu des questions r\u00e9ponses avec ses soutiens. Un premier temps fort qui a dur\u00e9 pr\u00e8s de deux heures.<\/p>\n<p>Un duel avec \u00c9ric Ciotti\u2009?<\/p>\n<p class=\" wall-content\">L\u2019annonce de Christian Estrosi vient officialiser un <strong>duel<\/strong> avec <a href=\"https:\/\/actu.fr\/provence-alpes-cote-d-azur\/nice_06088\/eric-ciotti-annonce-sa-candidature-a-la-mairie-de-nice-pour-les-municipales-2026_63046292.html\" target=\"_blank\" rel=\"noopener\">\u00c9ric Ciotti<\/a>, son ancien conseiller et d\u00e9sormais pr\u00e9sident du parti de l\u2019Union des Droites.<\/p>\n<p class=\" wall-content\">Juliette <a href=\"https:\/\/actu.fr\/provence-alpes-cote-d-azur\/nice_06088\/nice-le-candidat-de-la-gauche-pour-les-elections-municipales-2026-est-connu_63115316.html\" target=\"_blank\" rel=\"noopener\">Chesnel-Le Roux<\/a>, Jean-Marc <a href=\"https:\/\/actu.fr\/provence-alpes-cote-d-azur\/nice_06088\/municipales-2026-a-nice-la-coulee-verte-une-offense-a-l-intelligence-lache-l-ecolo-jean-marc-governatori_63347482.html\" target=\"_blank\" rel=\"noopener\">Governatori<\/a>, H\u00e9l\u00e8ne <a href=\"https:\/\/actu.fr\/provence-alpes-cote-d-azur\/nice_06088\/municipales-2026-de-nice-cette-conseillere-ecolo-lance-une-nouvelle-candidature-a-gauche_63188705.html\" target=\"_blank\" rel=\"noopener\">Granouillac<\/a> et Mireille <a href=\"https:\/\/actu.fr\/provence-alpes-cote-d-azur\/nice_06088\/municipales-2026-a-nice-lfi-et-viva-lancent-officiellement-leur-campagne_63276215.html\" target=\"_blank\" rel=\"noopener\">Damiano<\/a> tenteront quant \u00e0 eux de se frayer une place pour le second tour.<\/p>\n<p class=\" wall-content\">Personnalisez votre actualit\u00e9 en ajoutant vos villes et m\u00e9dias en favori avec <a href=\"https:\/\/moncompte.actu.fr\" title=\"D\u00e9couvez Mon Actu\" rel=\"nofollow noopener\" data-trk=\"{&quot;cta&quot;:{&quot;action&quot;:&quot;https:\\\/\\\/moncompte.actu.fr&quot;,&quot;category&quot;:&quot;mon compte&quot;,&quot;from&quot;:&quot;article footer&quot;,&quot;name&quot;:&quot;Mon actu&quot;,&quot;type&quot;:&quot;cta&quot;}}\" target=\"_blank\">Mon Actu<\/a>.<\/p>\n","protected":false},"excerpt":{"rendered":"Par Ugo Maillard Publi\u00e9 le 22 nov. 2025 \u00e0 11h22 La fin d\u2019un secret de polichinelle. Ce samedi&hellip;\n","protected":false},"author":2,"featured_media":551199,"comment_status":"","ping_status":"","sticky":false,"template":"","format":"standard","meta":{"footnotes":""},"categories":[2819],"tags":[1111,11,2397,4188,1777,674,1011,27,3434,12,2401,316,882,25],"class_list":{"0":"post-551198","1":"post","2":"type-post","3":"status-publish","4":"format-standard","5":"has-post-thumbnail","7":"category-nice","8":"tag-actu","9":"tag-actualites","10":"tag-christian-estrosi","11":"tag-elections-municipales","12":"tag-eu","13":"tag-europe","14":"tag-fr","15":"tag-france","16":"tag-municipales-2026","17":"tag-news","18":"tag-nice","19":"tag-politique","20":"tag-provence-alpes-cote-dazur","21":"tag-republique-francaise"},"share_on_mastodon":{"url":"https:\/\/pubeurope.com\/@fr\/115593106193522491","error":""},"_links":{"self":[{"href":"https:\/\/www.europesays.com\/fr\/wp-json\/wp\/v2\/posts\/551198","targetHints":{"allow":["GET"]}}],"collection":[{"href":"https:\/\/www.europesays.com\/fr\/wp-json\/wp\/v2\/posts"}],"about":[{"href":"https:\/\/www.europesays.com\/fr\/wp-json\/wp\/v2\/types\/post"}],"author":[{"embeddable":true,"href":"https:\/\/www.europesays.com\/fr\/wp-json\/wp\/v2\/users\/2"}],"replies":[{"embeddable":true,"href":"https:\/\/www.europesays.com\/fr\/wp-json\/wp\/v2\/comments?post=551198"}],"version-history":[{"count":0,"href":"https:\/\/www.europesays.com\/fr\/wp-json\/wp\/v2\/posts\/551198\/revisions"}],"wp:featuredmedia":[{"embeddable":true,"href":"https:\/\/www.europesays.com\/fr\/wp-json\/wp\/v2\/media\/551199"}],"wp:attachment":[{"href":"https:\/\/www.europesays.com\/fr\/wp-json\/wp\/v2\/media?parent=551198"}],"wp:term":[{"taxonomy":"category","embeddable":true,"href":"https:\/\/www.europesays.com\/fr\/wp-json\/wp\/v2\/categories?post=551198"},{"taxonomy":"post_tag","embeddable":true,"href":"https:\/\/www.europesays.com\/fr\/wp-json\/wp\/v2\/tags?post=551198"}],"curies":[{"name":"wp","href":"https:\/\/api.w.org\/{rel}","templated":true}]}}