{"id":551200,"date":"2025-11-22T11:26:14","date_gmt":"2025-11-22T11:26:14","guid":{"rendered":"https:\/\/www.europesays.com\/fr\/551200\/"},"modified":"2025-11-22T11:26:14","modified_gmt":"2025-11-22T11:26:14","slug":"une-soiree-electro-et-rap-inedite-organisee-dans-ce-bar","status":"publish","type":"post","link":"https:\/\/www.europesays.com\/fr\/551200\/","title":{"rendered":"une soir\u00e9e \u00e9lectro et rap in\u00e9dite organis\u00e9e dans ce bar"},"content":{"rendered":"<p>                    Par<br \/>\n        <strong><br \/>\n            <a href=\"https:\/\/actu.fr\/auteur\/thomas-bernard\" title=\"Consulter tous les articles de Thomas Bernard\" rel=\"nofollow noopener\" target=\"_blank\">Thomas Bernard<\/a><br \/>\n                    <\/strong><\/p>\n<p>        Publi\u00e9 le<\/p>\n<p>            22 nov. 2025 \u00e0 11h28        <\/p>\n<p>Faire vibrer les bars \u00e0 travers l\u2019\u00e9lectro et le rap. C\u2019est la promesse de Heart Race, une s\u00e9rie de soir\u00e9es musicales organis\u00e9es par l\u2019association <a href=\"https:\/\/www.instagram.com\/tamisee__\/?hl=fr\" rel=\"nofollow noopener\" target=\"_blank\">Tamis\u00e9e<\/a>, engag\u00e9e dans la diffusion et l\u2019accompagnement des artistes et techniciens nantais.<\/p>\n<p class=\" wall-content\">La premi\u00e8re \u00e9dition se d\u00e9roulera<b> le vendredi 28\u00a0novembre 2025<\/b>, <b>de 21\u2009h \u00e0 1\u2009h\u200930<\/b>, au bar La Maison Caf\u00e9, \u00e0 Nantes. Les festivit\u00e9s se d\u00e9rouleront dans le cadre du festival Bar-bars.<\/p>\n<p>    <a href=\"https:\/\/www.google.com\/maps\/embed?pb=!1m18!1m12!1m3!1d516.0281588205773!2d-1.5498928013564808!3d47.22031143280029!2m3!1f0!2f0!3f0!3m2!1i1024!2i768!4f13.1!3m3!1m2!1s0x4805eebccc5dee13%3A0x727d5cd729c8cb6a!2sLa%20Maison%20Caf%C3%A9!5e1!3m2!1sfr!2sfr!4v1763736652107!5m2!1sfr!2sfr\" title=\"Ouvrie le lien\" rel=\"nofollow noopener\" target=\"_blank\">Cliquez ici pour visualiser le contenu<\/a><\/p>\n<p>Dj-sets<\/p>\n<p class=\" wall-content\">L\u2019entr\u00e9e \u00e0 l\u2019\u00e9v\u00e9nement est gratuite mais l\u2019espace consacr\u00e9 \u00e0 la soir\u00e9e dispose d\u2019une <b>capacit\u00e9 maximale de 50 \u00e0 60\u00a0personnes<\/b>. \u00ab\u2009Deux DJ, Samoss et PAULVITESSE\u2009!, se succ\u00e9deront pour livrer chacun un set de 1\u2009h\u200930, explorant chacun leurs r\u00e9f\u00e9rences, influences et coups de c\u0153ur dans le rap d\u2019aujourd\u2019hui et de demain\u2009\u00bb, d\u00e9taille l\u2019association Tamis\u00e9e dans un communiqu\u00e9 de presse.<\/p>\n<p><b>Infos pratiques<\/b>\u2009:<br \/>Vendredi 28\u00a0novembre 2025, Heart Race.Lieu\u2009: La Maison Caf\u00e9\u2009; 4 rue Lebrun, Nantes.Horaires\u2009: 21h\u200900 \u2013 01\u2009h\u200930.Capacit\u00e9 entre 50 et 60\u00a0personnesEntr\u00e9e gratuite.<\/p>\n<p class=\" wall-content\">Personnalisez votre actualit\u00e9 en ajoutant vos villes et m\u00e9dias en favori avec <a href=\"https:\/\/moncompte.actu.fr\" title=\"D\u00e9couvez Mon Actu\" rel=\"nofollow noopener\" data-trk=\"{&quot;cta&quot;:{&quot;action&quot;:&quot;https:\\\/\\\/moncompte.actu.fr&quot;,&quot;category&quot;:&quot;mon compte&quot;,&quot;from&quot;:&quot;article footer&quot;,&quot;name&quot;:&quot;Mon actu&quot;,&quot;type&quot;:&quot;cta&quot;}}\" target=\"_blank\">Mon Actu<\/a>.<\/p>\n<p>                    <script async src=\"\/\/www.instagram.com\/embed.js\"><\/script><\/p>\n","protected":false},"excerpt":{"rendered":"Par Thomas Bernard Publi\u00e9 le 22 nov. 2025 \u00e0 11h28 Faire vibrer les bars \u00e0 travers l\u2019\u00e9lectro et&hellip;\n","protected":false},"author":2,"featured_media":551201,"comment_status":"","ping_status":"","sticky":false,"template":"","format":"standard","meta":{"footnotes":""},"categories":[2818],"tags":[1111,11,1777,674,1011,27,1652,766,12,2636,25],"class_list":{"0":"post-551200","1":"post","2":"type-post","3":"status-publish","4":"format-standard","5":"has-post-thumbnail","7":"category-nantes","8":"tag-actu","9":"tag-actualites","10":"tag-eu","11":"tag-europe","12":"tag-fr","13":"tag-france","14":"tag-loisirs-culture","15":"tag-nantes","16":"tag-news","17":"tag-pays-de-la-loire","18":"tag-republique-francaise"},"share_on_mastodon":{"url":"https:\/\/pubeurope.com\/@fr\/115593110127048592","error":""},"_links":{"self":[{"href":"https:\/\/www.europesays.com\/fr\/wp-json\/wp\/v2\/posts\/551200","targetHints":{"allow":["GET"]}}],"collection":[{"href":"https:\/\/www.europesays.com\/fr\/wp-json\/wp\/v2\/posts"}],"about":[{"href":"https:\/\/www.europesays.com\/fr\/wp-json\/wp\/v2\/types\/post"}],"author":[{"embeddable":true,"href":"https:\/\/www.europesays.com\/fr\/wp-json\/wp\/v2\/users\/2"}],"replies":[{"embeddable":true,"href":"https:\/\/www.europesays.com\/fr\/wp-json\/wp\/v2\/comments?post=551200"}],"version-history":[{"count":0,"href":"https:\/\/www.europesays.com\/fr\/wp-json\/wp\/v2\/posts\/551200\/revisions"}],"wp:featuredmedia":[{"embeddable":true,"href":"https:\/\/www.europesays.com\/fr\/wp-json\/wp\/v2\/media\/551201"}],"wp:attachment":[{"href":"https:\/\/www.europesays.com\/fr\/wp-json\/wp\/v2\/media?parent=551200"}],"wp:term":[{"taxonomy":"category","embeddable":true,"href":"https:\/\/www.europesays.com\/fr\/wp-json\/wp\/v2\/categories?post=551200"},{"taxonomy":"post_tag","embeddable":true,"href":"https:\/\/www.europesays.com\/fr\/wp-json\/wp\/v2\/tags?post=551200"}],"curies":[{"name":"wp","href":"https:\/\/api.w.org\/{rel}","templated":true}]}}