{"id":551207,"date":"2025-11-22T11:30:11","date_gmt":"2025-11-22T11:30:11","guid":{"rendered":"https:\/\/www.europesays.com\/fr\/551207\/"},"modified":"2025-11-22T11:30:11","modified_gmt":"2025-11-22T11:30:11","slug":"un-choc-des-manifestations-prevu-en-ville-ce-samedi","status":"publish","type":"post","link":"https:\/\/www.europesays.com\/fr\/551207\/","title":{"rendered":"un choc des manifestations pr\u00e9vu en ville ce samedi"},"content":{"rendered":"<p>                    Par<br \/>\n        <strong><br \/>\n            <a href=\"https:\/\/actu.fr\/auteur\/mareva-laville-actu-fr\" title=\"Consulter tous les articles de Mar\u00e9va Laville\" rel=\"nofollow noopener\" target=\"_blank\">Mar\u00e9va Laville<\/a><br \/>\n                    <\/strong><\/p>\n<p>        Publi\u00e9 le<\/p>\n<p>            22 nov. 2025 \u00e0 11h46        <\/p>\n<p>Ceux qui voudraient s\u2019offrir une balade tranquille ou une journ\u00e9e shopping calme ce samedi 22\u00a0novembre 2025 \u00e0 <a href=\"http:\/\/www.actu.fr\/toulouse\" rel=\"nofollow noopener\" target=\"_blank\"><strong>Toulouse<\/strong> <\/a>risquent d\u2019\u00eatre quelque peu\u2026 bouscul\u00e9s. Car l\u2019apr\u00e8s-midi s\u2019annonce anim\u00e9e dans la Ville rose. Alors que Jean-Luc Moudenc, le maire de Toulouse, <a href=\"https:\/\/actu.fr\/occitanie\/toulouse_31555\/marquee-aussi-par-le-narcotrafic-toulouse-va-rendre-hommage-a-mehdi-kessaci-tue-a-marseille_63470847.html\" rel=\"nofollow noopener\" target=\"_blank\">invite les Toulousains \u00e0 se rassembler en hommage \u00e0 Mehdi Kessaci<\/a>, victime d\u2019un crime d\u2019intimidation \u00e0 Marseille li\u00e9 au trafic de drogue, d\u2019autres associations, elles, appellent \u00e0 manifester.<\/p>\n<p>Une manifestation des Citoyens patriotes<\/p>\n<p class=\" wall-content\">Le climat promet d\u2019\u00eatre tendu et les forces de l\u2019ordre se sont pr\u00e9par\u00e9es \u00e0 quelques rivalit\u00e9s entre les manifestants. Car ce samedi, les id\u00e9es vont se confronter. Apr\u00e8s l\u2019\u00e9pisode de la <a href=\"https:\/\/actu.fr\/ile-de-france\/paris_75056\/on-est-chez-nous-a-paris-une-manifestation-pas-politique-reunit-des-milliers-de-personnes-tres-a-droite_63289247.html\" rel=\"nofollow noopener\" target=\"_blank\">Place de la R\u00e9publique \u00e0 Paris, en octobre dernier<\/a>,<strong> les Citoyens patriotes<\/strong> \u2013 tr\u00e8s \u00e0 droite \u2013 vont se rassembler \u00e0 Toulouse<strong> \u00e0 partir de 14h<\/strong>. Le rendez-vous est donn\u00e9 sur<strong> l\u2019all\u00e9e Jean-Jaur\u00e8s.<\/strong> Le m\u00eame jour que la journ\u00e9e internationale de lutte contre les violences faites aux femmes.<\/p>\n<p>Une marche contre les violences faites aux femmes<\/p>\n<p class=\" wall-content\">Ainsi, pour <strong>contrer \u00ab\u2009l\u2019extr\u00eame droite\u2009\u00bb<\/strong> qui organise \u00ab\u2009une op\u00e9ration d\u2019instrumentalisation \u00e0 des fins racistes et x\u00e9nophobes \u00e0 l\u2019encontre des valeurs f\u00e9ministes port\u00e9es et d\u00e9fendues lors de cette <strong>journ\u00e9e de lutte contre les violences faites aux femmes<\/strong>\u2009\u00bb, plusieurs associations, collectifs, syndicats et groupes politiques tels que les <a href=\"https:\/\/actu.fr\/occitanie\/toulouse_31555\/municipales-2026-a-toulouse-les-ecologistes-et-archipel-citoyen-divergent-sur-la-marche-a-suivre_63470688.html\" rel=\"nofollow noopener\" target=\"_blank\">Ecologistes, LFI, Archipel Citoyen,<\/a> le Parti de Gauche, le PCF 31, NPA ou encore G\u00e9n\u00e9ration. s 31 appellent doublement \u00e0 se r\u00e9unir \u00e0<strong>\u00a0Jeanne d\u2019Arc \u00e0 14h.<\/strong><\/p>\n<p class=\" wall-content\">Cette marche \u00e9tait d\u00e9j\u00e0 pr\u00e9vue dans le cadre de la journ\u00e9e internationale pr\u00f4nant l\u2019\u00e9radication des violences faites aux femmes.<\/p>\n<p>Des militants du Mirail de la partie \u00ab\u2009pour montrer leur opposition\u2009\u00bb<\/p>\n<p class=\" wall-content\">La r\u00e9union des deux manifestations est per\u00e7ue comme une provocation par le collectif <strong>Mirail en lutte.<\/strong> \u00ab\u2009Pour montrer leur opposition\u2009\u00bb, les<strong> militants d\u2019extr\u00eame gauche<\/strong>, qui \u00ab\u2009refusent de laisser Toulouse \u00e0 l\u2019extr\u00eame droite\u2009\u00bb, pointant ouvertement \u00ab\u2009les citoyens patriotes qui r\u00eavent d\u2019une France sans musulman.e.s\u2009\u00bb, ont appel\u00e9 \u00e0 se regrouper.<\/p>\n<p>Vid\u00e9os : en ce moment sur Actu<\/p>\n<p class=\" wall-content\">Ils ont pr\u00e9vu de se rassembler<strong> \u00e0 13h devant le palais de justice<\/strong> pour un atelier pancarte. Ils rejoindront ensuite le cort\u00e8ge f\u00e9ministe \u00ab\u2009anti\u2011imp\u00e9rialiste, antifasciste, contre l\u2019islamophobie\u2009\u00bb, du c\u00f4t\u00e9 de Jeanne d\u2019Arc.<\/p>\n<p class=\" wall-content\"><a href=\"https:\/\/www.instagram.com\/p\/DRSkSanjDvM\/embed\" title=\"Ouvrir le lien sur Instagram\" rel=\"nofollow noopener\" target=\"_blank\">Visualiser le contenu sur Instagram<\/a><\/p>\n<p class=\" wall-content\">Personnalisez votre actualit\u00e9 en ajoutant vos villes et m\u00e9dias en favori avec <a href=\"https:\/\/moncompte.actu.fr\" title=\"D\u00e9couvez Mon Actu\" rel=\"nofollow noopener\" data-trk=\"{&quot;cta&quot;:{&quot;action&quot;:&quot;https:\\\/\\\/moncompte.actu.fr&quot;,&quot;category&quot;:&quot;mon compte&quot;,&quot;from&quot;:&quot;article footer&quot;,&quot;name&quot;:&quot;Mon actu&quot;,&quot;type&quot;:&quot;cta&quot;}}\" target=\"_blank\">Mon Actu<\/a>.<\/p>\n<p>                    <script async src=\"\/\/www.instagram.com\/embed.js\"><\/script><\/p>\n","protected":false},"excerpt":{"rendered":"Par Mar\u00e9va Laville Publi\u00e9 le 22 nov. 2025 \u00e0 11h46 Ceux qui voudraient s\u2019offrir une balade tranquille ou&hellip;\n","protected":false},"author":2,"featured_media":551208,"comment_status":"","ping_status":"","sticky":false,"template":"","format":"standard","meta":{"footnotes":""},"categories":[2816],"tags":[1111,11,1777,674,1011,27,1272,12,2680,1072,25,104,2312],"class_list":{"0":"post-551207","1":"post","2":"type-post","3":"status-publish","4":"format-standard","5":"has-post-thumbnail","7":"category-toulouse","8":"tag-actu","9":"tag-actualites","10":"tag-eu","11":"tag-europe","12":"tag-fr","13":"tag-france","14":"tag-manifestations","15":"tag-news","16":"tag-occitanie","17":"tag-police","18":"tag-republique-francaise","19":"tag-societe","20":"tag-toulouse"},"share_on_mastodon":{"url":"https:\/\/pubeurope.com\/@fr\/115593125964638669","error":""},"_links":{"self":[{"href":"https:\/\/www.europesays.com\/fr\/wp-json\/wp\/v2\/posts\/551207","targetHints":{"allow":["GET"]}}],"collection":[{"href":"https:\/\/www.europesays.com\/fr\/wp-json\/wp\/v2\/posts"}],"about":[{"href":"https:\/\/www.europesays.com\/fr\/wp-json\/wp\/v2\/types\/post"}],"author":[{"embeddable":true,"href":"https:\/\/www.europesays.com\/fr\/wp-json\/wp\/v2\/users\/2"}],"replies":[{"embeddable":true,"href":"https:\/\/www.europesays.com\/fr\/wp-json\/wp\/v2\/comments?post=551207"}],"version-history":[{"count":0,"href":"https:\/\/www.europesays.com\/fr\/wp-json\/wp\/v2\/posts\/551207\/revisions"}],"wp:featuredmedia":[{"embeddable":true,"href":"https:\/\/www.europesays.com\/fr\/wp-json\/wp\/v2\/media\/551208"}],"wp:attachment":[{"href":"https:\/\/www.europesays.com\/fr\/wp-json\/wp\/v2\/media?parent=551207"}],"wp:term":[{"taxonomy":"category","embeddable":true,"href":"https:\/\/www.europesays.com\/fr\/wp-json\/wp\/v2\/categories?post=551207"},{"taxonomy":"post_tag","embeddable":true,"href":"https:\/\/www.europesays.com\/fr\/wp-json\/wp\/v2\/tags?post=551207"}],"curies":[{"name":"wp","href":"https:\/\/api.w.org\/{rel}","templated":true}]}}