{"id":551210,"date":"2025-11-22T11:32:16","date_gmt":"2025-11-22T11:32:16","guid":{"rendered":"https:\/\/www.europesays.com\/fr\/551210\/"},"modified":"2025-11-22T11:32:16","modified_gmt":"2025-11-22T11:32:16","slug":"un-ado-au-volant-dune-voiture-volee-interpelle-apres-une-course-poursuite-de-oignies-a-lambersart","status":"publish","type":"post","link":"https:\/\/www.europesays.com\/fr\/551210\/","title":{"rendered":"Un ado au volant d&rsquo;une voiture vol\u00e9e interpell\u00e9 apr\u00e8s une course-poursuite de Oignies \u00e0 Lambersart"},"content":{"rendered":"<p>                    Par<br \/>\n        <strong><br \/>\n            <a href=\"https:\/\/actu.fr\/auteur\/redaction-pasdecalais\" title=\"Consulter tous les articles de R\u00e9daction Pas de Calais\" target=\"_blank\" rel=\"noopener\">R\u00e9daction Pas de Calais<\/a><br \/>\n                    <\/strong><\/p>\n<p>        Publi\u00e9 le<\/p>\n<p>            22 nov. 2025 \u00e0 11h42        <\/p>\n<p>L\u2019individu a pris tous les risques pour tenter de semer la <a href=\"https:\/\/actu.fr\/tag\/police\" target=\"_blank\" rel=\"noopener\">police<\/a>, en vain. Mardi 18 novembre 2025, un jeune homme a \u00e9t\u00e9 <b>interpell\u00e9 apr\u00e8s une course-poursuite avec la BAC<\/b> de <b>Oignies<\/b> (<a href=\"https:\/\/actu.fr\/pas-de-calais\/\" target=\"_blank\" rel=\"noopener\">Pas-de-Calais<\/a>) \u00e0 <b>Lambersart<\/b> (<a href=\"https:\/\/actu.fr\/hauts-de-france\/nord_59\" target=\"_blank\" rel=\"noopener\">Nord<\/a>). Le mis en cause est mineur et n\u2019a pas de permis de conduire.\u00a0<\/p>\n<p>Le mineur conduisait un v\u00e9hicule vol\u00e9\u00a0<\/p>\n<p class=\" wall-content\">Il \u00e9tait 21h quand la course poursuite a d\u00e9marr\u00e9 sur la commune de <a href=\"https:\/\/actu.fr\/hauts-de-france\/oignies_62637\" target=\"_blank\" rel=\"noopener\">Oignies<\/a>. Le mineur \u00e2g\u00e9 de 17 ans, qui conduisait<b> un v\u00e9hicule signal\u00e9 vol\u00e9<\/b>, a \u00e9t\u00e9 rep\u00e9r\u00e9 par les effectifs de la BAC. Apr\u00e8s un refus d\u2019obtemp\u00e9rer, le conducteur a multipli\u00e9 les infractions au code de la route et circulait \u00e0 <b>une vitesse excessive<\/b>.\u00a0<\/p>\n<p class=\" wall-content\">Il a travers\u00e9 Oignies, est pass\u00e9 par Libercourt en d\u00e9gradant un v\u00e9hicule sur sa route, avant de finir sa course \u00e0 <a href=\"https:\/\/actu.fr\/hauts-de-france\/lambersart_59328\" target=\"_blank\" rel=\"noopener\">Lambersart<\/a>. Coinc\u00e9, le jeune homme est descendu de la voiture vol\u00e9e, un <a href=\"https:\/\/actu.fr\/hauts-de-france\/lambersart_59328\" target=\"_blank\" rel=\"noopener\">Peugeot 5008<\/a>, et a \u00e9t\u00e9 interpell\u00e9 par les policiers. Plac\u00e9 en garde \u00e0 vue, il a reconnu avoir pris de gros risques sur la route et qu\u2019il \u00e9tait au courant que le v\u00e9hicule \u00e9tait vol\u00e9. Le mineur a \u00e9t\u00e9 pr\u00e9sent\u00e9 devant le juge des enfants \u00e0 <a href=\"https:\/\/actu.fr\/lille\/\" target=\"_blank\" rel=\"noopener\">Lille<\/a> jeudi matin.\u00a0<\/p>\n<p class=\" wall-content\">Personnalisez votre actualit\u00e9 en ajoutant vos villes et m\u00e9dias en favori avec <a href=\"https:\/\/moncompte.actu.fr\" title=\"D\u00e9couvez Mon Actu\" rel=\"nofollow noopener\" data-trk=\"{&quot;cta&quot;:{&quot;action&quot;:&quot;https:\\\/\\\/moncompte.actu.fr&quot;,&quot;category&quot;:&quot;mon compte&quot;,&quot;from&quot;:&quot;article footer&quot;,&quot;name&quot;:&quot;Mon actu&quot;,&quot;type&quot;:&quot;cta&quot;}}\" target=\"_blank\">Mon Actu<\/a>.<\/p>\n","protected":false},"excerpt":{"rendered":"Par R\u00e9daction Pas de Calais Publi\u00e9 le 22 nov. 2025 \u00e0 11h42 L\u2019individu a pris tous les risques&hellip;\n","protected":false},"author":2,"featured_media":551211,"comment_status":"","ping_status":"","sticky":false,"template":"","format":"standard","meta":{"footnotes":""},"categories":[2815],"tags":[1111,11,1777,674,5915,118,1011,27,811,1307,12,1072,2852,25],"class_list":{"0":"post-551210","1":"post","2":"type-post","3":"status-publish","4":"format-standard","5":"has-post-thumbnail","7":"category-lille","8":"tag-actu","9":"tag-actualites","10":"tag-eu","11":"tag-europe","12":"tag-exces-de-vitesse","13":"tag-faits-divers","14":"tag-fr","15":"tag-france","16":"tag-hauts-de-france","17":"tag-lille","18":"tag-news","19":"tag-police","20":"tag-refus-dobtemperer","21":"tag-republique-francaise"},"share_on_mastodon":{"url":"https:\/\/pubeurope.com\/@fr\/115593133735733741","error":""},"_links":{"self":[{"href":"https:\/\/www.europesays.com\/fr\/wp-json\/wp\/v2\/posts\/551210","targetHints":{"allow":["GET"]}}],"collection":[{"href":"https:\/\/www.europesays.com\/fr\/wp-json\/wp\/v2\/posts"}],"about":[{"href":"https:\/\/www.europesays.com\/fr\/wp-json\/wp\/v2\/types\/post"}],"author":[{"embeddable":true,"href":"https:\/\/www.europesays.com\/fr\/wp-json\/wp\/v2\/users\/2"}],"replies":[{"embeddable":true,"href":"https:\/\/www.europesays.com\/fr\/wp-json\/wp\/v2\/comments?post=551210"}],"version-history":[{"count":0,"href":"https:\/\/www.europesays.com\/fr\/wp-json\/wp\/v2\/posts\/551210\/revisions"}],"wp:featuredmedia":[{"embeddable":true,"href":"https:\/\/www.europesays.com\/fr\/wp-json\/wp\/v2\/media\/551211"}],"wp:attachment":[{"href":"https:\/\/www.europesays.com\/fr\/wp-json\/wp\/v2\/media?parent=551210"}],"wp:term":[{"taxonomy":"category","embeddable":true,"href":"https:\/\/www.europesays.com\/fr\/wp-json\/wp\/v2\/categories?post=551210"},{"taxonomy":"post_tag","embeddable":true,"href":"https:\/\/www.europesays.com\/fr\/wp-json\/wp\/v2\/tags?post=551210"}],"curies":[{"name":"wp","href":"https:\/\/api.w.org\/{rel}","templated":true}]}}