{"id":551216,"date":"2025-11-22T11:35:16","date_gmt":"2025-11-22T11:35:16","guid":{"rendered":"https:\/\/www.europesays.com\/fr\/551216\/"},"modified":"2025-11-22T11:35:16","modified_gmt":"2025-11-22T11:35:16","slug":"hommages-non-au-narcotrafic-en-direct-le-rassemblement-de-ce-samedi-a-marseille","status":"publish","type":"post","link":"https:\/\/www.europesays.com\/fr\/551216\/","title":{"rendered":"hommages, \u00ab\u00a0non\u00a0\u00bb au narcotrafic&#8230; en direct le rassemblement de ce samedi \u00e0 Marseille"},"content":{"rendered":"<p>\u00ab\u00a0Levez-vous, battons-nous, il faut aujourd&rsquo;hui que plus de 100 000 personnes se mobilisent\u00a0\u00bb<\/p>\n<p>Amine Kessaci souhaite voir une mar\u00e9e humaine <a href=\"https:\/\/www.laprovence.com\/article\/region\/4831579786640614\/amine-kessaci-appelle-a-participer-a-la-manifestation-contre-le-narcotrafic-a-marseille-je-vous-attends-nombreux\" target=\"_blank\" rel=\"noopener\">dire \u00ab\u00a0non\u00a0\u00bb au narcotrafic<\/a> ce samedi 22 novembre, 10 jours apr\u00e8s l&rsquo;assassinat de son fr\u00e8re Mehdi. Une manifestation statique, voire une marche blanche, aura lieu \u00e0 partir de 15h au rond-point Claudie Darcy \u00e0 Marseille.\u00a0<\/p>\n","protected":false},"excerpt":{"rendered":"\u00ab\u00a0Levez-vous, battons-nous, il faut aujourd&rsquo;hui que plus de 100 000 personnes se mobilisent\u00a0\u00bb Amine Kessaci souhaite voir une&hellip;\n","protected":false},"author":2,"featured_media":551217,"comment_status":"","ping_status":"","sticky":false,"template":"","format":"standard","meta":{"footnotes":""},"categories":[2814],"tags":[1111,11,66843,1777,674,1011,27,2088,884,8721,12,882,25],"class_list":{"0":"post-551216","1":"post","2":"type-post","3":"status-publish","4":"format-standard","5":"has-post-thumbnail","7":"category-marseille","8":"tag-actu","9":"tag-actualites","10":"tag-assassinat-de-mehdi-kessaci","11":"tag-eu","12":"tag-europe","13":"tag-fr","14":"tag-france","15":"tag-manifestation","16":"tag-marseille","17":"tag-narcotrafic","18":"tag-news","19":"tag-provence-alpes-cote-dazur","20":"tag-republique-francaise"},"share_on_mastodon":{"url":"","error":""},"_links":{"self":[{"href":"https:\/\/www.europesays.com\/fr\/wp-json\/wp\/v2\/posts\/551216","targetHints":{"allow":["GET"]}}],"collection":[{"href":"https:\/\/www.europesays.com\/fr\/wp-json\/wp\/v2\/posts"}],"about":[{"href":"https:\/\/www.europesays.com\/fr\/wp-json\/wp\/v2\/types\/post"}],"author":[{"embeddable":true,"href":"https:\/\/www.europesays.com\/fr\/wp-json\/wp\/v2\/users\/2"}],"replies":[{"embeddable":true,"href":"https:\/\/www.europesays.com\/fr\/wp-json\/wp\/v2\/comments?post=551216"}],"version-history":[{"count":0,"href":"https:\/\/www.europesays.com\/fr\/wp-json\/wp\/v2\/posts\/551216\/revisions"}],"wp:featuredmedia":[{"embeddable":true,"href":"https:\/\/www.europesays.com\/fr\/wp-json\/wp\/v2\/media\/551217"}],"wp:attachment":[{"href":"https:\/\/www.europesays.com\/fr\/wp-json\/wp\/v2\/media?parent=551216"}],"wp:term":[{"taxonomy":"category","embeddable":true,"href":"https:\/\/www.europesays.com\/fr\/wp-json\/wp\/v2\/categories?post=551216"},{"taxonomy":"post_tag","embeddable":true,"href":"https:\/\/www.europesays.com\/fr\/wp-json\/wp\/v2\/tags?post=551216"}],"curies":[{"name":"wp","href":"https:\/\/api.w.org\/{rel}","templated":true}]}}