{"id":551218,"date":"2025-11-22T11:36:13","date_gmt":"2025-11-22T11:36:13","guid":{"rendered":"https:\/\/www.europesays.com\/fr\/551218\/"},"modified":"2025-11-22T11:36:13","modified_gmt":"2025-11-22T11:36:13","slug":"rhone-au-nord-de-lyon-la-bagarre-entre-deux-freres-se-termine-a-coups-de-couteau","status":"publish","type":"post","link":"https:\/\/www.europesays.com\/fr\/551218\/","title":{"rendered":"Rh\u00f4ne. Au nord de Lyon, la bagarre entre deux fr\u00e8res se termine \u00e0 coups de couteau"},"content":{"rendered":"<p>Que s\u2019est-il pass\u00e9 ce samedi matin \u00e0 Anse\u00a0? Selon les informations du Progr\u00e8s, un diff\u00e9rend entre deux fr\u00e8res aurait d\u00e9g\u00e9n\u00e9r\u00e9 dans une habitation. Un adolescent a \u00e9t\u00e9 bless\u00e9 \u00e0 l\u2019arme blanche, nous confirme le parquet de Villefranche-sur-Sa\u00f4ne.<\/p>\n<p>Le plus jeune des deux fr\u00e8res, \u00e2g\u00e9 de 14 ans, aurait ass\u00e9n\u00e9 plusieurs coups de couteau \u00e0 son a\u00een\u00e9, \u00e2g\u00e9 de 15 ans. La victime aurait \u00e9t\u00e9 touch\u00e9e au niveau de la t\u00eate et du dos, avec une plaie plus importante au niveau de la clavicule.<\/p>\n<p>Ce contenu est bloqu\u00e9 car vous n&rsquo;avez pas accept\u00e9 les cookies et autres traceurs.<\/p>\n<p>En cliquant sur \u00ab J\u2019accepte \u00bb, les cookies et autres traceurs seront d\u00e9pos\u00e9s et vous pourrez visualiser les contenus  (<a href=\"\" class=\"consentModule_policy\" target=\"_blank\" title=\"Consulter la politique de protection des donn\u00e9es du fournisseur\">plus d&rsquo;informations<\/a>).<\/p>\n<p>En cliquant sur \u00ab J\u2019accepte tous les cookies \u00bb, vous autorisez des d\u00e9p\u00f4ts de cookies et autres traceurs pour le stockage de vos donn\u00e9es sur nos sites et applications \u00e0 des fins de personnalisation et de ciblage publicitaire.<\/p>\n<p class=\"consentModule_secondaryText\">Vous gardez la possibilit\u00e9 de retirer votre consentement \u00e0 tout moment en consultant notre <a href=\"https:\/\/www.leprogres.fr\/protection-des-donnees\" target=\"_blank\" title=\"Consulter notre politique de protection des donn\u00e9es\" rel=\"noopener\">politique de protection des donn\u00e9es<\/a>. <br \/>&#13;<br \/>\n            <a href=\"https:\/\/www.leprogres.fr\/faits-divers-justice\/2025\/11\/22\/javascript:Didomi.notice.show()\" class=\"consentModule_cmp\" target=\"_blank\" rel=\"noopener\">G\u00e9rer mes choix<\/a>&#13;\n        <\/p>\n<p>&#13;<br \/>\n                        J&rsquo;accepte&#13;<br \/>\n            J&rsquo;accepte tous les cookies&#13;\n        <\/p>\n<p>  Les deux fr\u00e8res hospitalis\u00e9s<\/p>\n<p>Les gendarmes, les pompiers et le Samu sont intervenus sur place. L\u2019h\u00e9licopt\u00e8re des secours a \u00e9galement \u00e9t\u00e9 d\u00e9p\u00each\u00e9 pour \u00e9vacuer la victime. \u00ab\u00a0Son pronostic vital n\u2019a pas \u00e9t\u00e9 engag\u00e9\u00a0\u00bb, pr\u00e9cise le parquet, ajoutant que le second\u00a0fr\u00e8re a lui aussi \u00e9t\u00e9 conduit \u00e0 l\u2019h\u00f4pital.<\/p>\n<p>\u00ab\u00a0Une enqu\u00eate est en cours et des auditions auront lieu \u00e0 leur sortie de l\u2019h\u00f4pital pour comprendre le d\u00e9roul\u00e9 pr\u00e9cis des faits\u00a0\u00bb, termine le parquet.<\/p>\n","protected":false},"excerpt":{"rendered":"Que s\u2019est-il pass\u00e9 ce samedi matin \u00e0 Anse\u00a0? Selon les informations du Progr\u00e8s, un diff\u00e9rend entre deux fr\u00e8res&hellip;\n","protected":false},"author":2,"featured_media":551219,"comment_status":"","ping_status":"","sticky":false,"template":"","format":"standard","meta":{"footnotes":""},"categories":[1889],"tags":[1111,11,42403,42404,2430,271,272,3156,1777,674,274,107,1011,27,2428,12,25,2429,104],"class_list":{"0":"post-551218","1":"post","2":"type-post","3":"status-publish","4":"format-standard","5":"has-post-thumbnail","7":"category-lyon","8":"tag-actu","9":"tag-actualites","10":"tag-anse","11":"tag-anse-bassin","12":"tag-auvergne-rhone-alpes","13":"tag-crime","14":"tag-delit-et-contravention","15":"tag-edition-villefranche","16":"tag-eu","17":"tag-europe","18":"tag-faits-divers-justice","19":"tag-fil-info","20":"tag-fr","21":"tag-france","22":"tag-lyon","23":"tag-news","24":"tag-republique-francaise","25":"tag-rhone","26":"tag-societe"},"share_on_mastodon":{"url":"https:\/\/pubeurope.com\/@fr\/115593149404876249","error":""},"_links":{"self":[{"href":"https:\/\/www.europesays.com\/fr\/wp-json\/wp\/v2\/posts\/551218","targetHints":{"allow":["GET"]}}],"collection":[{"href":"https:\/\/www.europesays.com\/fr\/wp-json\/wp\/v2\/posts"}],"about":[{"href":"https:\/\/www.europesays.com\/fr\/wp-json\/wp\/v2\/types\/post"}],"author":[{"embeddable":true,"href":"https:\/\/www.europesays.com\/fr\/wp-json\/wp\/v2\/users\/2"}],"replies":[{"embeddable":true,"href":"https:\/\/www.europesays.com\/fr\/wp-json\/wp\/v2\/comments?post=551218"}],"version-history":[{"count":0,"href":"https:\/\/www.europesays.com\/fr\/wp-json\/wp\/v2\/posts\/551218\/revisions"}],"wp:featuredmedia":[{"embeddable":true,"href":"https:\/\/www.europesays.com\/fr\/wp-json\/wp\/v2\/media\/551219"}],"wp:attachment":[{"href":"https:\/\/www.europesays.com\/fr\/wp-json\/wp\/v2\/media?parent=551218"}],"wp:term":[{"taxonomy":"category","embeddable":true,"href":"https:\/\/www.europesays.com\/fr\/wp-json\/wp\/v2\/categories?post=551218"},{"taxonomy":"post_tag","embeddable":true,"href":"https:\/\/www.europesays.com\/fr\/wp-json\/wp\/v2\/tags?post=551218"}],"curies":[{"name":"wp","href":"https:\/\/api.w.org\/{rel}","templated":true}]}}