{"id":551220,"date":"2025-11-22T11:37:21","date_gmt":"2025-11-22T11:37:21","guid":{"rendered":"https:\/\/www.europesays.com\/fr\/551220\/"},"modified":"2025-11-22T11:37:21","modified_gmt":"2025-11-22T11:37:21","slug":"lyon-shiyo-le-buffet-japonais-virtuel-mais-bien-reel-de-lhotel-dieu","status":"publish","type":"post","link":"https:\/\/www.europesays.com\/fr\/551220\/","title":{"rendered":"Lyon. Shiyo, le buffet japonais \u00ab\u00a0virtuel\u00a0\u00bb mais bien r\u00e9el de l\u2019H\u00f4tel-Dieu"},"content":{"rendered":"<p>Le Shiyo, le \u00ab\u00a0nouveau\u00a0\u00bb restaurant de l\u2019H\u00f4tel-Dieu de Lyon, ouvert depuis l\u2019\u00e9t\u00e9 dernier, a de quoi faire perdre tous ses rep\u00e8res\u00a0: c\u2019est un buffet mais sans grands pr\u00e9sentoirs en libre-service, \u00e0 volont\u00e9 mais dont les plats sont servis \u00e0 table, japonais mais fusion, avec cuisine ouverte, dans un immense espace d\u00e9cor\u00e9 de guirlandes \u00e9toil\u00e9es et de cerisiers en fleurs\u2026<\/p>\n<p>C\u2019est exactement ce que cherchaient \u00e0 faire ses g\u00e9rants, sp\u00e9cialistes de la restauration asiatique qui ont d\u00e9j\u00e0 plusieurs belles adresses \u00e0 Lyon\u00a0: surprendre, innover et apporter un nouveau concept aux Lyonnais. \u00ab\u00a0Il manquait une offre au niveau des restaurants japonais, tous ou presque sur le mode des franchises \u00e0 sushis, explique Vanessa&#8230;.<\/p>\n","protected":false},"excerpt":{"rendered":"Le Shiyo, le \u00ab\u00a0nouveau\u00a0\u00bb restaurant de l\u2019H\u00f4tel-Dieu de Lyon, ouvert depuis l\u2019\u00e9t\u00e9 dernier, a de quoi faire perdre&hellip;\n","protected":false},"author":2,"featured_media":551221,"comment_status":"","ping_status":"","sticky":false,"template":"","format":"standard","meta":{"footnotes":""},"categories":[1889],"tags":[1111,11,2430,1687,2757,1777,674,1011,27,2428,2756,6016,12,25,2429,3151],"class_list":{"0":"post-551220","1":"post","2":"type-post","3":"status-publish","4":"format-standard","5":"has-post-thumbnail","7":"category-lyon","8":"tag-actu","9":"tag-actualites","10":"tag-auvergne-rhone-alpes","11":"tag-culture-loisirs","12":"tag-edition-lyon-villeurbanne","13":"tag-eu","14":"tag-europe","15":"tag-fr","16":"tag-france","17":"tag-lyon","18":"tag-lyon-bassin","19":"tag-magazine-cuisine-et-vins","20":"tag-news","21":"tag-republique-francaise","22":"tag-rhone","23":"tag-selection-de-la-redaction-69"},"share_on_mastodon":{"url":"https:\/\/pubeurope.com\/@fr\/115593153276863610","error":""},"_links":{"self":[{"href":"https:\/\/www.europesays.com\/fr\/wp-json\/wp\/v2\/posts\/551220","targetHints":{"allow":["GET"]}}],"collection":[{"href":"https:\/\/www.europesays.com\/fr\/wp-json\/wp\/v2\/posts"}],"about":[{"href":"https:\/\/www.europesays.com\/fr\/wp-json\/wp\/v2\/types\/post"}],"author":[{"embeddable":true,"href":"https:\/\/www.europesays.com\/fr\/wp-json\/wp\/v2\/users\/2"}],"replies":[{"embeddable":true,"href":"https:\/\/www.europesays.com\/fr\/wp-json\/wp\/v2\/comments?post=551220"}],"version-history":[{"count":0,"href":"https:\/\/www.europesays.com\/fr\/wp-json\/wp\/v2\/posts\/551220\/revisions"}],"wp:featuredmedia":[{"embeddable":true,"href":"https:\/\/www.europesays.com\/fr\/wp-json\/wp\/v2\/media\/551221"}],"wp:attachment":[{"href":"https:\/\/www.europesays.com\/fr\/wp-json\/wp\/v2\/media?parent=551220"}],"wp:term":[{"taxonomy":"category","embeddable":true,"href":"https:\/\/www.europesays.com\/fr\/wp-json\/wp\/v2\/categories?post=551220"},{"taxonomy":"post_tag","embeddable":true,"href":"https:\/\/www.europesays.com\/fr\/wp-json\/wp\/v2\/tags?post=551220"}],"curies":[{"name":"wp","href":"https:\/\/api.w.org\/{rel}","templated":true}]}}