{"id":551222,"date":"2025-11-22T11:39:12","date_gmt":"2025-11-22T11:39:12","guid":{"rendered":"https:\/\/www.europesays.com\/fr\/551222\/"},"modified":"2025-11-22T11:39:12","modified_gmt":"2025-11-22T11:39:12","slug":"froid-lile-de-france-placee-en-vigilance-orange-meteo-france-actualites","status":"publish","type":"post","link":"https:\/\/www.europesays.com\/fr\/551222\/","title":{"rendered":"Froid: l&rsquo;Ile de France plac\u00e9e en vigilance orange (M\u00e9t\u00e9o France) : Actualit\u00e9s"},"content":{"rendered":"<p class=\"lead \">L&rsquo;ensemble des d\u00e9partements de l&rsquo;Ile de France seront plac\u00e9s en vigilance orange neige\/verglas par M\u00e9t\u00e9o France dans la nuit de samedi \u00e0 dimanche, qui s&rsquo;attend \u00e0 des chutes de neige dans la soir\u00e9e pour les huit d\u00e9partements.<\/p>\n<p class=\"lead \">\u00ab\u00a0En soir\u00e9e de samedi et cours de nuit de samedi \u00e0 dimanche, la pr\u00e9sence d&rsquo;air froid favorisera les pr\u00e9cipitations neigeuses\u00a0\u00bb a indiqu\u00e9 l&rsquo;agence m\u00e9t\u00e9orologique dans son bulletin de 06H00. <\/p>\n<p class=\"lead \">La vigilance orange s&rsquo;applique \u00e0 partir de 20H00 jusqu&rsquo;\u00e0 dimanche matin, 08H00.<\/p>\n<p class=\"lead \">\u00ab\u00a0Un perturbation pluvieuse rentre par la Bretagne\u00a0\u00bb explique M\u00e9t\u00e9o France, elle \u00ab\u00a0va progresser lentement vers l&rsquo;est et (&#8230;) abordera une large bande centrale du pays\u00a0\u00bb. <\/p>\n<p class=\"lead \">\u00ab\u00a0Au contact de l&rsquo;air plus froid, les pr\u00e9cipitations se feront sous forme de neige ou localement de pluies vergla\u00e7antes\u00a0\u00bb souligne la m\u00eame source.<\/p>\n<p class=\"lead \">\u00ab\u00a0La tenue au sol est attendue avec 5 \u00e0 7 cm sur la moiti\u00e9 ouest de la r\u00e9gion parisienne et 2 \u00e0 5 cm sur la moiti\u00e9 est. Pour Paris et la Petite-Couronne, 1 \u00e0 2 cm de neige au sol sont attendus,\u00a0\u00bb selon le site de M\u00e9t\u00e9o France, qui pr\u00e9cise que la neige devrait \u00ab\u00a0fondre \u00e0 partir de la mi-journ\u00e9e \u00e0 la faveur d&rsquo;un net redoux\u00a0\u00bb.<\/p>\n<p class=\"lead \">Par ailleurs, le statut de vigilance des d\u00e9partements de l&rsquo;Auvergne, en jaune pour l&rsquo;heure, pourrait \u00e9voluer, pr\u00e9vient l&rsquo;agence, en raison de \u00ab\u00a0pluies vergla\u00e7antes assez \u00e9tendue\u00a0\u00bb.<\/p>\n<p class=\"lead \">Alors que le pays est touch\u00e9 par une masse d&rsquo;air froid, les chutes de neige de samedi repr\u00e9sentent le premier \u00e9pisode neigeux de l&rsquo;hiver, d\u00e9crit comme \u00ab\u00a0assez bref\u00a0\u00bb mais pouvant \u00ab\u00a0impacter l&rsquo;activit\u00e9 humaine\u00a0\u00bb.<\/p>\n<p class=\"small font-weight-bold text-gray3 \"> publi\u00e9 le 22 novembre \u00e0 12h07, AFP<\/p>\n<p>                             Partager<\/p>\n","protected":false},"excerpt":{"rendered":"L&rsquo;ensemble des d\u00e9partements de l&rsquo;Ile de France seront plac\u00e9s en vigilance orange neige\/verglas par M\u00e9t\u00e9o France dans la&hellip;\n","protected":false},"author":2,"featured_media":551223,"comment_status":"","ping_status":"","sticky":false,"template":"","format":"standard","meta":{"footnotes":""},"categories":[1592],"tags":[1111,11,1777,674,1011,27,662,24017,12,626,25],"class_list":{"0":"post-551222","1":"post","2":"type-post","3":"status-publish","4":"format-standard","5":"has-post-thumbnail","7":"category-ile-de-france","8":"tag-actu","9":"tag-actualites","10":"tag-eu","11":"tag-europe","12":"tag-fr","13":"tag-france","14":"tag-ile-de-france","15":"tag-mto","16":"tag-news","17":"tag-paris","18":"tag-republique-francaise"},"share_on_mastodon":{"url":"https:\/\/pubeurope.com\/@fr\/115593161232277811","error":""},"_links":{"self":[{"href":"https:\/\/www.europesays.com\/fr\/wp-json\/wp\/v2\/posts\/551222","targetHints":{"allow":["GET"]}}],"collection":[{"href":"https:\/\/www.europesays.com\/fr\/wp-json\/wp\/v2\/posts"}],"about":[{"href":"https:\/\/www.europesays.com\/fr\/wp-json\/wp\/v2\/types\/post"}],"author":[{"embeddable":true,"href":"https:\/\/www.europesays.com\/fr\/wp-json\/wp\/v2\/users\/2"}],"replies":[{"embeddable":true,"href":"https:\/\/www.europesays.com\/fr\/wp-json\/wp\/v2\/comments?post=551222"}],"version-history":[{"count":0,"href":"https:\/\/www.europesays.com\/fr\/wp-json\/wp\/v2\/posts\/551222\/revisions"}],"wp:featuredmedia":[{"embeddable":true,"href":"https:\/\/www.europesays.com\/fr\/wp-json\/wp\/v2\/media\/551223"}],"wp:attachment":[{"href":"https:\/\/www.europesays.com\/fr\/wp-json\/wp\/v2\/media?parent=551222"}],"wp:term":[{"taxonomy":"category","embeddable":true,"href":"https:\/\/www.europesays.com\/fr\/wp-json\/wp\/v2\/categories?post=551222"},{"taxonomy":"post_tag","embeddable":true,"href":"https:\/\/www.europesays.com\/fr\/wp-json\/wp\/v2\/tags?post=551222"}],"curies":[{"name":"wp","href":"https:\/\/api.w.org\/{rel}","templated":true}]}}