{"id":551224,"date":"2025-11-22T11:40:12","date_gmt":"2025-11-22T11:40:12","guid":{"rendered":"https:\/\/www.europesays.com\/fr\/551224\/"},"modified":"2025-11-22T11:40:12","modified_gmt":"2025-11-22T11:40:12","slug":"apres-une-course-poursuite-avec-la-police-en-plein-centre-de-paris-la-fouille-de-sa-voiture-aggrave-son-cas","status":"publish","type":"post","link":"https:\/\/www.europesays.com\/fr\/551224\/","title":{"rendered":"Apr\u00e8s une course-poursuite avec la police en plein centre de Paris, la fouille de sa voiture aggrave son cas"},"content":{"rendered":"<p>                    Par<br \/>\n        <strong><br \/>\n            <a href=\"https:\/\/actu.fr\/auteur\/antoine-grotteria02\" title=\"Consulter tous les articles de Antoine Grotteria\" rel=\"nofollow noopener\" target=\"_blank\">Antoine Grotteria<\/a><br \/>\n                    <\/strong><\/p>\n<p>        Publi\u00e9 le<\/p>\n<p>            22 nov. 2025 \u00e0 12h12        <\/p>\n<p>Une course-poursuite en plein Paris apr\u00e8s un <a href=\"https:\/\/actu.fr\/tag\/refus-d-obtemperer\" rel=\"nofollow noopener\" target=\"_blank\">refus d\u2019obtemp\u00e9rer<\/a>. Ce vendredi 21\u00a0novembre 2025, un homme a \u00e9t\u00e9 <strong>poursuivi par la police<\/strong> apr\u00e8s que ce dernier a refus\u00e9 d\u2019arr\u00eater sa voiture lors d\u2019un <strong>contr\u00f4le<\/strong> survenu dans les rues de la capitale, a indiqu\u00e9 le syndicat de police UN1T\u00c9 75 sur les <a href=\"https:\/\/actu.fr\/tag\/reseaux-sociaux\" rel=\"nofollow noopener\" target=\"_blank\">r\u00e9seaux sociaux<\/a>. Le parquet de Paris a fait savoir \u00e0 actu Paris que cet <strong>homme de 33\u00a0ans<\/strong> avait \u00e9t\u00e9 <strong>interpell\u00e9<\/strong> puis plac\u00e9 en <strong>garde \u00e0 vue<\/strong>.<\/p>\n<p>Une enqu\u00eate ouverte<\/p>\n<p class=\" wall-content\">Les faits se sont d\u00e9roul\u00e9s dans le 4e arrondissement. Le conducteur s\u2019est d\u00e9lib\u00e9r\u00e9ment soustrait \u00e0 un contr\u00f4le, avant de rouler \u00e0 <strong>contresens<\/strong> \u00e0 une vitesse sup\u00e9rieure \u00e0 la r\u00e9glementation. Pris en chasse par les forces de l\u2019ordre, il a abandonn\u00e9 sa voiture pour <strong>fuir \u00e0 pied<\/strong>. Il a finalement \u00e9t\u00e9 arr\u00eat\u00e9 par des motocyclistes, selon UN1T\u00c9 75.<\/p>\n<p>    <a href=\"https:\/\/www.facebook.com\/plugins\/post.php?href=https%3A%2F%2Fwww.facebook.com%2Funitesgp75%2Fposts%2Fpfbid0WcEYjR5mmpmS7hyvn3WuEcAfjJGbYKrhtVDCdnUU9wtt4b4rAoSYUvXJRerEu69Fl&amp;show_text=true&amp;width=350\" title=\"Ouvrie le lien\" rel=\"nofollow noopener\" target=\"_blank\">Cliquez ici pour visualiser le contenu<\/a><\/p>\n<p class=\" wall-content\">Son cas ne s\u2019est pas arrang\u00e9 avec la fouille du v\u00e9hicule. Car les policiers ont d\u00e9couvert un <strong>couteau<\/strong> et une <strong>arme de poing<\/strong>. Le minist\u00e8re public indique qu\u2019une <strong>enqu\u00eate<\/strong> est en cours pour refus d\u2019obtemp\u00e9rer, tentative d\u2019homicide volontaire sur personne d\u00e9positaire de l\u2019autorit\u00e9 publique, infraction \u00e0 la l\u00e9gislation sur les armes et sur les stup\u00e9fiants. Elle a \u00e9t\u00e9 confi\u00e9e au 1er district de police judiciaire de Paris.<\/p>\n<p class=\" wall-content\">Personnalisez votre actualit\u00e9 en ajoutant vos villes et m\u00e9dias en favori avec <a href=\"https:\/\/moncompte.actu.fr\" title=\"D\u00e9couvez Mon Actu\" rel=\"nofollow noopener\" data-trk=\"{&quot;cta&quot;:{&quot;action&quot;:&quot;https:\\\/\\\/moncompte.actu.fr&quot;,&quot;category&quot;:&quot;mon compte&quot;,&quot;from&quot;:&quot;article footer&quot;,&quot;name&quot;:&quot;Mon actu&quot;,&quot;type&quot;:&quot;cta&quot;}}\" target=\"_blank\">Mon Actu<\/a>.<\/p>\n","protected":false},"excerpt":{"rendered":"Par Antoine Grotteria Publi\u00e9 le 22 nov. 2025 \u00e0 12h12 Une course-poursuite en plein Paris apr\u00e8s un refus&hellip;\n","protected":false},"author":2,"featured_media":551225,"comment_status":"","ping_status":"","sticky":false,"template":"","format":"standard","meta":{"footnotes":""},"categories":[1888],"tags":[1111,1928,11,1927,1777,674,118,1011,27,12,1926,626,1925,1072,2852,25,4595],"class_list":{"0":"post-551224","1":"post","2":"type-post","3":"status-publish","4":"format-standard","5":"has-post-thumbnail","7":"category-paris","8":"tag-actu","9":"tag-actu-paris","10":"tag-actualites","11":"tag-actualites-paris","12":"tag-eu","13":"tag-europe","14":"tag-faits-divers","15":"tag-fr","16":"tag-france","17":"tag-news","18":"tag-news-paris","19":"tag-paris","20":"tag-paris-news","21":"tag-police","22":"tag-refus-dobtemperer","23":"tag-republique-francaise","24":"tag-tribunal-de-paris"},"share_on_mastodon":{"url":"https:\/\/pubeurope.com\/@fr\/115593165378769197","error":""},"_links":{"self":[{"href":"https:\/\/www.europesays.com\/fr\/wp-json\/wp\/v2\/posts\/551224","targetHints":{"allow":["GET"]}}],"collection":[{"href":"https:\/\/www.europesays.com\/fr\/wp-json\/wp\/v2\/posts"}],"about":[{"href":"https:\/\/www.europesays.com\/fr\/wp-json\/wp\/v2\/types\/post"}],"author":[{"embeddable":true,"href":"https:\/\/www.europesays.com\/fr\/wp-json\/wp\/v2\/users\/2"}],"replies":[{"embeddable":true,"href":"https:\/\/www.europesays.com\/fr\/wp-json\/wp\/v2\/comments?post=551224"}],"version-history":[{"count":0,"href":"https:\/\/www.europesays.com\/fr\/wp-json\/wp\/v2\/posts\/551224\/revisions"}],"wp:featuredmedia":[{"embeddable":true,"href":"https:\/\/www.europesays.com\/fr\/wp-json\/wp\/v2\/media\/551225"}],"wp:attachment":[{"href":"https:\/\/www.europesays.com\/fr\/wp-json\/wp\/v2\/media?parent=551224"}],"wp:term":[{"taxonomy":"category","embeddable":true,"href":"https:\/\/www.europesays.com\/fr\/wp-json\/wp\/v2\/categories?post=551224"},{"taxonomy":"post_tag","embeddable":true,"href":"https:\/\/www.europesays.com\/fr\/wp-json\/wp\/v2\/tags?post=551224"}],"curies":[{"name":"wp","href":"https:\/\/api.w.org\/{rel}","templated":true}]}}