{"id":551226,"date":"2025-11-22T11:41:12","date_gmt":"2025-11-22T11:41:12","guid":{"rendered":"https:\/\/www.europesays.com\/fr\/551226\/"},"modified":"2025-11-22T11:41:12","modified_gmt":"2025-11-22T11:41:12","slug":"quand-tarrives-a-paris-apres-des-annees-dans-le-sud-alexandra-lamy-a-du-abandonner-un-element-typique-de-la-region-2","status":"publish","type":"post","link":"https:\/\/www.europesays.com\/fr\/551226\/","title":{"rendered":"\u00ab\u00a0Quand t&rsquo;arrives \u00e0 Paris\u00a0\u00bb : Apr\u00e8s des ann\u00e9es dans le Sud, Alexandra Lamy a d\u00fb abandonner un \u00e9l\u00e9ment typique de la r\u00e9gion"},"content":{"rendered":"<p class=\"mb-4 text-lg md:leading-8 break-words\">En quittant le Sud pour tenter sa chance \u00e0 Paris, Alexandra Lamy s\u2019est retrouv\u00e9e confront\u00e9e \u00e0 un v\u00e9ritable d\u00e9fi pour mener sa carri\u00e8re d\u2019actrice. Un passage oblig\u00e9, exigeant et parfois d\u00e9stabilisant, qu\u2019elle \u00e9voque aujourd\u2019hui avec sinc\u00e9rit\u00e9, entre rires, souvenirs et fid\u00e9lit\u00e9 \u00e0 ses racines.<\/p>\n<p class=\"mb-4 text-lg md:leading-8 break-words\">N\u00e9e le 14 octobre 1971 \u00e0 Villecresnes, <a href=\"https:\/\/www.purepeople.com\/people\/alexandra-lamy_p466\" rel=\"nofollow noopener\" target=\"_blank\" data-ylk=\"slk:Alexandra Lamy;elm:context_link;itc:0;sec:content-canvas\" class=\"link \">Alexandra Lamy<\/a> commence sa vie dans le Val-de-Marne avant de grandir dans le sud, plus pr\u00e9cis\u00e9ment dans le Gard. C\u2019est d\u2019ailleurs l\u00e0, \u00e0 Anduze, qu\u2019elle avait choisi <a href=\"https:\/\/fr.news.yahoo.com\/alexandra-lamy-jean-dujardin-mari%C3%A9s-154000780.html\" data-ylk=\"slk:d\u2019\u00e9pouser Jean Dujardin;elm:context_link;itc:0;sec:content-canvas;outcm:mb_qualified_link;_E:mb_qualified_link;ct:story;\" class=\"link  yahoo-link\" target=\"_blank\" rel=\"noopener\">d\u2019\u00e9pouser Jean Dujardin<\/a> en 2009. En pleine promotion du film Jean Valjean r\u00e9alis\u00e9 par Eric Besnard, dans lequel elle incarne Magloire,<strong> la <\/strong><a href=\"https:\/\/fr.news.yahoo.com\/photos-chlo%C3%A9-jouannet-m%C3%A8re-alexandra-072400108.html\" data-ylk=\"slk:m\u00e8re de Chlo\u00e9 Jouannet;elm:context_link;itc:0;sec:content-canvas;outcm:mb_qualified_link;_E:mb_qualified_link;ct:story;\" class=\"link  yahoo-link\" target=\"_blank\" rel=\"noopener\"><strong>m\u00e8re de Chlo\u00e9 Jouannet<\/strong><\/a><strong> confie avoir \u00e9prouv\u00e9 de grandes difficult\u00e9s \u00e0 perdre son accent lorsqu\u2019elle est arriv\u00e9e \u00e0 Paris.<\/strong> Une n\u00e9cessit\u00e9 absolue, selon la com\u00e9dienne de 54 ans, qui estime qu\u2019elle n\u2019aurait pas pu exercer son m\u00e9tier avec un accent \u00e0 couper au couteau.<\/p>\n<p class=\"mb-4 text-lg md:leading-8 break-words\"><strong>\u00ab\u00a0<\/strong><strong>Le plus dur \u00e7a a \u00e9t\u00e9 de perdre un accent. Moi j&rsquo;avais un accent du Sud mais horrible. Horrible, mais horrible !\u00a0\u00bb<\/strong>, raconte la s\u0153ur d\u2019<a href=\"https:\/\/www.purepeople.com\/people\/audrey-lamy_p2138\" rel=\"nofollow noopener\" target=\"_blank\" data-ylk=\"slk:Audrey Lamy;elm:context_link;itc:0;sec:content-canvas\" class=\"link \">Audrey Lamy<\/a> face aux journalistes de On Time Officiel. \u00ab\u00a0C&rsquo;\u00e9tait joli non il \u00e9tait pas horrible\u00a0\u00bb, tente de la rassurer <a href=\"https:\/\/www.purepeople.com\/people\/isabelle-carre_p403\" rel=\"nofollow noopener\" target=\"_blank\" data-ylk=\"slk:Isabelle Carr\u00e9;elm:context_link;itc:0;sec:content-canvas\" class=\"link \">Isabelle Carr\u00e9<\/a>, qui pr\u00eate ses traits \u00e0 Baptistine dans Jean Valjean. <strong>\u00ab\u00a0Oui mais quand t&rsquo;arrives \u00e0 Paris et que tu veux faire du th\u00e9\u00e2tre, tu peux pas faire du Shakespeare, tu vois, en parlant comme \u00e7a quoi, c&rsquo;est un peu compliqu\u00e9\u00a0\u00bb<\/strong>, s\u2019amuse l\u2019<a href=\"https:\/\/fr.news.yahoo.com\/alexandra-lamy-thomas-jouannet-inconscients-174000423.html\" data-ylk=\"slk:ancienne compagne de Thomas Jouannet;elm:context_link;itc:0;sec:content-canvas;outcm:mb_qualified_link;_E:mb_qualified_link;ct:story;\" class=\"link  yahoo-link\" target=\"_blank\" rel=\"noopener\">ancienne compagne de Thomas Jouannet<\/a>.<\/p>\n<p class=\"mb-4 text-lg md:leading-8 break-words\">Alexandra Lamy : un accent du Sud difficile \u00e0 apprivoiser<\/p>\n<p class=\"mb-4 text-lg md:leading-8 break-words\">Celle qui s\u2019est <a href=\"https:\/\/www.purepeople.com\/article\/alexandra-lamy-a-londres-apres-la-rupture-j-ai-beaucoup-pleure_a277036\/1\" rel=\"nofollow noopener\" target=\"_blank\" data-ylk=\"slk:install\u00e9e un temps \u00e0 Londres;elm:context_link;itc:0;sec:content-canvas\" class=\"link \">install\u00e9e un temps \u00e0 Londres<\/a> avec sa fille apr\u00e8s <a href=\"https:\/\/fr.news.yahoo.com\/alexandra-lamy-pote-seins-jean-171900576.html\" data-ylk=\"slk:sa rupture avec Jean Dujardin;elm:context_link;itc:0;sec:content-canvas;outcm:mb_qualified_link;_E:mb_qualified_link;ct:story;\" class=\"link  yahoo-link\" target=\"_blank\" rel=\"noopener\">sa rupture avec Jean Dujardin<\/a> raconte avoir m\u00eame trouv\u00e9 des stratag\u00e8mes pour masquer cet accent qu\u2019elle n\u2019arrivait pas \u00e0 effacer sur certains sons. \u00ab\u00a0Et donc j&rsquo;avais des trucs o\u00f9 m\u00eame parfois les gens ne me comprenaient pas. \u201cJe veux bien du pain\u201d, Pardon ? Du pain ?\u00a0\u00bb, dit-elle, en imitant son accent du Sud d\u2019autrefois. \u00ab\u00a0Et donc <strong>il y avait des trucs o\u00f9 je faisais hyper attention, tout ce qui \u00e9tait en \u201cen\u201d. Donc j&rsquo;\u00e9vitais de dire on se retrouve maintenant. Maintenant c&rsquo;\u00e9tait l&rsquo;enfer. Donc on se retrouve tout de suite. Je devais changer les petits mots pour \u00e9viter qu&rsquo;on m&rsquo;entende. <\/strong>C&rsquo;\u00e9tait le plus dur, c&rsquo;\u00e9tait d&rsquo;enlever un accent, c&rsquo;est tr\u00e8s dur d&rsquo;enlever un accent. C&rsquo;est long, c&rsquo;est long, mais on \u00e9tait au conservatoire et on ne faisait pas passer une phrase sans qu&rsquo;on l&rsquo;ait quoi et c&rsquo;est dur\u00a0\u00bb, conclut-elle.<\/p>\n<p class=\"mb-4 text-lg md:leading-8 break-words\">Reste que, malgr\u00e9 son parcours, Alexandra Lamy demeure profond\u00e9ment attach\u00e9e \u00e0 sa r\u00e9gion d\u2019enfance, o\u00f9 <a href=\"https:\/\/fr.news.yahoo.com\/maison-dalexandra-lamy-situ%C3%A9e-village-072200627.html\" data-ylk=\"slk:elle poss\u00e8de toujours une maison;elm:context_link;itc:0;sec:content-canvas;outcm:mb_qualified_link;_E:mb_qualified_link;ct:story;\" class=\"link  yahoo-link\" target=\"_blank\" rel=\"noopener\">elle poss\u00e8de toujours une maison<\/a>. \u00ab\u00a0Dans les C\u00e9vennes, o\u00f9 j&rsquo;habite, c&rsquo;est magnifique. On peut y voir des rivi\u00e8res transparentes, des rochers blancs merveilleux, de pleines for\u00eats&#8230;\u00a0\u00bb, confiait-elle \u00e0 F\u00e9minin Psycho. \u00ab\u00a0J&rsquo;aime me ressourcer dans les C\u00e9vennes, dans ma maison, j&rsquo;en profite pour faire un peu de sport\u00a0\u00bb, d\u00e9clarait-elle \u00e9galement \u00e0 Sant\u00e9 Magazine.<\/p>\n<p class=\"mb-4 text-lg md:leading-8 break-words\">Une demeure qui offre une vue imprenable sur le pic Saint-Loup, majestueuse montagne de 658 m\u00e8tres d\u2019altitude, situ\u00e9e \u00e0 une vingtaine de kilom\u00e8tres au nord de Montpellier.<\/p>\n<p class=\"mb-4 text-lg md:leading-8 break-words\"><a href=\"https:\/\/www.purepeople.com\/article\/quand-tarrives-a-paris-apres-des-annees-dans-le-sud-alexandra-lamy-a-du-abandonner-un-element-typique-de-la-region_a544835\/1\" rel=\"nofollow noopener\" target=\"_blank\" data-ylk=\"slk:Article original sur Purepeople;elm:context_link;itc:0;sec:content-canvas\" class=\"link \">Article original sur Purepeople<\/a><\/p>\n","protected":false},"excerpt":{"rendered":"En quittant le Sud pour tenter sa chance \u00e0 Paris, Alexandra Lamy s\u2019est retrouv\u00e9e confront\u00e9e \u00e0 un v\u00e9ritable&hellip;\n","protected":false},"author":2,"featured_media":551227,"comment_status":"","ping_status":"","sticky":false,"template":"","format":"standard","meta":{"footnotes":""},"categories":[1888],"tags":[1111,1928,11,1927,4468,66844,1777,674,1011,27,218,35718,12,1926,626,1925,25],"class_list":{"0":"post-551226","1":"post","2":"type-post","3":"status-publish","4":"format-standard","5":"has-post-thumbnail","7":"category-paris","8":"tag-actu","9":"tag-actu-paris","10":"tag-actualites","11":"tag-actualites-paris","12":"tag-alexandra-lamy","13":"tag-eric-besnard","14":"tag-eu","15":"tag-europe","16":"tag-fr","17":"tag-france","18":"tag-jean-dujardin","19":"tag-le-sud","20":"tag-news","21":"tag-news-paris","22":"tag-paris","23":"tag-paris-news","24":"tag-republique-francaise"},"share_on_mastodon":{"url":"https:\/\/pubeurope.com\/@fr\/115593169162693263","error":""},"_links":{"self":[{"href":"https:\/\/www.europesays.com\/fr\/wp-json\/wp\/v2\/posts\/551226","targetHints":{"allow":["GET"]}}],"collection":[{"href":"https:\/\/www.europesays.com\/fr\/wp-json\/wp\/v2\/posts"}],"about":[{"href":"https:\/\/www.europesays.com\/fr\/wp-json\/wp\/v2\/types\/post"}],"author":[{"embeddable":true,"href":"https:\/\/www.europesays.com\/fr\/wp-json\/wp\/v2\/users\/2"}],"replies":[{"embeddable":true,"href":"https:\/\/www.europesays.com\/fr\/wp-json\/wp\/v2\/comments?post=551226"}],"version-history":[{"count":0,"href":"https:\/\/www.europesays.com\/fr\/wp-json\/wp\/v2\/posts\/551226\/revisions"}],"wp:featuredmedia":[{"embeddable":true,"href":"https:\/\/www.europesays.com\/fr\/wp-json\/wp\/v2\/media\/551227"}],"wp:attachment":[{"href":"https:\/\/www.europesays.com\/fr\/wp-json\/wp\/v2\/media?parent=551226"}],"wp:term":[{"taxonomy":"category","embeddable":true,"href":"https:\/\/www.europesays.com\/fr\/wp-json\/wp\/v2\/categories?post=551226"},{"taxonomy":"post_tag","embeddable":true,"href":"https:\/\/www.europesays.com\/fr\/wp-json\/wp\/v2\/tags?post=551226"}],"curies":[{"name":"wp","href":"https:\/\/api.w.org\/{rel}","templated":true}]}}