{"id":55123,"date":"2025-04-26T19:33:08","date_gmt":"2025-04-26T19:33:08","guid":{"rendered":"https:\/\/www.europesays.com\/fr\/55123\/"},"modified":"2025-04-26T19:33:08","modified_gmt":"2025-04-26T19:33:08","slug":"cest-termine-pour-montpellier-officiellement-relegue-en-ligue-2","status":"publish","type":"post","link":"https:\/\/www.europesays.com\/fr\/55123\/","title":{"rendered":"C\u2019est termin\u00e9 pour Montpellier, officiellement rel\u00e9gu\u00e9 en Ligue 2"},"content":{"rendered":"<p>Apr\u00e8s le match nul entre Le Havre et Monaco, Montpellier est officiellement rel\u00e9gu\u00e9 en Ligue 2.<\/p>\n<p class=\"fig-paragraph\">Champion de France en 2012 et install\u00e9 en Ligue 1 depuis plus de 15 ans, Montpellier a \u00e9t\u00e9 officiellement rel\u00e9gu\u00e9 samedi, avant m\u00eame son match contre Reims dimanche, aboutissement logique d\u2019un exercice rat\u00e9 de bout en bout par un club fragilis\u00e9 \u00e9conomiquement depuis quelques ann\u00e9es.<\/p>\n<p class=\"fig-paragraph\">Douze d\u00e9faites d\u2019affil\u00e9e depuis le mercato, 13 points de retard sur le premier non rel\u00e9gable, attaque \u00e0 l\u2019arr\u00eat (22 buts seulement), d\u00e9fense aux abonn\u00e9s absents, trois entra\u00eeneurs consomm\u00e9s: l\u2019\u00e9quipe montpelli\u00e9raine, tr\u00e8s t\u00f4t en difficult\u00e9, a plong\u00e9 \u00e0 pic en seconde moiti\u00e9 de saison, sans le moindre ressort, ni r\u00e9veil de cadres point\u00e9s du doigt.<\/p>\n<p class=\"fig-paragraph\">Samedi, c\u2019est le nul du\u00a0<a href=\"https:\/\/www.lefigaro.fr\/sports\/football\/live\/ligue-1\/2024\/2448674\/le-havre-monaco\" data-fig-type=\"Live\" data-gtm-custom-categorie=\"navigation\" data-gtm-custom-action=\"crossclick\" data-gtm-custom-label=\"Contextuel\" data-gtm-event=\"customEventSPE\" data-fig-domain=\"LEFIGARO\" target=\"_blank\" rel=\"noopener\">Havre contre Monaco<\/a>\u00a0(1-1) qui a condamn\u00e9 le club h\u00e9raultais: alors qu\u2019il ne leur reste que quatre matchs \u00e0 jouer, dont la r\u00e9ception de Reims dimanche, les Montpelli\u00e9rains ne peuvent plus rattraper les Normands, actuellement en position de barragistes.<\/p>\n<p class=\"fig-paragraph\">Mais cette saison manqu\u00e9e de A \u00e0 Z est aussi l\u2019aboutissement d\u2019un d\u00e9clin amorc\u00e9 depuis 2021 sous l\u2019effet du fiasco Mediapro et de la d\u00e9gradation des droits t\u00e9l\u00e9, desquels Montpellier, club de milieu de tableau, \u00e9tait tr\u00e8s d\u00e9pendant. Avec une affluence modeste au stade de la Mosson et la construction d\u2019une nouvelle enceinte repouss\u00e9e depuis dix ans, la famille Nicollin, propri\u00e9taire du club, n\u2019a pas r\u00e9ussi \u00e0 trouver d\u2019autres ressources et s\u2019est retrouv\u00e9e prise au pi\u00e8ge d\u2019une masse salariale trop importante, consacr\u00e9e \u00e0 des joueurs jamais \u00e0 la hauteur de leur valeur suppos\u00e9e.<\/p>\n<p>Mercato fatal<\/p>\n<p class=\"fig-paragraph\">Faute de moyens financiers, Montpellier a encore d\u00fb cet hiver compenser avec le transfert de ses meilleurs joueurs offensifs, Akor Adams, Arnaud Nordin et Mousa Tamari, un choix qui s\u2019est r\u00e9v\u00e9l\u00e9 fatal sportivement. Si Laurent Nicollin, successeur de son p\u00e8re +Loulou+, fondateur du club d\u00e9c\u00e9d\u00e9 en 2017, avait jusque-l\u00e0 un temps d\u2019avance dans sa gestion, il a cette fois couru en vain apr\u00e8s un destin qui lui \u00e9chappait.<\/p>\n<p class=\"fig-paragraph\">\u00abIl y a eu une faillite. Il y a eu une faillite de la direction, des coachs, des joueurs. C\u2019est un tout qui a fait que \u00e7a ne va pas. Le mal est profond. Ce n\u2019est pas que cette ann\u00e9e\u00bb, a-t-il ainsi expliqu\u00e9 lors de l\u2019intronisation de son nouvel entra\u00eeneur Zoumana Camara.<\/p>\n<p class=\"fig-paragraph\">Et, depuis la retraite du capitaine Vitorino Hilton en 2021, Montpellier n\u2019a jamais r\u00e9ussi \u00e0 renouveler les cadres de son vestiaire, cens\u00e9s accompagner les jeunes du centre de formation tout en assumant leurs responsabilit\u00e9s sur le terrain. Si le meneur de jeu et ancien capitaine T\u00e9ji Savanier a masqu\u00e9 longtemps certaines carences, il a sombr\u00e9 cette saison et son influence s\u2019est dilu\u00e9e. Les autres, Jordan Ferri, Wahbi Khazri ou Andy Delort, n\u2019ont jamais pris le relais.<\/p>\n<p>L\u2019\u00e9pisode Sakho<\/p>\n<p class=\"fig-paragraph\">\u00abIl y a des personnes qui ne sont pas dans un \u00e9tat d\u2019esprit irr\u00e9prochable. Il y a des personnes qui n\u2019ont plus et qui n\u2019auront plus \u00e0 porter le maillot de la Paillade parce qu\u2019elles ne sont pas repr\u00e9sentatives de ses valeurs. Les cadres ont faut\u00e9, les jeunes n\u2019ont pas su prendre le pouvoir\u00bb, a encore l\u00e2ch\u00e9 Nicollin, d\u00e9sireux de se s\u00e9parer de la plupart des trentenaires.<\/p>\n<p class=\"fig-paragraph\">Revenu aux commandes de l\u2019\u00e9quipe en f\u00e9vrier 2023, Michel Der Zakarian avait pourtant restaur\u00e9 un cadre de travail et de vie propice \u00e0 la performance, avant une altercation avec Mamadou Sakho qui a fragilis\u00e9 son pouvoir et rompu les liens avec son vestiaire. \u00abL\u2019\u00e9pisode Sakho a laiss\u00e9 beaucoup de traces sur le coach. Michel avait l\u00e2ch\u00e9 en d\u00e9but de saison. \u00c0 partir du moment o\u00f9 il a l\u00e2ch\u00e9, les joueurs ont l\u00e2ch\u00e9, tout le monde a l\u00e2ch\u00e9. J\u2019ai essay\u00e9, mais je n\u2019ai pas r\u00e9ussi \u00e0 trouver les leviers\u00bb, a encore r\u00e9cemment racont\u00e9 Nicollin.<\/p>\n<p class=\"fig-paragraph\">Der Zakarian a \u00e9t\u00e9 \u00e9cart\u00e9 apr\u00e8s la d\u00e9b\u00e2cle (5-0) \u00e0 domicile devant Marseille, le 20 octobre, et son successeur Jean-Louis Gasset, tout aussi exp\u00e9riment\u00e9, n\u2019a pas non plus trouv\u00e9 la cl\u00e9 pour remettre d\u2019aplomb une \u00e9quipe d\u00e9faillante physiquement et mentalement.<\/p>\n<p class=\"fig-paragraph\">Juste avant la tr\u00eave, elle a chut\u00e9 dans de rares profondeurs (4-0) en 32e de finale de la Coupe de France face au Puy-en-Velay, un club de National 2 (4e division). Le symbole de la d\u00e9liquescence et de la chute libre d\u2019un club qui semblait \u00eatre une valeur s\u00fbre de la L1.<\/p>\n","protected":false},"excerpt":{"rendered":"Apr\u00e8s le match nul entre Le Havre et Monaco, Montpellier est officiellement rel\u00e9gu\u00e9 en Ligue 2. Champion de&hellip;\n","protected":false},"author":2,"featured_media":55124,"comment_status":"","ping_status":"","sticky":false,"template":"","format":"standard","meta":{"footnotes":""},"categories":[1412],"tags":[525,1981,814,1451,2257,63,1452,1453,1454,1455,1011,27,3309,66,446,1307,955,463,1176,978,93,1980,60],"class_list":{"0":"post-55123","1":"post","2":"type-post","3":"status-publish","4":"format-standard","5":"has-post-thumbnail","7":"category-f1","8":"tag-calendrier","9":"tag-classement","10":"tag-direct","11":"tag-f1","12":"tag-foot","13":"tag-football","14":"tag-formula-1","15":"tag-formula1","16":"tag-formule-1","17":"tag-formule1","18":"tag-fr","19":"tag-france","20":"tag-l1","21":"tag-ligue-1","22":"tag-ligue-2","23":"tag-lille","24":"tag-match","25":"tag-mhsc","26":"tag-olympique-de-marseille","27":"tag-olympique-lyonnais","28":"tag-psg","29":"tag-resultats","30":"tag-sports"},"share_on_mastodon":{"url":"https:\/\/pubeurope.com\/@fr\/114405939853487921","error":""},"_links":{"self":[{"href":"https:\/\/www.europesays.com\/fr\/wp-json\/wp\/v2\/posts\/55123","targetHints":{"allow":["GET"]}}],"collection":[{"href":"https:\/\/www.europesays.com\/fr\/wp-json\/wp\/v2\/posts"}],"about":[{"href":"https:\/\/www.europesays.com\/fr\/wp-json\/wp\/v2\/types\/post"}],"author":[{"embeddable":true,"href":"https:\/\/www.europesays.com\/fr\/wp-json\/wp\/v2\/users\/2"}],"replies":[{"embeddable":true,"href":"https:\/\/www.europesays.com\/fr\/wp-json\/wp\/v2\/comments?post=55123"}],"version-history":[{"count":0,"href":"https:\/\/www.europesays.com\/fr\/wp-json\/wp\/v2\/posts\/55123\/revisions"}],"wp:featuredmedia":[{"embeddable":true,"href":"https:\/\/www.europesays.com\/fr\/wp-json\/wp\/v2\/media\/55124"}],"wp:attachment":[{"href":"https:\/\/www.europesays.com\/fr\/wp-json\/wp\/v2\/media?parent=55123"}],"wp:term":[{"taxonomy":"category","embeddable":true,"href":"https:\/\/www.europesays.com\/fr\/wp-json\/wp\/v2\/categories?post=55123"},{"taxonomy":"post_tag","embeddable":true,"href":"https:\/\/www.europesays.com\/fr\/wp-json\/wp\/v2\/tags?post=55123"}],"curies":[{"name":"wp","href":"https:\/\/api.w.org\/{rel}","templated":true}]}}