{"id":551236,"date":"2025-11-22T11:46:22","date_gmt":"2025-11-22T11:46:22","guid":{"rendered":"https:\/\/www.europesays.com\/fr\/551236\/"},"modified":"2025-11-22T11:46:22","modified_gmt":"2025-11-22T11:46:22","slug":"usa-marjorie-taylor-greene-figure-du-mouvement-maga-va-demissionner","status":"publish","type":"post","link":"https:\/\/www.europesays.com\/fr\/551236\/","title":{"rendered":"USA-Marjorie Taylor Greene, figure du mouvement MAGA, va d\u00e9missionner"},"content":{"rendered":"<p>WASHINGTON (Reuters) -Marjorie Taylor Greene, une des plus virulentes repr\u00e9sentantes du mouvement \u00ab\u00a0Make America Great Again\u00a0\u00bb au Congr\u00e8s am\u00e9ricain, a annonc\u00e9 vendredi qu&rsquo;elle d\u00e9missionnait de son mandat de d\u00e9put\u00e9 \u00e0 la Chambre des repr\u00e9sentants.<\/p>\n<p>\n              Dans un long message diffus\u00e9 sur les r\u00e9seaux sociaux, Marjorie Taylor Greene a indiqu\u00e9 qu&rsquo;elle quitterait ses fonctions le 5 janvier.<\/p>\n<p>\n              Marjorie Taylor Greene a \u00e9merg\u00e9 sur la sc\u00e8ne politique en tant que fervente partisane de Donald Trump, mais elle a multipli\u00e9 ces derni\u00e8res semaines les critiques envers la Maison Blanche et des responsables du parti r\u00e9publicain ce qui a pouss\u00e9 le pr\u00e9sident am\u00e9ricain \u00e0 lui retirer son soutien plus t\u00f4t ce mois-ci. <\/p>\n<p>\n               (Kanishka Singh \u00e0 Washington; version fran\u00e7aise Camille Raynaud)<\/p>\n","protected":false},"excerpt":{"rendered":"WASHINGTON (Reuters) -Marjorie Taylor Greene, une des plus virulentes repr\u00e9sentantes du mouvement \u00ab\u00a0Make America Great Again\u00a0\u00bb au Congr\u00e8s&hellip;\n","protected":false},"author":2,"featured_media":551237,"comment_status":"","ping_status":"","sticky":false,"template":"","format":"standard","meta":{"footnotes":""},"categories":[1589],"tags":[11,340,73,1866,12,1864,1865,1863,308],"class_list":{"0":"post-551236","1":"post","2":"type-post","3":"status-publish","4":"format-standard","5":"has-post-thumbnail","7":"category-etats-unis","8":"tag-actualites","9":"tag-bourse","10":"tag-etats-unis","11":"tag-etats-unis-damerique","12":"tag-news","13":"tag-united-states","14":"tag-united-states-of-america","15":"tag-us","16":"tag-usa"},"share_on_mastodon":{"url":"https:\/\/pubeurope.com\/@fr\/115593188760024480","error":""},"_links":{"self":[{"href":"https:\/\/www.europesays.com\/fr\/wp-json\/wp\/v2\/posts\/551236","targetHints":{"allow":["GET"]}}],"collection":[{"href":"https:\/\/www.europesays.com\/fr\/wp-json\/wp\/v2\/posts"}],"about":[{"href":"https:\/\/www.europesays.com\/fr\/wp-json\/wp\/v2\/types\/post"}],"author":[{"embeddable":true,"href":"https:\/\/www.europesays.com\/fr\/wp-json\/wp\/v2\/users\/2"}],"replies":[{"embeddable":true,"href":"https:\/\/www.europesays.com\/fr\/wp-json\/wp\/v2\/comments?post=551236"}],"version-history":[{"count":0,"href":"https:\/\/www.europesays.com\/fr\/wp-json\/wp\/v2\/posts\/551236\/revisions"}],"wp:featuredmedia":[{"embeddable":true,"href":"https:\/\/www.europesays.com\/fr\/wp-json\/wp\/v2\/media\/551237"}],"wp:attachment":[{"href":"https:\/\/www.europesays.com\/fr\/wp-json\/wp\/v2\/media?parent=551236"}],"wp:term":[{"taxonomy":"category","embeddable":true,"href":"https:\/\/www.europesays.com\/fr\/wp-json\/wp\/v2\/categories?post=551236"},{"taxonomy":"post_tag","embeddable":true,"href":"https:\/\/www.europesays.com\/fr\/wp-json\/wp\/v2\/tags?post=551236"}],"curies":[{"name":"wp","href":"https:\/\/api.w.org\/{rel}","templated":true}]}}