{"id":551238,"date":"2025-11-22T11:47:12","date_gmt":"2025-11-22T11:47:12","guid":{"rendered":"https:\/\/www.europesays.com\/fr\/551238\/"},"modified":"2025-11-22T11:47:12","modified_gmt":"2025-11-22T11:47:12","slug":"chaos-et-confusion-au-royaume-uni-avant-la-presentation-du-prochain-budget","status":"publish","type":"post","link":"https:\/\/www.europesays.com\/fr\/551238\/","title":{"rendered":"\u201cChaos et confusion\u201d au Royaume-Uni avant la pr\u00e9sentation du prochain budget"},"content":{"rendered":"\n<p>\u201cD\u00e9chets toxiques\u201d, <a class=\"ithalc\" data-ithal=\"lien_externe\" data-ithalc=\"[nav_article]\" target=\"_blank\" href=\"https:\/\/www.spectator.co.uk\/article\/its-time-to-dispose-of-the-budget\/\" rel=\"noopener\">titre <strong>The Spectator<\/strong><\/a> sur sa une du 22\u00a0novembre, sous une illustration frappante\u00a0: Rachel Reeves, la ministre des Finances travailliste, en combinaison antiradiation, tente de soulever la mallette rouge du minist\u00e8re d\u00e9goulinant d\u2019un vert maladif. Derri\u00e8re le masque, un regard las, entre r\u00e9signation et d\u00e9go\u00fbt. Pour le magazine conservateur, alors que le prochain budget du Royaume-Uni doit \u00eatre pr\u00e9sent\u00e9 mercredi 26\u00a0novembre, c\u2019est tout son appareil budg\u00e9taire qui chancelle.<\/p>\n<p>Selon l\u2019hebdomadaire, Reeves et son \u00e9quipe ont multipli\u00e9 pendant des mois les annonces contradictoires, provoquant \u201cchaos et confusion\u201d. Projets de hausses d\u2019imp\u00f4ts sur les propri\u00e9t\u00e9s de luxe, retraites, \u00e9pargne, jeux d\u2019argent ou partenariats d\u2019affaires\u00a0: tout a \u00e9t\u00e9 \u201c\u00e9voqu\u00e9, divulgu\u00e9, pr\u00e9sent\u00e9\u2026 Affaiblissant l\u2019\u00e9conomie et compliquant la t\u00e2che de la ministre\u201d. Cette instabilit\u00e9 a eu des r\u00e9percussions imm\u00e9diates sur les march\u00e9s, r\u00e9sume The Spectator, qui d\u00e9taille l\u2019effet de chaque revirement sur les taux des obligations d\u2019\u00c9tat.<\/p>\n<p>               Constat s\u00e9v\u00e8re       <\/p>\n<p>\u201cLorsque le gouvernement a renonc\u00e9 \u00e0 r\u00e9duire les allocations d\u2019invalidit\u00e9, ces taux ont de nouveau grimp\u00e9, ce qui repr\u00e9sente plus de 5\u00a0milliards de livres sterling [5,68\u00a0milliards d\u2019euros] suppl\u00e9mentaires en int\u00e9r\u00eats. [\u2026] Puis, lorsque le <a href=\"https:\/\/www.courrierinternational.com\/notule-source\/financial-times\" target=\"_blank\" rel=\"noopener\">Financial Times<\/a> a r\u00e9v\u00e9l\u00e9 que les hausses d\u2019imp\u00f4ts sur le revenu n\u2019\u00e9taient plus \u00e0 l\u2019ordre du jour, les taux ont de nouveau bondi, enregistrant leur plus forte hausse depuis juillet, ce qui repr\u00e9sente cette fois-ci 5,5\u00a0milliards de livres [6,25\u00a0milliards d\u2019euros] suppl\u00e9mentaires en paiements d\u2019int\u00e9r\u00eats futurs.\u201d<\/p>\n<p>\u00c0 travers ces chiffres, le magazine dresse un constat s\u00e9v\u00e8re\u00a0: chaque h\u00e9sitation contamine un peu plus une \u00e9conomie fragile. Le probl\u00e8me d\u00e9passe la strat\u00e9gie fiscale et touche \u00e0 la cr\u00e9dibilit\u00e9 m\u00eame du gouvernement, le rituel budg\u00e9taire actuel ne fonctionnant plus. Tant que la politique fiscale restera expos\u00e9e \u00e0 un cycle permanent de sp\u00e9culations, la mallette rouge continuera de fuir, empoisonnant le climat \u00e9conomique. Et The Spectator de conclure avec ironie\u00a0: \u201cLa tradition que Reeves doit vraiment r\u00e9tablir, c\u2019est celle de boire de l\u2019alcool fort dans la Chambre des communes. Mercredi [26\u00a0novembre], nous en aurons tous besoin.\u201d<\/p>\n","protected":false},"excerpt":{"rendered":"\u201cD\u00e9chets toxiques\u201d, titre The Spectator sur sa une du 22\u00a0novembre, sous une illustration frappante\u00a0: Rachel Reeves, la ministre&hellip;\n","protected":false},"author":2,"featured_media":551239,"comment_status":"","ping_status":"","sticky":false,"template":"","format":"standard","meta":{"footnotes":""},"categories":[1588],"tags":[11,1777,674,590,12,316,473,1853,2542,1851,22336,1850,1852],"class_list":{"0":"post-551238","1":"post","2":"type-post","3":"status-publish","4":"format-standard","5":"has-post-thumbnail","7":"category-royaume-uni","8":"tag-actualites","9":"tag-eu","10":"tag-europe","11":"tag-finance","12":"tag-news","13":"tag-politique","14":"tag-royaume-uni","15":"tag-royaume-uni-de-grande-bretagne-et-dirlande-du-nord","16":"tag-u00e9conomie","17":"tag-uk","18":"tag-une-du-jour","19":"tag-united-kingdom","20":"tag-united-kingdom-of-great-britain-and-northern-ireland"},"share_on_mastodon":{"url":"https:\/\/pubeurope.com\/@fr\/115593192717855564","error":""},"_links":{"self":[{"href":"https:\/\/www.europesays.com\/fr\/wp-json\/wp\/v2\/posts\/551238","targetHints":{"allow":["GET"]}}],"collection":[{"href":"https:\/\/www.europesays.com\/fr\/wp-json\/wp\/v2\/posts"}],"about":[{"href":"https:\/\/www.europesays.com\/fr\/wp-json\/wp\/v2\/types\/post"}],"author":[{"embeddable":true,"href":"https:\/\/www.europesays.com\/fr\/wp-json\/wp\/v2\/users\/2"}],"replies":[{"embeddable":true,"href":"https:\/\/www.europesays.com\/fr\/wp-json\/wp\/v2\/comments?post=551238"}],"version-history":[{"count":0,"href":"https:\/\/www.europesays.com\/fr\/wp-json\/wp\/v2\/posts\/551238\/revisions"}],"wp:featuredmedia":[{"embeddable":true,"href":"https:\/\/www.europesays.com\/fr\/wp-json\/wp\/v2\/media\/551239"}],"wp:attachment":[{"href":"https:\/\/www.europesays.com\/fr\/wp-json\/wp\/v2\/media?parent=551238"}],"wp:term":[{"taxonomy":"category","embeddable":true,"href":"https:\/\/www.europesays.com\/fr\/wp-json\/wp\/v2\/categories?post=551238"},{"taxonomy":"post_tag","embeddable":true,"href":"https:\/\/www.europesays.com\/fr\/wp-json\/wp\/v2\/tags?post=551238"}],"curies":[{"name":"wp","href":"https:\/\/api.w.org\/{rel}","templated":true}]}}