{"id":551242,"date":"2025-11-22T11:49:17","date_gmt":"2025-11-22T11:49:17","guid":{"rendered":"https:\/\/www.europesays.com\/fr\/551242\/"},"modified":"2025-11-22T11:49:17","modified_gmt":"2025-11-22T11:49:17","slug":"face-a-vladimir-poutine-et-xi-jinping-leurope-est-en-guerre-et-elle-ne-le-sait-pas-lexpress","status":"publish","type":"post","link":"https:\/\/www.europesays.com\/fr\/551242\/","title":{"rendered":"Face \u00e0 Vladimir Poutine et Xi Jinping, l\u2019Europe est en guerre&#8230; et elle ne le sait pas \u2013 L&rsquo;Express"},"content":{"rendered":"<p class=\"paragraph article-body-paragraph article__item   article-body-paragraph--first \">Les Norv\u00e9giens viennent de descendre un bus \u00e9lectrique \u00ab\u00a0made in China\u00a0\u00bb dans les tr\u00e9fonds d\u2019une mine sous une montagne pour tester, sans interf\u00e9rence ext\u00e9rieure, la possibilit\u00e9 qu\u2019il soit rendu inop\u00e9rant par une action t\u00e9l\u00e9command\u00e9e. Bingo ! <a href=\"https:\/\/ruter.no\/en\/ruter-with-extensive-security-testing-of-electric-buses\" rel=\"nofollow noopener\" target=\"_blank\">Ils ont d\u00e9couvert qu\u2019une simple carte SIM permet au constructeur Yutong<\/a>, ou \u00e0 un hacker ayant p\u00e9n\u00e9tr\u00e9 son syst\u00e8me informatique, d\u2019actualiser le logiciel du bus depuis son quartier g\u00e9n\u00e9ral de Zhengzhou et donc, en th\u00e9orie, de stopper le v\u00e9hicule \u00e0 volont\u00e9.<\/p>\n<p class=\"paragraph article-body-paragraph article__item   \">L\u2019affaire a suscit\u00e9 la panique au Danemark et au Royaume-Uni, qui utilisent eux aussi des bus Yutong pour leurs transports publics. Elle est symptomatique de l\u2019innocence et de la na\u00efvet\u00e9 des Europ\u00e9ens face aux menaces pos\u00e9es par les puissances autoritaires. <a href=\"https:\/\/www.lexpress.fr\/monde\/ingerences-russes-en-europe-les-guerres-secretes-de-poutine-5HWNPPQTUVHGBAH73OU6VD23HE\/\" target=\"_self\" rel=\"nofollow noopener\" title=\"https:\/\/www.lexpress.fr\/monde\/ingerences-russes-en-europe-les-guerres-secretes-de-poutine-5HWNPPQTUVHGBAH73OU6VD23HE\/\">L\u2019Europe est la cible d\u2019une guerre secr\u00e8te qui bat son plein<\/a>. Beaucoup de ses responsables politiques et de ses habitants l\u2019ignorent ou ne veulent pas la voir.<\/p>\n<p><strong class=\"article-body-link-list__item text-gray-800 article-body-link-list__item--one-item\">LIRE AUSSI : <a class=\"article-body-link-list__item-link\" href=\"https:\/\/www.lexpress.fr\/monde\/ingerences-russes-en-europe-les-guerres-secretes-de-poutine-5HWNPPQTUVHGBAH73OU6VD23HE\/\" rel=\"nofollow noopener\" target=\"_blank\">Ing\u00e9rences russes en Europe : les guerres secr\u00e8tes de Poutine<\/a><\/strong><\/p>\n<p class=\"paragraph article-body-paragraph article__item   \">En t\u00e9moignent <a href=\"https:\/\/www.lexpress.fr\/societe\/accepter-de-perdre-nos-enfants-les-propos-chocs-du-chef-detat-major-des-armees-font-polemique-UJCMKJZD2FBUFCWHNRHULW2YG4\/\" target=\"_self\" rel=\"nofollow noopener\" title=\"https:\/\/www.lexpress.fr\/societe\/accepter-de-perdre-nos-enfants-les-propos-chocs-du-chef-detat-major-des-armees-font-polemique-UJCMKJZD2FBUFCWHNRHULW2YG4\/\">les r\u00e9actions outrag\u00e9es<\/a> qui ont suivi ces derniers jours <a href=\"https:\/\/www.lexpress.fr\/societe\/accepter-de-perdre-nos-enfants-les-propos-chocs-du-chef-detat-major-des-armees-font-polemique-UJCMKJZD2FBUFCWHNRHULW2YG4\/\" target=\"_self\" rel=\"nofollow noopener\" title=\"https:\/\/www.lexpress.fr\/societe\/accepter-de-perdre-nos-enfants-les-propos-chocs-du-chef-detat-major-des-armees-font-polemique-UJCMKJZD2FBUFCWHNRHULW2YG4\/\">les propos du chef d\u2019\u00e9tat-major des arm\u00e9es fran\u00e7aises, le g\u00e9n\u00e9ral Fabien Mandon<\/a>, sur la n\u00e9cessaire \u00ab\u00a0force d\u2019\u00e2me pour accepter de nous faire mal pour prot\u00e9ger ce que l\u2019on est\u00a0\u00bb, y compris le cas \u00e9ch\u00e9ant en acceptant de \u00ab\u00a0perdre ses enfants\u00a0\u00bb. Rien que de banal pour un chef militaire charg\u00e9 de d\u00e9fendre la nation en temps de guerre contre les malfaisants qui la prennent pour cible.<\/p>\n<p class=\"paragraph article-body-paragraph article__item   \">Car l\u2019histoire des bus Yutong n\u2019est qu\u2019un exemple parmi des dizaines d\u2019autres. Le mois dernier, un groupe de parlementaires europ\u00e9ens a alert\u00e9 la Commission europ\u00e9enne sur la d\u00e9couverte de dispositifs de communication dans des onduleurs chinois utilis\u00e9s dans des panneaux photovolta\u00efques. Il serait ainsi possible \u00e0 P\u00e9kin d\u2019utiliser cette faille de s\u00e9curit\u00e9 pour provoquer un \u00ab\u00a0crash\u00a0\u00bb soudain de nos r\u00e9seaux \u00e9lectriques et paralyser, le jour o\u00f9 le Parti communiste chinois le jugera n\u00e9cessaire, une bonne partie du Vieux Continent.<\/p>\n<\/p>\n<p>\u00ab\u00a0Les bombes hybrides\u00a0\u00bb de la Russie<\/p>\n<p class=\"paragraph article-body-paragraph article__item   \">La Chine se contente pour l\u2019instant de poser des jalons mais la Russie, elle, est d\u00e9j\u00e0 pass\u00e9e \u00e0 un mode d\u2019action beaucoup plus agressif. <a href=\"https:\/\/www.lexpress.fr\/monde\/ingerences-russes-en-europe-les-guerres-secretes-de-poutine-5HWNPPQTUVHGBAH73OU6VD23HE\/\" target=\"_self\" rel=\"nofollow noopener\" title=\"https:\/\/www.lexpress.fr\/monde\/ingerences-russes-en-europe-les-guerres-secretes-de-poutine-5HWNPPQTUVHGBAH73OU6VD23HE\/\">Moscou multiplie les actes hostiles sur le sol europ\u00e9en<\/a> : sabotages d\u2019infrastructures essentielles, campagnes de d\u00e9sinformation, attaques cyber, tentatives d\u2019assassinats cibl\u00e9s, actes de d\u00e9stabilisation\u2026 Dernier incident grave en date, l\u2019attentat \u00e0 l\u2019explosif qui a endommag\u00e9 le 16 novembre la ligne de chemin de fer reliant Varsovie \u00e0 Lublin en Pologne, utilis\u00e9e pour acheminer l\u2019aide militaire en Ukraine. La main de Moscou ne fait aucun doute aux yeux des enqu\u00eateurs.<\/p>\n<p class=\"paragraph article-body-paragraph article__item   \">M\u00eame le ministre de la D\u00e9fense de <a href=\"https:\/\/www.lexpress.fr\/monde\/europe\/economie-immigration-giorgia-meloni-son-vrai-bilan-a-la-tete-de-litalie-NM3F4OQ64RGGNOFF3I47BB5TUU\/\" target=\"_self\" rel=\"nofollow noopener\" title=\"https:\/\/www.lexpress.fr\/monde\/europe\/economie-immigration-giorgia-meloni-son-vrai-bilan-a-la-tete-de-litalie-NM3F4OQ64RGGNOFF3I47BB5TUU\/\">Giorgia Meloni<\/a>, membre d\u2019un gouvernement pourtant peu suspect de russophobie, s\u2019est inqui\u00e9t\u00e9 <a href=\"https:\/\/www.difesa.it\/assets\/allegati\/83696\/non-paper_il_contrasto_alla_guerra_ibrida.pdf\" target=\"_self\" rel=\"nofollow noopener\" title=\"https:\/\/www.difesa.it\/assets\/allegati\/83696\/non-paper_il_contrasto_alla_guerra_ibrida.pdf\">dans un m\u00e9morandum publi\u00e9 cette semaine<\/a> de la passivit\u00e9 \u00ab\u00a0absurde\u00a0\u00bb des Europ\u00e9ens face \u00e0 la guerre hybride qui les vise. \u00ab\u00a0Les bombes hybrides tombent sans discontinuer ; il est temps d\u2019agir\u00a0\u00bb \u00e9crit Guido Crosetto, qui place la Russie au premier rang des coupables. Dans ce type de conflits, l\u2019agresseur prend soin de rester en dessous du seuil \u00e0 partir duquel l\u2019agress\u00e9 serait oblig\u00e9 de r\u00e9agir. Cela contribue \u00e0 anesth\u00e9sier les opinions publiques. \u00ab\u00a0Si nous \u00e9tions attaqu\u00e9s par des envahisseurs, nous ne nous contenterions pas de rester \u00e0 la maison en esp\u00e9rant qu\u2019ils s\u2019en aillent\u00a0\u00bb, observe Crosetto.<\/p>\n<p><strong class=\"article-body-link-list__item text-gray-800 article-body-link-list__item--one-item\">LIRE AUSSI : <a class=\"article-body-link-list__item-link\" href=\"https:\/\/www.lexpress.fr\/idees-et-debats\/andrei-soldatov-les-services-russes-preparent-deja-la-suite-de-la-guerre-contre-loccident-C5XCODXU7BC7VDB4JFLKLFYJE4\/\" rel=\"nofollow noopener\" target=\"_blank\">\u00ab\u00a0Les services russes pr\u00e9parent d\u00e9j\u00e0 la suite de la guerre contre l\u2019Occident\u00a0\u00bb<\/a><\/strong><\/p>\n<p class=\"paragraph article-body-paragraph article__item   \">Les Europ\u00e9ens ressemblent \u00e0 l\u2019ennemi qui ignore qu\u2019il l\u2019est, d\u00e9crit par l\u2019humoriste fran\u00e7ais Pierre Desproges en 1984 : \u00ab\u00a0L\u2019ennemi est sot ; il croit que c\u2019est nous l\u2019ennemi alors que c\u2019est lui\u00a0\u00bb. Si l\u2019Europe a le plus grand mal \u00e0 concevoir qu\u2019elle est attaqu\u00e9e, c\u2019est qu\u2019elle se voit comme une puissance pacifique. Depuis le cataclysme de la Seconde Guerre mondiale, elle s\u2019est \u00e9difi\u00e9e contre le nationalisme. Elle qui a colonis\u00e9 le monde aux si\u00e8cles pass\u00e9s a renonc\u00e9 \u00e0 tout imp\u00e9rialisme. Son mode de fonctionnement est fond\u00e9 sur le respect du droit et la fabrique du compromis.<\/p>\n<p class=\"paragraph article-body-paragraph article__item    article__text__endpicto\">Or, c\u2019est pr\u00e9cis\u00e9ment pour cela qu\u2019elle est prise pour cible. Son succ\u00e8s d\u00e9range. Sa d\u00e9mocratie, sa libert\u00e9, sa civilisation sont vis\u00e9es, parce que le simple fait qu\u2019elles suscitent des envies est consid\u00e9r\u00e9 comme une menace par les autocrates, qu\u2019ils soient russes, chinois, iraniens ou encore azerba\u00efdjanais &#8211; sans oublier les islamistes. Aux yeux de beaucoup de puissances haineuses sur la plan\u00e8te, y compris dans la sph\u00e8re Maga de l\u2019Am\u00e9rique trumpienne, l\u2019ennemi, ce sont les Europ\u00e9ens. Pour riposter, ceux-ci devront passer du pacifisme militant \u00e0 une posture de dissuasion qui soit cr\u00e9dible. Car pour pr\u00e9server la paix dans un monde de brutes, il faut pr\u00e9parer la guerre, comme on le sait depuis l\u2019Antiquit\u00e9.<\/p>\n<p>.<\/p>\n","protected":false},"excerpt":{"rendered":"Les Norv\u00e9giens viennent de descendre un bus \u00e9lectrique \u00ab\u00a0made in China\u00a0\u00bb dans les tr\u00e9fonds d\u2019une mine sous une&hellip;\n","protected":false},"author":2,"featured_media":551243,"comment_status":"","ping_status":"","sticky":false,"template":"","format":"standard","meta":{"footnotes":""},"categories":[1586],"tags":[11,1777,674,1011,27,74,12,25],"class_list":{"0":"post-551242","1":"post","2":"type-post","3":"status-publish","4":"format-standard","5":"has-post-thumbnail","7":"category-europe","8":"tag-actualites","9":"tag-eu","10":"tag-europe","11":"tag-fr","12":"tag-france","13":"tag-monde","14":"tag-news","15":"tag-republique-francaise"},"share_on_mastodon":{"url":"https:\/\/pubeurope.com\/@fr\/115593200511411080","error":""},"_links":{"self":[{"href":"https:\/\/www.europesays.com\/fr\/wp-json\/wp\/v2\/posts\/551242","targetHints":{"allow":["GET"]}}],"collection":[{"href":"https:\/\/www.europesays.com\/fr\/wp-json\/wp\/v2\/posts"}],"about":[{"href":"https:\/\/www.europesays.com\/fr\/wp-json\/wp\/v2\/types\/post"}],"author":[{"embeddable":true,"href":"https:\/\/www.europesays.com\/fr\/wp-json\/wp\/v2\/users\/2"}],"replies":[{"embeddable":true,"href":"https:\/\/www.europesays.com\/fr\/wp-json\/wp\/v2\/comments?post=551242"}],"version-history":[{"count":0,"href":"https:\/\/www.europesays.com\/fr\/wp-json\/wp\/v2\/posts\/551242\/revisions"}],"wp:featuredmedia":[{"embeddable":true,"href":"https:\/\/www.europesays.com\/fr\/wp-json\/wp\/v2\/media\/551243"}],"wp:attachment":[{"href":"https:\/\/www.europesays.com\/fr\/wp-json\/wp\/v2\/media?parent=551242"}],"wp:term":[{"taxonomy":"category","embeddable":true,"href":"https:\/\/www.europesays.com\/fr\/wp-json\/wp\/v2\/categories?post=551242"},{"taxonomy":"post_tag","embeddable":true,"href":"https:\/\/www.europesays.com\/fr\/wp-json\/wp\/v2\/tags?post=551242"}],"curies":[{"name":"wp","href":"https:\/\/api.w.org\/{rel}","templated":true}]}}