{"id":551244,"date":"2025-11-22T11:50:22","date_gmt":"2025-11-22T11:50:22","guid":{"rendered":"https:\/\/www.europesays.com\/fr\/551244\/"},"modified":"2025-11-22T11:50:22","modified_gmt":"2025-11-22T11:50:22","slug":"rencontre-avec-maria-tadeo-copresentatrice-de-la-nouvelle-emission-matinale-deuronews-europe-today","status":"publish","type":"post","link":"https:\/\/www.europesays.com\/fr\/551244\/","title":{"rendered":"Rencontre avec Maria Tadeo, copr\u00e9sentatrice de la nouvelle \u00e9mission matinale d&rsquo;Euronews, Europe Today"},"content":{"rendered":"<p>\n  Par&amp;nbsp<b>Euronews<\/b>\n<\/p>\n<p>\n         Publi\u00e9 le<br \/>\n            22\/11\/2025 &#8211; 10:46 UTC+1\n            <\/p>\n<p>Maria Tadeo, r\u00e9dactrice en chef pour l&rsquo;Union europ\u00e9enne, sera l&rsquo;un des visages d&rsquo;Europe Today \u00e0 partir de lundi, \u00e0 l&rsquo;occasion du lancement par Euronews de son nouveau programme phare de la matin\u00e9e, qui vous tiendra au courant des principaux \u00e9v\u00e9nements de la journ\u00e9e.<\/p>\n<p>Cette correspondante de longue date, bas\u00e9e \u00e0 Bruxelles, poss\u00e8de plus d&rsquo;une d\u00e9cennie d&rsquo;exp\u00e9rience en mati\u00e8re de reportages sur l&rsquo;Union europ\u00e9enne, notamment sur les sommets de l&rsquo;OTAN, les r\u00e9unions du G7 et les principales \u00e9lections qui se sont d\u00e9roul\u00e9es sur le continent.<\/p>\n<p>Dans le cadre de l&rsquo;\u00e9mission Europe Today, Tadeo vous pr\u00e9sentera les principaux \u00e9v\u00e9nements de la journ\u00e9e ainsi qu&rsquo;une analyse cruciale de tous les sujets qui fa\u00e7onnent l&rsquo;Union europ\u00e9enne et au-del\u00e0.<\/p>\n<p>\u00ab\u00a0L&rsquo;\u00e9mission est ax\u00e9e sur l&rsquo;esprit du temps\u00a0\u00bb, explique-t-elle. \u00ab\u00a0C&rsquo;est mon obsession. Quelle est l&rsquo;histoire, qu&rsquo;est-ce qui est important et comment les points se rejoignent-ils ?\u00a0\u00bb<\/p>\n<p>Europe Today se concentrera sur trois sujets principaux chaque matin dans ce que Tadeo appelle un \u00ab\u00a0format compact, simple et direct\u00a0\u00bb combinant des informations, des analyses et des entretiens avec des personnalit\u00e9s de premier plan.<\/p>\n<p>Elle promet \u00e9galement des informations en direct, des discussions anim\u00e9es et des interviews cl\u00e9s avec des dirigeants et des responsables politiques europ\u00e9ens.<\/p>\n<p>\u00ab\u00a0Je ne suis pas le genre de journaliste qui d\u00e9l\u00e8gue les r\u00e9servations\u00a0\u00bb, a d\u00e9clar\u00e9 Tadeo. \u00ab\u00a0Je m&rsquo;occupe moi-m\u00eame de mes r\u00e9servations. J&rsquo;envoie des messages, des textos et des courriels toute la journ\u00e9e\u00a0\u00bb.<\/p>\n<p>\u00ab\u00a0J&rsquo;aime l&rsquo;agitation qui en d\u00e9coule, et l&rsquo;information est une affaire de personnes. Un geste, un moment humain, c&rsquo;est le pouvoir de la t\u00e9l\u00e9vision\u00a0\u00bb.<\/p>\n<p>L&rsquo;\u00e9mission r\u00e9unira les principaux d\u00e9cideurs et des personnalit\u00e9s du continent qui \u00ab\u00a0fa\u00e7onnent l&rsquo;air du temps europ\u00e9en\u00a0\u00bb pour des interviews de six minutes avec des questions rapides, pr\u00e9cises et percutantes, sans bluff, explique Tadeo qui partagera le plateau de Europe Today avec <a href=\"https:\/\/fr.euronews.com\/profils\/1628\" rel=\"nofollow noopener\" target=\"_blank\"><strong>M\u00e9abh Mc Mahon<\/strong><\/a>, d\u00e9j\u00e0 bien connue au public d&rsquo;Euronews.<\/p>\n<p>Ce lancement intervient alors que l&rsquo;Union europ\u00e9enne traverse ce que Maria Tadeo d\u00e9crit comme un moment existentiel. \u00ab\u00a0Je crois profond\u00e9ment que c&rsquo;est le moment o\u00f9 l&rsquo;Europe doit trouver comment rester pertinente ou devenir un vassal. Un vassal tr\u00e8s beau et tr\u00e8s chic, mais pas un acteur\u00a0\u00bb.<\/p>\n<p>\u00ab\u00a0L&rsquo;UE a connu cinq ann\u00e9es tr\u00e8s difficiles\u00a0\u00bb, a-t-elle expliqu\u00e9. \u00ab\u00a0L&rsquo;ancien manuel de jeu ne fonctionne plus et ils se d\u00e9m\u00e8nent pour en mettre un nouveau en place\u00a0\u00bb.<\/p>\n<p>Une vue compl\u00e8te de ce qui se passe \u00e0 Bruxelles<\/p>\n<p>Maria Tadeo combinera ses fonctions de pr\u00e9sentatrice avec son r\u00f4le de responsable de l&rsquo;information sur l&rsquo;UE pour <strong>Euronews<\/strong>, qui consiste \u00e0 g\u00e9rer les reporters et les correspondants de l&rsquo;UE dans les bureaux europ\u00e9ens de la cha\u00eene.<\/p>\n<p>Tadeo consid\u00e8re que son double r\u00f4le \u00e0 <strong>Euronews<\/strong> lui permet de mieux comprendre le paysage politique de la capitale de l&rsquo;Union europ\u00e9enne.<\/p>\n<p>\u00ab\u00a0J&rsquo;adore cela, car cela me permet d&rsquo;avoir une vue d&rsquo;ensemble de ce qui se passe \u00e0 Bruxelles\u00a0\u00bb, dit-elle.<\/p>\n<p>\u00ab\u00a0Dans la m\u00eame journ\u00e9e, vous pouvez avoir une r\u00e9union sur le commerce, tous les ministres des Finances de la zone euro en ville, trois briefings, une interview, avec un peu de chance quelque chose d&rsquo;exclusif, et une grande histoire politique venant du Parlement\u00a0\u00bb.<\/p>\n<p>Tadeo est dipl\u00f4m\u00e9e en journalisme avec mention tr\u00e8s bien de la City University de Londres et titulaire d&rsquo;une ma\u00eetrise en journalisme financier.<\/p>\n<p>Elle parle quatre langues et anime r\u00e9guli\u00e8rement des \u00e9v\u00e9nements politiques au Fonds mon\u00e9taire international, \u00e0 la Conf\u00e9rence de Munich sur la s\u00e9curit\u00e9 et au Forum \u00e9conomique de Bruxelles.<\/p>\n<p>Europe Today sera diffus\u00e9 les matins de la semaine avec la co-pr\u00e9sentatrice Meabh Mc Mahon dans le cadre de la strat\u00e9gie de programmation \u00e9largie d&rsquo;<strong>Euronews<\/strong>.<\/p>\n<p><strong>Euronews<\/strong> touche 400 millions de foyers dans 17 langues et dispose de bureaux dans toutes les grandes capitales europ\u00e9ennes.<\/p>\n","protected":false},"excerpt":{"rendered":"Par&amp;nbspEuronews Publi\u00e9 le 22\/11\/2025 &#8211; 10:46 UTC+1 Maria Tadeo, r\u00e9dactrice en chef pour l&rsquo;Union europ\u00e9enne, sera l&rsquo;un des&hellip;\n","protected":false},"author":2,"featured_media":551245,"comment_status":"","ping_status":"","sticky":false,"template":"","format":"standard","meta":{"footnotes":""},"categories":[1586],"tags":[11,2360,1777,24528,674,1779,1011,27,12,25,1778,364],"class_list":{"0":"post-551244","1":"post","2":"type-post","3":"status-publish","4":"format-standard","5":"has-post-thumbnail","7":"category-europe","8":"tag-actualites","9":"tag-bruxelles","10":"tag-eu","11":"tag-euronews","12":"tag-europe","13":"tag-european-union","14":"tag-fr","15":"tag-france","16":"tag-news","17":"tag-republique-francaise","18":"tag-ue","19":"tag-union-europeenne"},"share_on_mastodon":{"url":"https:\/\/pubeurope.com\/@fr\/115593204576407482","error":""},"_links":{"self":[{"href":"https:\/\/www.europesays.com\/fr\/wp-json\/wp\/v2\/posts\/551244","targetHints":{"allow":["GET"]}}],"collection":[{"href":"https:\/\/www.europesays.com\/fr\/wp-json\/wp\/v2\/posts"}],"about":[{"href":"https:\/\/www.europesays.com\/fr\/wp-json\/wp\/v2\/types\/post"}],"author":[{"embeddable":true,"href":"https:\/\/www.europesays.com\/fr\/wp-json\/wp\/v2\/users\/2"}],"replies":[{"embeddable":true,"href":"https:\/\/www.europesays.com\/fr\/wp-json\/wp\/v2\/comments?post=551244"}],"version-history":[{"count":0,"href":"https:\/\/www.europesays.com\/fr\/wp-json\/wp\/v2\/posts\/551244\/revisions"}],"wp:featuredmedia":[{"embeddable":true,"href":"https:\/\/www.europesays.com\/fr\/wp-json\/wp\/v2\/media\/551245"}],"wp:attachment":[{"href":"https:\/\/www.europesays.com\/fr\/wp-json\/wp\/v2\/media?parent=551244"}],"wp:term":[{"taxonomy":"category","embeddable":true,"href":"https:\/\/www.europesays.com\/fr\/wp-json\/wp\/v2\/categories?post=551244"},{"taxonomy":"post_tag","embeddable":true,"href":"https:\/\/www.europesays.com\/fr\/wp-json\/wp\/v2\/tags?post=551244"}],"curies":[{"name":"wp","href":"https:\/\/api.w.org\/{rel}","templated":true}]}}