{"id":551248,"date":"2025-11-22T11:52:20","date_gmt":"2025-11-22T11:52:20","guid":{"rendered":"https:\/\/www.europesays.com\/fr\/551248\/"},"modified":"2025-11-22T11:52:20","modified_gmt":"2025-11-22T11:52:20","slug":"jusqua-7-cm-de-neige-attendus-cette-nuit-toute-lile-de-france-placee-en-vigilance-orange","status":"publish","type":"post","link":"https:\/\/www.europesays.com\/fr\/551248\/","title":{"rendered":"Jusqu\u2019\u00e0 7\u00a0cm de neige attendus cette nuit\u2026 Toute l\u2019\u00cele-de-France plac\u00e9e en vigilance orange"},"content":{"rendered":"<p>La capitale devrait se r\u00e9veiller sous un manteau blanc ce dimanche matin. Dans la soir\u00e9e, <a href=\"https:\/\/www.20minutes.fr\/dossier\/neige\" class=\"c-link c-link--is-underlined\" target=\"_blank\" rel=\"noopener\">la neige<\/a> est attendue sur Paris et sur toute la r\u00e9gion \u00cele-de-France. Les huit d\u00e9partements ont \u00e9t\u00e9 plac\u00e9s en vigilance orange neige et verglas. Selon les pr\u00e9visions <a href=\"https:\/\/www.20minutes.fr\/dossier\/meteo_france\" class=\"c-link c-link--is-underlined\" target=\"_blank\" rel=\"noopener\">de M\u00e9t\u00e9o-France<\/a>, \u00ab\u00a0la tenue au sol est attendue avec 5 \u00e0 7\u00a0cm sur la moiti\u00e9 ouest de la r\u00e9gion parisienne et 2 \u00e0 5\u00a0cm sur la moiti\u00e9 est.\u00a0\u00bb<\/p>\n<p class=\"mb-xxl@xs color-ultramarine font-weight-semi-bold@xs font-source-serif-pro heading-s@xs\">L\u2019acc\u00e8s \u00e0 ce contenu a \u00e9t\u00e9 bloqu\u00e9 afin de respecter votre choix de consentement<\/p>\n<p class=\"mb-m@xs text-l@xs\">En cliquant sur\u00ab J\u2019accepte \u00bb, vous acceptez le d\u00e9p\u00f4t de cookies par des services externes et aurez ainsi acc\u00e8s aux contenus de nos partenaires.<\/p>\n<p class=\"mb-xl@xs text-s@xs\">Plus d\u2019informations sur la page<a href=\"https:\/\/www.20minutes.fr\/gestion-cookies\" class=\"mx-xxs@xs color-ultramarine\" target=\"_blank\" rel=\"noopener\">Politique de gestion des cookies<\/a><\/p>\n<p>J\u2019accepte<\/p>\n<p>A Paris et dans sa petite couronne, \u00ab\u00a01 \u00e0 2\u00a0cm de neige au sol sont attendus\u00a0\u00bb, ajoute M\u00e9t\u00e9o-France, qui pr\u00e9cise que la neige devrait \u00ab\u00a0fondre \u00e0 partir de la mi-journ\u00e9e dimanche \u00e0 la faveur d\u2019un net redoux.\u00a0\u00bb La vigilance s\u2019appliquera \u00e0 partir de 20\u00a0heures ce samedi et prendra fin dimanche matin \u00e0 8\u00a0heures.<\/p>\n<p>Neige et verglas aussi dans le Massif central<\/p>\n<p>Des chutes de neige sont \u00e9galement attendues cette nuit sur une large bande centrale du pays, <a href=\"https:\/\/www.20minutes.fr\/lille\/hauts-france\/\" class=\"c-link c-link--is-underlined\" target=\"_blank\" rel=\"noopener\">des Hauts-de-France<\/a> jusqu\u2019au sud du Massif central en passant par le Centre-Val-de-Loire et le Limousin. \u00ab\u00a0Sur l\u2019ouest du Massif central, on attend en soir\u00e9e et en cours de nuit prochaine de 3 \u00e0 6\u00a0cm de neige, suivie d\u2019un risque de pluie vergla\u00e7ante\u00a0\u00bb, pr\u00e9vient M\u00e9t\u00e9o-France.<\/p>\n<\/p>\n<p>En jaune pour l\u2019heure, le statut de vigilance des d\u00e9partements de l\u2019Auvergne pourrait d\u2019ailleurs \u00e9voluer dans les prochaines heures. <a href=\"https:\/\/www.20minutes.fr\/societe\/4187102-20251121-froid-neige-verglas-point-attend-week-end\" class=\"c-link c-link--is-underlined\" target=\"_blank\" rel=\"noopener\">Alors que le pays est touch\u00e9 par une masse d\u2019air froid<\/a>, les chutes de neige de ce samedi repr\u00e9sentent le premier \u00e9pisode neigeux de l\u2019hiver, d\u00e9crit comme \u00ab\u00a0assez bref\u00a0\u00bb mais pouvant \u00ab\u00a0impacter l\u2019activit\u00e9 humaine.\u00a0\u00bb<\/p>\n","protected":false},"excerpt":{"rendered":"La capitale devrait se r\u00e9veiller sous un manteau blanc ce dimanche matin. Dans la soir\u00e9e, la neige est&hellip;\n","protected":false},"author":2,"featured_media":551249,"comment_status":"","ping_status":"","sticky":false,"template":"","format":"standard","meta":{"footnotes":""},"categories":[2],"tags":[47,11,6733,1011,27,3447,811,662,8529,2487,2357,10584,12,626,25,104,66801,27202],"class_list":{"0":"post-551248","1":"post","2":"type-post","3":"status-publish","4":"format-standard","5":"has-post-thumbnail","7":"category-actualites","8":"tag-actualite","9":"tag-actualites","10":"tag-auvergne","11":"tag-fr","12":"tag-france","13":"tag-froid","14":"tag-hauts-de-france","15":"tag-ile-de-france","16":"tag-limousin","17":"tag-meteo","18":"tag-meteo-france","19":"tag-neige","20":"tag-news","21":"tag-paris","22":"tag-republique-francaise","23":"tag-societe","24":"tag-verglas","25":"tag-vigilance-orange"},"share_on_mastodon":{"url":"https:\/\/pubeurope.com\/@fr\/115593212417881572","error":""},"_links":{"self":[{"href":"https:\/\/www.europesays.com\/fr\/wp-json\/wp\/v2\/posts\/551248","targetHints":{"allow":["GET"]}}],"collection":[{"href":"https:\/\/www.europesays.com\/fr\/wp-json\/wp\/v2\/posts"}],"about":[{"href":"https:\/\/www.europesays.com\/fr\/wp-json\/wp\/v2\/types\/post"}],"author":[{"embeddable":true,"href":"https:\/\/www.europesays.com\/fr\/wp-json\/wp\/v2\/users\/2"}],"replies":[{"embeddable":true,"href":"https:\/\/www.europesays.com\/fr\/wp-json\/wp\/v2\/comments?post=551248"}],"version-history":[{"count":0,"href":"https:\/\/www.europesays.com\/fr\/wp-json\/wp\/v2\/posts\/551248\/revisions"}],"wp:featuredmedia":[{"embeddable":true,"href":"https:\/\/www.europesays.com\/fr\/wp-json\/wp\/v2\/media\/551249"}],"wp:attachment":[{"href":"https:\/\/www.europesays.com\/fr\/wp-json\/wp\/v2\/media?parent=551248"}],"wp:term":[{"taxonomy":"category","embeddable":true,"href":"https:\/\/www.europesays.com\/fr\/wp-json\/wp\/v2\/categories?post=551248"},{"taxonomy":"post_tag","embeddable":true,"href":"https:\/\/www.europesays.com\/fr\/wp-json\/wp\/v2\/tags?post=551248"}],"curies":[{"name":"wp","href":"https:\/\/api.w.org\/{rel}","templated":true}]}}